{"id":2872,"date":"2016-08-04T09:07:58","date_gmt":"2016-08-04T13:07:58","guid":{"rendered":"http:\/\/blogdalucianaoliveira.com.br\/blog\/?p=2872"},"modified":"2016-08-04T09:07:58","modified_gmt":"2016-08-04T13:07:58","slug":"purisso-nunca-se-deve-dexa-as-crianca-durmi-de-costa","status":"publish","type":"post","link":"http:\/\/blogdalucianaoliveira.com.br\/blog\/2016\/08\/04\/purisso-nunca-se-deve-dexa-as-crianca-durmi-de-costa\/","title":{"rendered":"Purisso nunca se deve dex\u00e1 as crian\u00e7a durmi de costa"},"content":{"rendered":"<p><img data-recalc-dims=\"1\" loading=\"lazy\" decoding=\"async\" data-attachment-id=\"2873\" data-permalink=\"http:\/\/blogdalucianaoliveira.com.br\/blog\/2016\/08\/04\/purisso-nunca-se-deve-dexa-as-crianca-durmi-de-costa\/image-660\/\" data-orig-file=\"https:\/\/i0.wp.com\/blogdalucianaoliveira.com.br\/blog\/wp-content\/uploads\/2016\/08\/image-29.jpeg?fit=330%2C498\" data-orig-size=\"330,498\" data-comments-opened=\"0\" data-image-meta=\"{&quot;aperture&quot;:&quot;0&quot;,&quot;credit&quot;:&quot;&quot;,&quot;camera&quot;:&quot;&quot;,&quot;caption&quot;:&quot;&quot;,&quot;created_timestamp&quot;:&quot;0&quot;,&quot;copyright&quot;:&quot;&quot;,&quot;focal_length&quot;:&quot;0&quot;,&quot;iso&quot;:&quot;0&quot;,&quot;shutter_speed&quot;:&quot;0&quot;,&quot;title&quot;:&quot;&quot;,&quot;orientation&quot;:&quot;0&quot;}\" data-image-title=\"image\" data-image-description=\"\" data-image-caption=\"\" data-medium-file=\"https:\/\/i0.wp.com\/blogdalucianaoliveira.com.br\/blog\/wp-content\/uploads\/2016\/08\/image-29.jpeg?fit=199%2C300\" data-large-file=\"https:\/\/i0.wp.com\/blogdalucianaoliveira.com.br\/blog\/wp-content\/uploads\/2016\/08\/image-29.jpeg?fit=330%2C498\" src=\"https:\/\/i0.wp.com\/blogdalucianaoliveira.com.br\/blog\/wp-content\/uploads\/2016\/08\/image-29.jpeg?resize=330%2C498\" alt=\"image\" width=\"330\" height=\"498\" class=\"alignnone size-full wp-image-2873\" srcset=\"https:\/\/i0.wp.com\/blogdalucianaoliveira.com.br\/blog\/wp-content\/uploads\/2016\/08\/image-29.jpeg?w=330 330w, https:\/\/i0.wp.com\/blogdalucianaoliveira.com.br\/blog\/wp-content\/uploads\/2016\/08\/image-29.jpeg?resize=199%2C300 199w\" sizes=\"auto, (max-width: 330px) 100vw, 330px\" \/><\/p>\n<p>A est\u00f3ria da mulher pisadeira<!--more--><\/p>\n<p>&#8220;Esta \u00e9 ua mui\u00e9 muito magra, que tem os dedos cumprido e seco cum cada unh\u00e3o! Tem as perna curta, cabelo desgadeiado, quexo revirado pra riba e nari magro munto arcado; sombranceia cerrado e z\u00f3io aceso&#8230; Quando a gente caba de ci\u00e1 e vai durmi logo, deitado de costa, ele desce do teiado e senta no peito da gente, arcano&#8230; arcano&#8230; a boca do est\u00e1mo&#8230; Purisso nunca se deve dex\u00e1 as crian\u00e7a durmi de costa.&#8221;<br \/>\n(Corn\u00e9lio Pires. Conversas ao p\u00e9 do fogo)<\/p>\n<p>&#8220;Ela vive pelos telhados, sempre \u00e0 espreita. Quando se janta e vai dormir com a barriga ainda cheia, deitando-se de barriga para cima, \u00e9 chegada a hora da pisadeira entrar em a\u00e7\u00e3o. Ela desce de seu esconderijo e senta-se ou pisa sobre o peito da pessoa adormecida. E pisa, que pisa, com um peso infernal. N\u00e3o h\u00e1 o que se possa fazer e o pior \u00e9 que, na verdade, a v\u00edtima tem consci\u00eancia de tudo o que est\u00e1 ocorrendo, pois entra em um estado let\u00e1rgico onde n\u00e3o est\u00e1 nem totalmente adormecida, nem acordada a ponto de se mover e despertar.<\/p>\n<p>A pisadeira \u00e9 uma mulher muito magra &#8212; Alceu Maynard Ara\u00fajo a descreve como uma negra gorda, muito pesada, &#8212; que tem os dedos compridos e secos, com unhas enormes, sujas e amareladas. As pernas s\u00e3o curtas e o cabelo desgrenhado. Um narig\u00e3o, magro e muito arcado como um gavi\u00e3o. Os olhos s\u00e3o vermelho fogo, malignos e arregalados. O queixo \u00e9 revirado para cima e a boca sempre escancarada, com dentes esverdeados e \u00e0 mostra. Nunca ri, gargalha. Uma gargalhada estridente e horripilante.<\/p>\n<p>\u00c9 mito de origem portuguesa que ocorre em S\u00e3o Paulo e parte de Minas Gerais. Entretanto, a cren\u00e7a que uma interven\u00e7\u00e3o mal\u00e9fica de um fantasma ou dem\u00f4nio seja a causa do pesadelo \u00e9 comum a quase todos os povos do planeta desde os tempos da Antig\u00fcidade. Em Portugal, \u00e9 o fradinho da m\u00e3o furada. No Nordeste brasileiro, os sertanejos acreditam numa velha ou num velho de barba branca que vem lhes arranhar o rosto durante o sono.&#8221;<\/p>\n<p>Fonte: Jangada Brasil <\/p>\n","protected":false},"excerpt":{"rendered":"<p>A est\u00f3ria da mulher pisadeira<\/p>\n","protected":false},"author":1,"featured_media":0,"comment_status":"closed","ping_status":"open","sticky":false,"template":"","format":"standard","meta":{"_exactmetrics_skip_tracking":false,"_exactmetrics_sitenote_active":false,"_exactmetrics_sitenote_note":"","_exactmetrics_sitenote_category":0,"jetpack_post_was_ever_published":false,"_jetpack_newsletter_access":"","_jetpack_dont_email_post_to_subs":false,"_jetpack_newsletter_tier_id":0,"_jetpack_memberships_contains_paywalled_content":false,"_jetpack_memberships_contains_paid_content":false,"footnotes":"","jetpack_publicize_message":"","jetpack_publicize_feature_enabled":true,"jetpack_social_post_already_shared":true,"jetpack_social_options":{"image_generator_settings":{"template":"highway","enabled":false},"version":2}},"categories":[1],"tags":[],"class_list":["post-2872","post","type-post","status-publish","format-standard","hentry","category-notas"],"jetpack_publicize_connections":[],"jetpack_sharing_enabled":true,"jetpack_featured_media_url":"","jetpack_shortlink":"https:\/\/wp.me\/p7wKYW-Kk","jetpack-related-posts":[],"_links":{"self":[{"href":"http:\/\/blogdalucianaoliveira.com.br\/blog\/wp-json\/wp\/v2\/posts\/2872","targetHints":{"allow":["GET"]}}],"collection":[{"href":"http:\/\/blogdalucianaoliveira.com.br\/blog\/wp-json\/wp\/v2\/posts"}],"about":[{"href":"http:\/\/blogdalucianaoliveira.com.br\/blog\/wp-json\/wp\/v2\/types\/post"}],"author":[{"embeddable":true,"href":"http:\/\/blogdalucianaoliveira.com.br\/blog\/wp-json\/wp\/v2\/users\/1"}],"replies":[{"embeddable":true,"href":"http:\/\/blogdalucianaoliveira.com.br\/blog\/wp-json\/wp\/v2\/comments?post=2872"}],"version-history":[{"count":1,"href":"http:\/\/blogdalucianaoliveira.com.br\/blog\/wp-json\/wp\/v2\/posts\/2872\/revisions"}],"predecessor-version":[{"id":2874,"href":"http:\/\/blogdalucianaoliveira.com.br\/blog\/wp-json\/wp\/v2\/posts\/2872\/revisions\/2874"}],"wp:attachment":[{"href":"http:\/\/blogdalucianaoliveira.com.br\/blog\/wp-json\/wp\/v2\/media?parent=2872"}],"wp:term":[{"taxonomy":"category","embeddable":true,"href":"http:\/\/blogdalucianaoliveira.com.br\/blog\/wp-json\/wp\/v2\/categories?post=2872"},{"taxonomy":"post_tag","embeddable":true,"href":"http:\/\/blogdalucianaoliveira.com.br\/blog\/wp-json\/wp\/v2\/tags?post=2872"}],"curies":[{"name":"wp","href":"https:\/\/api.w.org\/{rel}","templated":true}]}}