{"id":28753,"date":"2020-06-15T16:20:50","date_gmt":"2020-06-15T20:20:50","guid":{"rendered":"http:\/\/blogdalucianaoliveira.com.br\/blog\/?p=28753"},"modified":"2020-06-15T16:20:58","modified_gmt":"2020-06-15T20:20:58","slug":"lele-teles-sera-o-fim-da-era-bozozoica","status":"publish","type":"post","link":"http:\/\/blogdalucianaoliveira.com.br\/blog\/2020\/06\/15\/lele-teles-sera-o-fim-da-era-bozozoica\/","title":{"rendered":"Lel\u00ea Teles: SER\u00c1 O FIM DA ERA BOZOZOICA?"},"content":{"rendered":"\n<figure class=\"wp-block-image size-large\"><img data-recalc-dims=\"1\" loading=\"lazy\" decoding=\"async\" width=\"600\" height=\"379\" data-attachment-id=\"28754\" data-permalink=\"http:\/\/blogdalucianaoliveira.com.br\/blog\/2020\/06\/15\/lele-teles-sera-o-fim-da-era-bozozoica\/6b3ad614-84f0-4d61-91fe-daef8fd8cf8a\/\" data-orig-file=\"https:\/\/i0.wp.com\/blogdalucianaoliveira.com.br\/blog\/wp-content\/uploads\/2020\/06\/6B3AD614-84F0-4D61-91FE-DAEF8FD8CF8A.jpeg?fit=720%2C455\" data-orig-size=\"720,455\" data-comments-opened=\"0\" data-image-meta=\"{&quot;aperture&quot;:&quot;0&quot;,&quot;credit&quot;:&quot;&quot;,&quot;camera&quot;:&quot;&quot;,&quot;caption&quot;:&quot;&quot;,&quot;created_timestamp&quot;:&quot;0&quot;,&quot;copyright&quot;:&quot;&quot;,&quot;focal_length&quot;:&quot;0&quot;,&quot;iso&quot;:&quot;0&quot;,&quot;shutter_speed&quot;:&quot;0&quot;,&quot;title&quot;:&quot;&quot;,&quot;orientation&quot;:&quot;1&quot;}\" data-image-title=\"6B3AD614-84F0-4D61-91FE-DAEF8FD8CF8A\" data-image-description=\"\" data-image-caption=\"\" data-medium-file=\"https:\/\/i0.wp.com\/blogdalucianaoliveira.com.br\/blog\/wp-content\/uploads\/2020\/06\/6B3AD614-84F0-4D61-91FE-DAEF8FD8CF8A.jpeg?fit=300%2C190\" data-large-file=\"https:\/\/i0.wp.com\/blogdalucianaoliveira.com.br\/blog\/wp-content\/uploads\/2020\/06\/6B3AD614-84F0-4D61-91FE-DAEF8FD8CF8A.jpeg?fit=600%2C379\" src=\"https:\/\/i0.wp.com\/blogdalucianaoliveira.com.br\/blog\/wp-content\/uploads\/2020\/06\/6B3AD614-84F0-4D61-91FE-DAEF8FD8CF8A.jpeg?resize=600%2C379\" alt=\"\" class=\"wp-image-28754\" srcset=\"https:\/\/i0.wp.com\/blogdalucianaoliveira.com.br\/blog\/wp-content\/uploads\/2020\/06\/6B3AD614-84F0-4D61-91FE-DAEF8FD8CF8A.jpeg?w=720 720w, https:\/\/i0.wp.com\/blogdalucianaoliveira.com.br\/blog\/wp-content\/uploads\/2020\/06\/6B3AD614-84F0-4D61-91FE-DAEF8FD8CF8A.jpeg?resize=300%2C190 300w, https:\/\/i0.wp.com\/blogdalucianaoliveira.com.br\/blog\/wp-content\/uploads\/2020\/06\/6B3AD614-84F0-4D61-91FE-DAEF8FD8CF8A.jpeg?resize=475%2C300 475w\" sizes=\"auto, (max-width: 600px) 100vw, 600px\" \/><\/figure>\n\n\n\n<p>&#8220;quero ver prender 20 mil pessoas&#8221;, bravateou sara fernanda, a winter, cercada por uns minguados gatos-pingados.<\/p>\n\n\n\n<!--more-->\n\n\n\n<p>ventilou-se, por algum tempo, que a mo\u00e7oila era l\u00edder de um movimento denominado os 300 do brasil; por\u00e9m, na verdade, sua ganguezinha nunca passou de duas d\u00fazias de analfabetos pol\u00edticos e pseudo crist\u00e3os, uma patota de falsos patriotas cheios de \u00f3dio e com graves problemas cognitivos. <\/p>\n\n\n\n<p>na verdade, sara \u00e9 um boneco infl\u00e1vel, um pixuleco cheio de vento e saliva.<\/p>\n\n\n\n<p>soprou, aos quatro ventos, que lan\u00e7aria um raio ucranizador que inflamaria as ruas do brasil.<\/p>\n\n\n\n<p>como se v\u00ea, deu com os burros n&#8217;\u00e1gua.<\/p>\n\n\n\n<p>do acampamento na esplanada, provavelmente patrocinado com grana de empres\u00e1rios inescrupulosos, ela botou seu exercitozinho de araque para marchar at\u00e9 a pra\u00e7a dos tr\u00eas poderes, onde a malta bradou: &#8220;ahu, ahu, ahu&#8221;.<\/p>\n\n\n\n<p>seja l\u00e1 o que diabos isso significa, a verdade \u00e9 que ficou patente o tom pat\u00e9tico do tal movimento.<\/p>\n\n\n\n<p>digo movimento porque pesquei isso na imprensa, em verdade a coisa, diga-se de passagem, nunca teve um manifesto que lhe desse essa configura\u00e7\u00e3o; talvez por falta de algu\u00e9m com mais de dois neur\u00f4nios para redigi-lo.<\/p>\n\n\n\n<p>e sara andava a se saracotear pela esplanada, foi vista, noite adentro, numa bisonha vig\u00edlia em que ela e seus soldadinhos marchavam com archotes nas m\u00e3os a caminho do stf.<\/p>\n\n\n\n<p>me parece que pretendiam tocar a campainha do palacete e sair correndo. h\u00e1 quem jura ter visto a est\u00e1tua da justi\u00e7a sorrir; a vergonha alheia sempre provoca c\u00f3cegas.<\/p>\n\n\n\n<p>o fato \u00e9 que deram corda para sara e a danadinha acabou por se enforcar com ela.<\/p>\n\n\n\n<p>inflada e inflamada, a ex-feminista, sedenta por holofotes e microfones, chegou a amea\u00e7ar dar uns socos no capa-preta alexandre de moraes &#8211; veja o tamanho do disparate!<\/p>\n\n\n\n<p>por essa insol\u00eancia, ganhou um par de algemas e vai ter que trocar catiripapos com algu\u00e9m do tamanho dela no xilindr\u00f3. <\/p>\n\n\n\n<p>mas uma  coisa deve ser dita, pra algu\u00e9m da estatura dela, a garota at\u00e9 que foi longe. <\/p>\n\n\n\n<p>contando com a covardia e a omiss\u00e3o da pol\u00edcia pol\u00edtica, sara, impunemente, exibiu armas, se fantasiou de soldada, amea\u00e7ou autoridades e parece que pavimentava uma carreira pol\u00edtica tendo como plataforma essas bravatas de butiquim.<\/p>\n\n\n\n<p>at\u00e9 que o governador do df, convalescido, mandou parar com a brincadeira. <\/p>\n\n\n\n<p>ibaneis havia acabado de sair de uma interna\u00e7\u00e3o por ter se engasgado com um osso de galinha e parece que n\u00e3o queria ficar com mais essa sardinha atravessada na garganta; mandou o df legal desmontar o acampamento que, diga-se, nunca deveria ter sido montado.<\/p>\n\n\n\n<p>o df legal, como se sabe, \u00e9 uma esp\u00e9cie de rapa. <\/p>\n\n\n\n<p>foi uma resposta \u00e0 altura daquela palha\u00e7ada, deram um rapa fora, cambada, com direito a g\u00e1s lacrimog\u00eaneo e genuflexos desesperos!<\/p>\n\n\n\n<p>sara ainda esperneou, passou uma tropa da pm inteira em revista, olhando na cara de cada soldado e afrontando-os com xingamentos e amea\u00e7as.<\/p>\n\n\n\n<p>os pms engoliram tudo sem dar um pio, em sil\u00eancio estavam e mudo permaneceram.<\/p>\n\n\n\n<p>fortalecida por essa fraqueza, a mo\u00e7a descumpriu ordem do gdf e foi folguetear \u00e0s portas da suprema corte, veja voc\u00ea. <\/p>\n\n\n\n<p>por\u00e9m, essa foi uma espinha grande demais para o governador engolir. ibaneis mandou exonerar o chefe da pol\u00edcia, que viu seus subordinados se subordinarem aos gritos desaforados e desacatosos da oxigenada.<\/p>\n\n\n\n<p>sara teve seus quinze minutos de inf\u00e2mia, a lata de lixo da hist\u00f3ria a aguarda.<\/p>\n\n\n\n<p>finalmente lhe botaram uma pulseira de criminosa, impedindo-a de n\u00e3o mais delinquir e criminar.<\/p>\n\n\n\n<p>a pris\u00e3o de sara fernanda desmantela a farsa dos white pardos.<\/p>\n\n\n\n<p>mas, mais do que isso, aquele machistoide que ganhou umas bolachas de uma ciclista, no dia em que gritava e cuspia na cara de enfermeiras, tamb\u00e9m acaba de marchar para o xadrez, era mais um soldado ahu.<\/p>\n\n\n\n<p>em sampa, os cabras que infernizaram a vizinhan\u00e7a de alexandre de moraes tamb\u00e9m est\u00e3o a ver o sol com outra forma geom\u00e9trica.<\/p>\n\n\n\n<p>parece que resolveram dar um basta na patifaria. ao que parece, os loucos est\u00e3o a ser recolhidos para casa verde.<\/p>\n\n\n\n<p>como sabemos, nunca falta vagas na casa de orates. itagua\u00ed, nossa moderna sucupira, encerra seus lun\u00e1ticos na cela forte.<\/p>\n\n\n\n<p>como se v\u00ea, os 300 do brasil n\u00e3o passou de uma ef\u00eamera revolta dos canjicas.<\/p>\n\n\n\n<p>essas pris\u00f5es, tardias, mostram que um novo tempo est\u00e1 a surgir.<\/p>\n\n\n\n<p>parece que os homens e mulheres da capa preta perceberam que as ruas est\u00e3o vazias, a caravana passa e os c\u00e3es pararam de ladrar.<\/p>\n\n\n\n<p>mais pris\u00f5es vir\u00e3o, diria m\u00e3e zambelli.<\/p>\n\n\n\n<p>um meteoro parece ter cascudeado os dinossauros que defendem esse energ\u00fameno que nos governa; est\u00e3o em franca extin\u00e7\u00e3o.<\/p>\n\n\n\n<p>esse parece ser o in\u00edcio do fim da era bozozoica.<\/p>\n\n\n\n<p>palavra da salva\u00e7\u00e3o.<\/p>\n","protected":false},"excerpt":{"rendered":"<p>&#8220;quero ver prender 20 mil pessoas&#8221;, bravateou sara fernanda, a winter, cercada por uns minguados gatos-pingados.<\/p>\n","protected":false},"author":1,"featured_media":0,"comment_status":"closed","ping_status":"open","sticky":false,"template":"","format":"standard","meta":{"_exactmetrics_skip_tracking":false,"_exactmetrics_sitenote_active":false,"_exactmetrics_sitenote_note":"","_exactmetrics_sitenote_category":0,"jetpack_post_was_ever_published":false,"_jetpack_newsletter_access":"","_jetpack_dont_email_post_to_subs":false,"_jetpack_newsletter_tier_id":0,"_jetpack_memberships_contains_paywalled_content":false,"_jetpack_memberships_contains_paid_content":false,"footnotes":"","jetpack_publicize_message":"","jetpack_publicize_feature_enabled":true,"jetpack_social_post_already_shared":true,"jetpack_social_options":{"image_generator_settings":{"template":"highway","enabled":false},"version":2}},"categories":[1],"tags":[],"class_list":["post-28753","post","type-post","status-publish","format-standard","hentry","category-notas"],"jetpack_publicize_connections":[],"jetpack_sharing_enabled":true,"jetpack_featured_media_url":"","jetpack_shortlink":"https:\/\/wp.me\/p7wKYW-7tL","jetpack-related-posts":[],"_links":{"self":[{"href":"http:\/\/blogdalucianaoliveira.com.br\/blog\/wp-json\/wp\/v2\/posts\/28753","targetHints":{"allow":["GET"]}}],"collection":[{"href":"http:\/\/blogdalucianaoliveira.com.br\/blog\/wp-json\/wp\/v2\/posts"}],"about":[{"href":"http:\/\/blogdalucianaoliveira.com.br\/blog\/wp-json\/wp\/v2\/types\/post"}],"author":[{"embeddable":true,"href":"http:\/\/blogdalucianaoliveira.com.br\/blog\/wp-json\/wp\/v2\/users\/1"}],"replies":[{"embeddable":true,"href":"http:\/\/blogdalucianaoliveira.com.br\/blog\/wp-json\/wp\/v2\/comments?post=28753"}],"version-history":[{"count":1,"href":"http:\/\/blogdalucianaoliveira.com.br\/blog\/wp-json\/wp\/v2\/posts\/28753\/revisions"}],"predecessor-version":[{"id":28755,"href":"http:\/\/blogdalucianaoliveira.com.br\/blog\/wp-json\/wp\/v2\/posts\/28753\/revisions\/28755"}],"wp:attachment":[{"href":"http:\/\/blogdalucianaoliveira.com.br\/blog\/wp-json\/wp\/v2\/media?parent=28753"}],"wp:term":[{"taxonomy":"category","embeddable":true,"href":"http:\/\/blogdalucianaoliveira.com.br\/blog\/wp-json\/wp\/v2\/categories?post=28753"},{"taxonomy":"post_tag","embeddable":true,"href":"http:\/\/blogdalucianaoliveira.com.br\/blog\/wp-json\/wp\/v2\/tags?post=28753"}],"curies":[{"name":"wp","href":"https:\/\/api.w.org\/{rel}","templated":true}]}}