{"id":28759,"date":"2020-06-15T19:25:20","date_gmt":"2020-06-15T23:25:20","guid":{"rendered":"http:\/\/blogdalucianaoliveira.com.br\/blog\/?p=28759"},"modified":"2020-06-15T19:25:25","modified_gmt":"2020-06-15T23:25:25","slug":"so-o-crime-ganha-com-o-desmatamento-da-amazonia-diz-ex-ministra","status":"publish","type":"post","link":"http:\/\/blogdalucianaoliveira.com.br\/blog\/2020\/06\/15\/so-o-crime-ganha-com-o-desmatamento-da-amazonia-diz-ex-ministra\/","title":{"rendered":"S\u00f3 o crime ganha com o desmatamento da Amaz\u00f4nia, diz ex-ministra"},"content":{"rendered":"\n<figure class=\"wp-block-image size-large\"><img data-recalc-dims=\"1\" loading=\"lazy\" decoding=\"async\" width=\"600\" height=\"400\" data-attachment-id=\"28760\" data-permalink=\"http:\/\/blogdalucianaoliveira.com.br\/blog\/2020\/06\/15\/so-o-crime-ganha-com-o-desmatamento-da-amazonia-diz-ex-ministra\/image-41-7\/\" data-orig-file=\"https:\/\/i0.wp.com\/blogdalucianaoliveira.com.br\/blog\/wp-content\/uploads\/2020\/06\/image-41.jpeg?fit=768%2C512\" data-orig-size=\"768,512\" data-comments-opened=\"0\" data-image-meta=\"{&quot;aperture&quot;:&quot;0&quot;,&quot;credit&quot;:&quot;&quot;,&quot;camera&quot;:&quot;&quot;,&quot;caption&quot;:&quot;&quot;,&quot;created_timestamp&quot;:&quot;0&quot;,&quot;copyright&quot;:&quot;&quot;,&quot;focal_length&quot;:&quot;0&quot;,&quot;iso&quot;:&quot;0&quot;,&quot;shutter_speed&quot;:&quot;0&quot;,&quot;title&quot;:&quot;&quot;,&quot;orientation&quot;:&quot;0&quot;}\" data-image-title=\"image-41\" data-image-description=\"\" data-image-caption=\"\" data-medium-file=\"https:\/\/i0.wp.com\/blogdalucianaoliveira.com.br\/blog\/wp-content\/uploads\/2020\/06\/image-41.jpeg?fit=300%2C200\" data-large-file=\"https:\/\/i0.wp.com\/blogdalucianaoliveira.com.br\/blog\/wp-content\/uploads\/2020\/06\/image-41.jpeg?fit=600%2C400\" src=\"https:\/\/i0.wp.com\/blogdalucianaoliveira.com.br\/blog\/wp-content\/uploads\/2020\/06\/image-41.jpeg?resize=600%2C400\" alt=\"\" class=\"wp-image-28760\" srcset=\"https:\/\/i0.wp.com\/blogdalucianaoliveira.com.br\/blog\/wp-content\/uploads\/2020\/06\/image-41.jpeg?w=768 768w, https:\/\/i0.wp.com\/blogdalucianaoliveira.com.br\/blog\/wp-content\/uploads\/2020\/06\/image-41.jpeg?resize=300%2C200 300w, https:\/\/i0.wp.com\/blogdalucianaoliveira.com.br\/blog\/wp-content\/uploads\/2020\/06\/image-41.jpeg?resize=450%2C300 450w\" sizes=\"auto, (max-width: 600px) 100vw, 600px\" \/><\/figure>\n\n\n\n<p>Para Izabella Teixeira, agroneg\u00f3cio que entende o valor do ambiente perdeu express\u00e3o pol\u00edtica.<\/p>\n\n\n\n<!--more-->\n\n\n\n<p>FSP<\/p>\n\n\n\n<p><strong><a href=\"https:\/\/www1.folha.uol.com.br\/autores\/ana-estela-de-sousa-pinto.shtml\">Ana Estela de Sousa Pinto<\/a><\/strong><strong>BRUXELAS<\/strong><\/p>\n\n\n\n<p>S\u00f3 o crime ganha com o<a href=\"https:\/\/www1.folha.uol.com.br\/ambiente\/2020\/06\/desmatamento-na-amazonia-completa-13-meses-seguidos-de-crescimento.shtml\">&nbsp;desmatamento da Amaz\u00f4nia<\/a>, diz a ex-ministra do Meio Ambiente (2010-2016) Izabella Teixeira, 58. O ganho econ\u00f4mico de desproteger a floresta \u00e9 zero, diz ela: \u201cSe \u00e9 predominantemente ilegal, significa trabalho escravo, exclus\u00e3o social, sonega\u00e7\u00e3o fiscal. O Estado perde dinheiro, empobrece o servi\u00e7o p\u00fablico\u201d.<\/p>\n\n\n\n<p>Al\u00e9m de n\u00e3o levar vantagem na arena econ\u00f4mica, assume o risco de preju\u00edzos \u2014ao alimentar, por exemplo,&nbsp;<a href=\"https:\/\/www1.folha.uol.com.br\/mercado\/2020\/06\/ue-poe-acordo-com-mercosul-na-geladeira-a-espera-de-melhor-momento-diz-consultoria.shtml\">a oposi\u00e7\u00e3o de setores europeus ao acordo comercial com o Mercosul<\/a>\u2014, e abre m\u00e3o do espa\u00e7o geopol\u00edtico que vinha conquistando.<\/p>\n\n\n\n<p>\u201cO Brasil era um pa\u00eds que entrava criando converg\u00eancia; hoje entra feito porco-espinho. Quando a gente entra, todo mundo sai da sala\u201d, diz a ex-ministra, hoje consultora e co-presidente do International Resource Panel, ligado \u00e0 ONU.<\/p>\n\n\n\n<p>Segundo Izabella, no governo Bolsonaro o jogo ficou desequilibrado porque, entre outros fatores, os setores do agroneg\u00f3cio que entendem o valor de preservar o ambiente n\u00e3o t\u00eam a mesma express\u00e3o pol\u00edtica dos ultraconservadores que apoiam o presidente.<\/p>\n\n\n\n<p>O resultado \u00e9 um pa\u00eds preso a \u201cuma polariza\u00e7\u00e3o em cima de problemas, n\u00e3o em cima de solu\u00e7\u00f5es\u201d, diz a ex-ministra, que defende um novo projeto para a Amaz\u00f4nia a partir de uma discuss\u00e3o transparente sobre custos e benef\u00edcios.<\/p>\n\n\n\n<p>\u201cN\u00e3o d\u00e1 para fazer omelete sem quebrar os ovos. O problema \u00e9 que o Brasil n\u00e3o faz nenhum omelete e quebra todos os ovos. Fica sem a galinha, sem os ovos, todo mundo malnutrido.\u201d<\/p>\n\n\n\n<p><strong>Dados apontam piora do desmatamento no Brasil, ao mesmo tempo em que<a href=\"https:\/\/www1.folha.uol.com.br\/mercado\/2020\/06\/parlamento-holandes-aprova-mocao-contra-acordo-entre-mercosul-e-uniao-europeia.shtml\">&nbsp;cresce na Europa a press\u00e3o pela economia verde<\/a>&nbsp;e at\u00e9 a China fala em prote\u00e7\u00e3o ao ambiente. Que tipo de problema isso pode trazer para o Brasil?<\/strong><\/p>\n\n\n\n<p>N\u00e3o vai mudar tudo do dia para a noite, mas j\u00e1 h\u00e1 de fato mudan\u00e7as nas escolhas de consumo, nos estilos de vida e comportamento. Esse \u00e9 um jogo que tem a ver com credibilidade e confian\u00e7a, e o Brasil, que vinha praticando uma rota, agora est\u00e1 descendo a ladeira. Arrisca deslocar esse ponteiro para uma zona de sombra.<\/p>\n\n\n\n<p><strong>Qual zona de sombra?<\/strong><\/p>\n\n\n\n<p>Tem gente que acha que o desmatamento n\u00e3o importa, porque continua havendo com\u00e9rcio. Nessa disputa entre Estados Unidos e China, o Brasil exportou mais commodities agr\u00edcolas, fez 60 acordos comerciais bilaterais, com pa\u00edses do Oriente M\u00e9dio e da \u00c1sia, onde a quest\u00e3o ambiental tem import\u00e2ncia relativa perto de outras car\u00eancias. Mas o mundo vai topar essa transi\u00e7\u00e3o sempre? Fazer acordos bilaterais de com\u00e9rcio n\u00e3o dar\u00e1 ao Brasil poder de influenciar, participar, construir, porque isso tem a ver com confian\u00e7a e credibilidade.<\/p>\n\n\n\n<p><strong>Se n\u00e3o h\u00e1 perda comercial imediata com o desmatamento, algu\u00e9m ganha com ele?<\/strong><\/p>\n\n\n\n<p>S\u00f3 o crime. O Brasil desmata a Amaz\u00f4nia com uma op\u00e7\u00e3o econ\u00f4mica que \u00e9 zero. Se \u00e9 predominantemente ilegal, significa trabalho escravo, exclus\u00e3o social, sonega\u00e7\u00e3o fiscal. O Estado perde dinheiro, empobrece o servi\u00e7o p\u00fablico. A Amaz\u00f4nia precisa de um novo projeto, n\u00e3o de fronteira agr\u00edcola ou pol\u00edtica, esses s\u00e3o das d\u00e9cadas de 1950 e 1970.<\/p>\n\n\n\n<p><strong>Quais as bases de um novo projeto?<\/strong><\/p>\n\n\n\n<p>O Brasil \u00e9 uma pot\u00eancia ambiental, energ\u00e9tica e agr\u00edcola, e pode produzir muito mais, trabalhar seguran\u00e7a alimentar do mundo, atrair investimentos em infraestrutura, inova\u00e7\u00e3o tecnol\u00f3gica, telecomunica\u00e7\u00f5es, tudo sem danos. Uma estrat\u00e9gia ganha-ganha.<\/p>\n\n\n\n<p>Mas agora estamos entre uma estrat\u00e9gia ganha-perde e uma perde-perde. Ou perde-perde-perde. O Brasil era um pa\u00eds que entrava criando converg\u00eancia; hoje entra feito porco-espinho. Quando a gente entra, todo mundo sai da sala. H\u00e1 um apequenamento da express\u00e3o pol\u00edtica e geopol\u00edtica do pa\u00eds.<\/p>\n\n\n\n<p><strong>Mas h\u00e1 uma parte do agroneg\u00f3cio a quem n\u00e3o interessa o desmatamento, certo?<\/strong><\/p>\n\n\n\n<p>Em 2006 houve uma campanha internacional junto aos compradores internacionais da soja para monitorar sua origem. O Inpe, supervisionado pelas ONGs, mostrou que ela n\u00e3o vinha do desmatamento, e em 2010 houve a morat\u00f3ria da soja. Ali, uma parte da agricultura entendeu que havia um jogo internacional, uma press\u00e3o enorme de ONGs, jornalistas, formadores de opini\u00e3o. E essa parte entendeu que tinha espa\u00e7o no mercado internacional para crescer para valer.<\/p>\n\n\n\n<p><strong>Onde est\u00e3o esses empres\u00e1rios agora?<\/strong><\/p>\n\n\n\n<p>Eles n\u00e3o t\u00eam express\u00e3o pol\u00edtica hoje no Congresso na magnitude da que t\u00eam os que apoiam o governo. A grande maioria da bancada hoje \u00e9 a turma ultraconservadora do ruralismo, que foi derrotada no C\u00f3digo Florestal. A ministra Tereza Cristina foi naquela \u00e9poca uma das vozes importantes na constru\u00e7\u00e3o de consensos na ala conservadora do ruralismo, com argumentos orientados pelo bom-senso. \u00c9 conservadora, mas conhece o agroneg\u00f3cio e agricultura brasileira e \u00e9 uma mulher de di\u00e1logo e de respeitar acordos. Isso \u00e9 importante.<\/p>\n\n\n\n<p><strong>Recentemente&nbsp;<a href=\"https:\/\/www1.folha.uol.com.br\/mercado\/2020\/05\/ministra-da-agricultura-agora-e-chamada-pelos-europeus-de-senhora-desmatamento.shtml\">o jornal Le Monde chamou a ministra de \u2018sra. Desmatamento\u2019<\/a>. Por que ela est\u00e1 ganhando essa imagem?<\/strong><\/p>\n\n\n\n<p>H\u00e1 tr\u00eas aspectos. O primeiro \u00e9 a a\u00e7\u00e3o do governo federal de desarranjar o sistema estabelecido pela lei que disciplina o uso de agrot\u00f3xicos.<\/p>\n\n\n\n<p>O segundo \u00e9 uma postura de ressaltar que a agricultura n\u00e3o tem rela\u00e7\u00e3o com o desmatamento na Amaz\u00f4nia, esquecendo do impacto da pecu\u00e1ria. Enquanto a agricultura n\u00e3o defender de fato a prote\u00e7\u00e3o da Amaz\u00f4nia, viveremos de guerra de narrativas, na qual at\u00e9 coisas positivas, como o cap\u00edtulo sobre &#8220;green finance&#8221;na recente lei dos agrot\u00f3xicos, as portarias sobre bioinsumos e as diretrizes ambientais para a produ\u00e7\u00e3o de alimentos, ficam em segundo plano.<\/p>\n\n\n\n<p>Em terceiro lugar, h\u00e1 a impress\u00e3o pol\u00edtica de que&nbsp;<a href=\"https:\/\/www1.folha.uol.com.br\/ambiente\/2020\/05\/ministro-do-meio-ambiente-defende-aproveitar-crise-do-coronavirus-para-passar-a-boiada.shtml\">o atual ministro do Meio Ambiente opera para facilitar a agricultura<\/a>. Isso passa a imagem de que a desconstru\u00e7\u00e3o das pol\u00edticas ambientais do atual governo segue orienta\u00e7\u00f5es do presidente e tem na ministra uma das principais estimuladoras.<\/p>\n\n\n\n<p><strong>D\u00e1 para desarmar essa nova imagem?<\/strong><\/p>\n\n\n\n<p>Ela deve implementar o novo C\u00f3digo Florestal, que foi pactuado em 2012, e ter\u00e1 que lidar com a esquizofrenia institucional criada pelo atual governo, que transferiu o CAR [Cadastro Ambiental Rural] e o Servi\u00e7o Florestal Brasileiro para o Minist\u00e9rio da Agricultura, enquanto toda a implementa\u00e7\u00e3o do c\u00f3digo e o processo de regulariza\u00e7\u00e3o ambiental \u00e9 de responsabilidade dos estados, onde ela n\u00e3o tem compet\u00eancia legal alguma.<\/p>\n\n\n\n<p>A ministra est\u00e1 tentando se equilibrar na diversidade do agroneg\u00f3cio brasileiro, onde aqueles que veem a sustentabilidade como ativo n\u00e3o t\u00eam a mesma for\u00e7a pol\u00edtica que os ultraconservadores. \u00c9 preciso ir para fora e conversar, pactuar uma transi\u00e7\u00e3o, at\u00e9 ter f\u00f4lego no Congresso.<\/p>\n\n\n\n<p><strong>O que \u00e9 preciso dizer nessa conversa?<\/strong><\/p>\n\n\n\n<p>Deixar claro o que a agricultura brasileira se compromete a entregar nos pr\u00f3ximos 30 anos em prote\u00e7\u00e3o ambiental, enfrentamento \u00e0s mudan\u00e7as do clima e prote\u00e7\u00e3o da biodiversidade. Qual \u00e9 sua ambi\u00e7\u00e3o no contexto da seguran\u00e7a alimentar e nutricional.<\/p>\n\n\n\n<p>Hoje h\u00e1 s\u00f3 uma polariza\u00e7\u00e3o em cima de problemas, n\u00e3o de solu\u00e7\u00f5es. \u00c9 preciso tirar o agro e a agenda ambiental dessa cultura pol\u00edtica de amea\u00e7as e construir, mostrando o custo-benef\u00edcio. Porque h\u00e1 custos nas escolhas. Vai desmobilizar \u00e1rea plantada para colocar floresta intoc\u00e1vel? Ou n\u00e3o vai?<\/p>\n\n\n\n<p>N\u00e3o d\u00e1 para fazer omelete sem quebrar os ovos. O problema \u00e9 que o Brasil n\u00e3o faz nenhum omelete e quebra todos os ovos. Fica sem a galinha, sem os ovos, todo mundo malnutrido.<\/p>\n\n\n\n<p>N\u00e3o ter uma express\u00e3o pol\u00edtica do agroneg\u00f3cio mais moderno tem uma consequ\u00eancia perversa. Os que t\u00eam express\u00e3o criam uma neblina, mas esprema e veja se eles fazem a diferen\u00e7a. \u00c9 s\u00f3 um conjunto de bravatas, e n\u00e3o se faz pol\u00edtica p\u00fablica com bravatas.<\/p>\n\n\n\n<p>O Brasil ainda permite que os &#8220;fake players&#8221; da pol\u00edtica tenham visibilidade em torno de assuntos ou temas nacionais nos quais que eles n\u00e3o t\u00eam qualquer relev\u00e2ncia.<\/p>\n\n\n\n<p><strong>Mas a Europa est\u00e1 reagindo aos que a sra. chama de &#8220;fake players&#8221;. H\u00e1 oposi\u00e7\u00e3o ao acordo comercial com o Mercosul.<\/strong><\/p>\n\n\n\n<p>Porque o mundo n\u00e3o tem os filtros para isso.<\/p>\n\n\n\n<p>Mas existe um jogo vis\u00edvel e outro invis\u00edvel. H\u00e1 institui\u00e7\u00f5es questionando, mas a pol\u00edtica nos bastidores tentando construir consensos ou reduzir tens\u00f5es.<\/p>\n\n\n\n<p><strong>Quer dizer que o dano de imagem n\u00e3o necessariamente tem consequ\u00eancias pr\u00e1ticas?<\/strong><\/p>\n\n\n\n<p>Ningu\u00e9m vai desistir do Brasil. \u00c9 um pa\u00eds extremamente importante, n\u00e3o s\u00f3 pelos recursos naturais. Somos um mercado de 220 milh\u00f5es de consumidores, temos paz, capacidade criativa e inova\u00e7\u00e3o, ci\u00eancia. O que gente precisa \u00e9 que se alinhar com o que o mundo est\u00e1 trazendo de novo. Os temas ambientais s\u00e3o influenciadores nas v\u00e1rias camadas pol\u00edticas, econ\u00f4micas e geopol\u00edticas, e o Brasil pode assumir essa lideran\u00e7a.<\/p>\n\n\n\n<p>\u00c9 uma pena, porque a gente pertencia ao s\u00e9culo 21, e o Brasil est\u00e1 abrindo m\u00e3o desse protagonismo. \u00c9 preciso afirmar o que de fato somos capazes de fazer em desenvolvimento sustent\u00e1vel. Ou ent\u00e3o desembarca do mundo, vai tocar a viola no s\u00e9culo 16 e esperar o que vem decorr\u00eancia disso.<\/p>\n\n\n\n<p><strong>Espera mudan\u00e7a nessa \u00e1rea no governo Bolsonaro?<\/strong><\/p>\n\n\n\n<p>O Brasil vai muito al\u00e9m de governos. A sociedade tem um amadurecimento pol\u00edtico muito interessante, estamos vendo no enfrentamento n\u00e3o s\u00f3 da crise pand\u00eamica mas da crise pol\u00edtica. O mundo e a Europa precisam lidar melhor com a sociedade brasileira e com as suas institui\u00e7\u00f5es, n\u00e3o s\u00f3 com alguns agentes de governo. Isso tamb\u00e9m \u00e9 um apequenamento do Brasil.<\/p>\n\n\n\n<hr class=\"wp-block-separator\"\/>\n\n\n\n<h3 class=\"wp-block-heading\">RAIO-X<\/h3>\n\n\n\n<p><strong>Izabella Teixeira, 58<\/strong>, \u00e9 mestre em planejamento energ\u00e9tico e doutora em planejamento ambiental pela Coppe\/UFRJ. Servidora ambiental desde 1984, foi ministra do Meio Ambiente (2010-2016), per\u00edodo em que foi aprovado o novo C\u00f3digo Florestal e realizado o Acordo de Paris. \u00c9 atualmente consultora e co-presidente do International Resource Panel, ligado \u00e0 ONU<\/p>\n","protected":false},"excerpt":{"rendered":"<p>Para Izabella Teixeira, agroneg\u00f3cio que entende o valor do ambiente perdeu express\u00e3o pol\u00edtica.<\/p>\n","protected":false},"author":1,"featured_media":0,"comment_status":"closed","ping_status":"open","sticky":false,"template":"","format":"standard","meta":{"_exactmetrics_skip_tracking":false,"_exactmetrics_sitenote_active":false,"_exactmetrics_sitenote_note":"","_exactmetrics_sitenote_category":0,"jetpack_post_was_ever_published":false,"_jetpack_newsletter_access":"","_jetpack_dont_email_post_to_subs":false,"_jetpack_newsletter_tier_id":0,"_jetpack_memberships_contains_paywalled_content":false,"_jetpack_memberships_contains_paid_content":false,"footnotes":"","jetpack_publicize_message":"","jetpack_publicize_feature_enabled":true,"jetpack_social_post_already_shared":true,"jetpack_social_options":{"image_generator_settings":{"template":"highway","enabled":false},"version":2}},"categories":[1],"tags":[],"class_list":["post-28759","post","type-post","status-publish","format-standard","hentry","category-notas"],"jetpack_publicize_connections":[],"jetpack_sharing_enabled":true,"jetpack_featured_media_url":"","jetpack_shortlink":"https:\/\/wp.me\/p7wKYW-7tR","jetpack-related-posts":[],"_links":{"self":[{"href":"http:\/\/blogdalucianaoliveira.com.br\/blog\/wp-json\/wp\/v2\/posts\/28759","targetHints":{"allow":["GET"]}}],"collection":[{"href":"http:\/\/blogdalucianaoliveira.com.br\/blog\/wp-json\/wp\/v2\/posts"}],"about":[{"href":"http:\/\/blogdalucianaoliveira.com.br\/blog\/wp-json\/wp\/v2\/types\/post"}],"author":[{"embeddable":true,"href":"http:\/\/blogdalucianaoliveira.com.br\/blog\/wp-json\/wp\/v2\/users\/1"}],"replies":[{"embeddable":true,"href":"http:\/\/blogdalucianaoliveira.com.br\/blog\/wp-json\/wp\/v2\/comments?post=28759"}],"version-history":[{"count":1,"href":"http:\/\/blogdalucianaoliveira.com.br\/blog\/wp-json\/wp\/v2\/posts\/28759\/revisions"}],"predecessor-version":[{"id":28761,"href":"http:\/\/blogdalucianaoliveira.com.br\/blog\/wp-json\/wp\/v2\/posts\/28759\/revisions\/28761"}],"wp:attachment":[{"href":"http:\/\/blogdalucianaoliveira.com.br\/blog\/wp-json\/wp\/v2\/media?parent=28759"}],"wp:term":[{"taxonomy":"category","embeddable":true,"href":"http:\/\/blogdalucianaoliveira.com.br\/blog\/wp-json\/wp\/v2\/categories?post=28759"},{"taxonomy":"post_tag","embeddable":true,"href":"http:\/\/blogdalucianaoliveira.com.br\/blog\/wp-json\/wp\/v2\/tags?post=28759"}],"curies":[{"name":"wp","href":"https:\/\/api.w.org\/{rel}","templated":true}]}}