{"id":28762,"date":"2020-06-16T06:39:44","date_gmt":"2020-06-16T10:39:44","guid":{"rendered":"http:\/\/blogdalucianaoliveira.com.br\/blog\/?p=28762"},"modified":"2020-06-16T06:39:51","modified_gmt":"2020-06-16T10:39:51","slug":"fora-weintraub","status":"publish","type":"post","link":"http:\/\/blogdalucianaoliveira.com.br\/blog\/2020\/06\/16\/fora-weintraub\/","title":{"rendered":"Fora, Weintraub"},"content":{"rendered":"\n<figure class=\"wp-block-image size-large\"><img data-recalc-dims=\"1\" loading=\"lazy\" decoding=\"async\" width=\"600\" height=\"400\" data-attachment-id=\"28763\" data-permalink=\"http:\/\/blogdalucianaoliveira.com.br\/blog\/2020\/06\/16\/fora-weintraub\/image-42-7\/\" data-orig-file=\"https:\/\/i0.wp.com\/blogdalucianaoliveira.com.br\/blog\/wp-content\/uploads\/2020\/06\/image-42.jpeg?fit=1024%2C683\" data-orig-size=\"1024,683\" data-comments-opened=\"0\" data-image-meta=\"{&quot;aperture&quot;:&quot;0&quot;,&quot;credit&quot;:&quot;&quot;,&quot;camera&quot;:&quot;&quot;,&quot;caption&quot;:&quot;&quot;,&quot;created_timestamp&quot;:&quot;0&quot;,&quot;copyright&quot;:&quot;&quot;,&quot;focal_length&quot;:&quot;0&quot;,&quot;iso&quot;:&quot;0&quot;,&quot;shutter_speed&quot;:&quot;0&quot;,&quot;title&quot;:&quot;&quot;,&quot;orientation&quot;:&quot;0&quot;}\" data-image-title=\"image-42\" data-image-description=\"\" data-image-caption=\"\" data-medium-file=\"https:\/\/i0.wp.com\/blogdalucianaoliveira.com.br\/blog\/wp-content\/uploads\/2020\/06\/image-42.jpeg?fit=300%2C200\" data-large-file=\"https:\/\/i0.wp.com\/blogdalucianaoliveira.com.br\/blog\/wp-content\/uploads\/2020\/06\/image-42.jpeg?fit=600%2C400\" src=\"https:\/\/i0.wp.com\/blogdalucianaoliveira.com.br\/blog\/wp-content\/uploads\/2020\/06\/image-42.jpeg?resize=600%2C400\" alt=\"\" class=\"wp-image-28763\" srcset=\"https:\/\/i0.wp.com\/blogdalucianaoliveira.com.br\/blog\/wp-content\/uploads\/2020\/06\/image-42.jpeg?w=1024 1024w, https:\/\/i0.wp.com\/blogdalucianaoliveira.com.br\/blog\/wp-content\/uploads\/2020\/06\/image-42.jpeg?resize=300%2C200 300w, https:\/\/i0.wp.com\/blogdalucianaoliveira.com.br\/blog\/wp-content\/uploads\/2020\/06\/image-42.jpeg?resize=768%2C512 768w, https:\/\/i0.wp.com\/blogdalucianaoliveira.com.br\/blog\/wp-content\/uploads\/2020\/06\/image-42.jpeg?resize=450%2C300 450w\" sizes=\"auto, (max-width: 600px) 100vw, 600px\" \/><\/figure>\n\n\n\n<p>Jagun\u00e7o do bolsonarismo e pr\u00f3cer do golpismo, envergonha a democracia e a pasta.<\/p>\n\n\n\n<!--more-->\n\n\n\n<p>Editorial da Folha <\/p>\n\n\n\n<p>N\u00e3o h\u00e1 mais a menor condi\u00e7\u00e3o de Abraham Weintraub continuar ministro de Estado do Brasil. Esse jagun\u00e7o do bolsonarismo, que parece ter a ambi\u00e7\u00e3o de superar o chefe nos modos e nos m\u00e9todos, envergonha a democracia nacional e seguir\u00e1 arruinando o futuro de uma gera\u00e7\u00e3o de jovens enquanto estiver no Minist\u00e9rio da Educa\u00e7\u00e3o.<\/p>\n\n\n\n<p>Se n\u00e3o for demitido pelo presidente Jair Bolsonaro \u2014que o faria n\u00e3o por convic\u00e7\u00e3o, mas por mero instinto de sobreviv\u00eancia\u2014, Weintraub precisa ser processado por crime de responsabilidade perante o Supremo Tribunal Federal.<\/p>\n\n\n\n<p>Motivos abundam. Se algu\u00e9m entendia, erradamente, que as amea\u00e7as a ju\u00edzes da corte constitucional na reuni\u00e3o de 22 de abril n\u00e3o poderiam ser usadas como prova em tribunais, por se tratar de encontro reservado e de assunto que n\u00e3o concernia \u00e0 investiga\u00e7\u00e3o original, agora perdeu esse argumento.<\/p>\n\n\n\n<p>Ao prestigiar ato com um punhado de golpistas neste domingo (14), em Bras\u00edlia, Abraham Weintraub reiterou as agress\u00f5es \u2014inclusive com o mesmo insulto, \u201cvagabundos\u201d\u2014 dirigidas a ministros do STF no encontro ministerial de abril.<\/p>\n\n\n\n<p>A falta do uso da m\u00e1scara, obrigat\u00f3ria no Distrito Federal, rendeu ao capanga estrelado do bolsonarismo uma multa de R$ 2.000. Mas a sua falta de compostura, muito mais grave, foi a gota d\u2019\u00e1gua para que ele seja expelido do cargo.<\/p>\n\n\n\n<p>A lei dos crimes de responsabilidade (1.079\/1950) sujeita ministros de Estado \u00e0 perda do cargo, com at\u00e9 cinco anos de inabilita\u00e7\u00e3o para exercerem fun\u00e7\u00e3o p\u00fablica, por atentarem contra o livre exerc\u00edcio do Poder Judici\u00e1rio, por se valerem de amea\u00e7a para constranger ju\u00edzes e por comportarem-se de modo incompat\u00edvel com a dignidade, a honra e o decoro.<\/p>\n\n\n\n<p>Weintraub, que defende e reitera que ministros do Supremo Tribunal Federal, insultados por ele, sejam encarcerados, incide nessas hip\u00f3teses, al\u00e9m de em outras, penais comuns, pelas quais autoridades do Minist\u00e9rio P\u00fablico tampouco deveriam deixar de process\u00e1-lo.<\/p>\n\n\n\n<p>Em termos pol\u00edticos, cada minuto em que Weintraub permanece no cargo significa mais crise e desgaste para a j\u00e1 amplamente rejeitada aventura de Jair Bolsonaro.<\/p>\n\n\n\n<p>Do ponto de vista administrativo, dezenas de milh\u00f5es de jovens e crian\u00e7as brasileiras, que dependem do ensino p\u00fablico, continuar\u00e3o entregues \u00e0 sua incompet\u00eancia e ao seu obscurantismo.<\/p>\n\n\n\n<p>Sob o \u00e2ngulo institucional, a manuten\u00e7\u00e3o de um auxiliar que professa a destrui\u00e7\u00e3o de um dos pilares da democracia faz do presidente da Rep\u00fablica um c\u00famplice desses crimes de responsabilidade.<br>Cabe a Bolsonaro decidir se adere ao golpismo de Weintraub ou se o demite e recupera condi\u00e7\u00f5es para tirar o governo da rota do desastre.<\/p>\n","protected":false},"excerpt":{"rendered":"<p>Jagun\u00e7o do bolsonarismo e pr\u00f3cer do golpismo, envergonha a democracia e a pasta.<\/p>\n","protected":false},"author":1,"featured_media":0,"comment_status":"closed","ping_status":"open","sticky":false,"template":"","format":"standard","meta":{"_exactmetrics_skip_tracking":false,"_exactmetrics_sitenote_active":false,"_exactmetrics_sitenote_note":"","_exactmetrics_sitenote_category":0,"jetpack_post_was_ever_published":false,"_jetpack_newsletter_access":"","_jetpack_dont_email_post_to_subs":false,"_jetpack_newsletter_tier_id":0,"_jetpack_memberships_contains_paywalled_content":false,"_jetpack_memberships_contains_paid_content":false,"footnotes":"","jetpack_publicize_message":"","jetpack_publicize_feature_enabled":true,"jetpack_social_post_already_shared":true,"jetpack_social_options":{"image_generator_settings":{"template":"highway","enabled":false},"version":2}},"categories":[1],"tags":[],"class_list":["post-28762","post","type-post","status-publish","format-standard","hentry","category-notas"],"jetpack_publicize_connections":[],"jetpack_sharing_enabled":true,"jetpack_featured_media_url":"","jetpack_shortlink":"https:\/\/wp.me\/p7wKYW-7tU","jetpack-related-posts":[],"_links":{"self":[{"href":"http:\/\/blogdalucianaoliveira.com.br\/blog\/wp-json\/wp\/v2\/posts\/28762","targetHints":{"allow":["GET"]}}],"collection":[{"href":"http:\/\/blogdalucianaoliveira.com.br\/blog\/wp-json\/wp\/v2\/posts"}],"about":[{"href":"http:\/\/blogdalucianaoliveira.com.br\/blog\/wp-json\/wp\/v2\/types\/post"}],"author":[{"embeddable":true,"href":"http:\/\/blogdalucianaoliveira.com.br\/blog\/wp-json\/wp\/v2\/users\/1"}],"replies":[{"embeddable":true,"href":"http:\/\/blogdalucianaoliveira.com.br\/blog\/wp-json\/wp\/v2\/comments?post=28762"}],"version-history":[{"count":1,"href":"http:\/\/blogdalucianaoliveira.com.br\/blog\/wp-json\/wp\/v2\/posts\/28762\/revisions"}],"predecessor-version":[{"id":28764,"href":"http:\/\/blogdalucianaoliveira.com.br\/blog\/wp-json\/wp\/v2\/posts\/28762\/revisions\/28764"}],"wp:attachment":[{"href":"http:\/\/blogdalucianaoliveira.com.br\/blog\/wp-json\/wp\/v2\/media?parent=28762"}],"wp:term":[{"taxonomy":"category","embeddable":true,"href":"http:\/\/blogdalucianaoliveira.com.br\/blog\/wp-json\/wp\/v2\/categories?post=28762"},{"taxonomy":"post_tag","embeddable":true,"href":"http:\/\/blogdalucianaoliveira.com.br\/blog\/wp-json\/wp\/v2\/tags?post=28762"}],"curies":[{"name":"wp","href":"https:\/\/api.w.org\/{rel}","templated":true}]}}