{"id":28765,"date":"2020-06-16T08:51:02","date_gmt":"2020-06-16T12:51:02","guid":{"rendered":"http:\/\/blogdalucianaoliveira.com.br\/blog\/?p=28765"},"modified":"2020-06-17T15:08:55","modified_gmt":"2020-06-17T19:08:55","slug":"comando-da-pm-em-rondonia-suspende-apoio-a-icmbio-e-ibama-em-operacoes-contra-o-desmatamento-ilegal","status":"publish","type":"post","link":"http:\/\/blogdalucianaoliveira.com.br\/blog\/2020\/06\/16\/comando-da-pm-em-rondonia-suspende-apoio-a-icmbio-e-ibama-em-operacoes-contra-o-desmatamento-ilegal\/","title":{"rendered":"Comando da PM em Rond\u00f4nia suspende apoio a ICMbio e IBAMA em opera\u00e7\u00f5es contra o desmatamento ilegal"},"content":{"rendered":"\n<figure class=\"wp-block-image size-large\"><img loading=\"lazy\" decoding=\"async\" width=\"1200\" height=\"800\" data-attachment-id=\"28769\" data-permalink=\"http:\/\/blogdalucianaoliveira.com.br\/blog\/2020\/06\/16\/comando-da-pm-em-rondonia-suspende-apoio-a-icmbio-e-ibama-em-operacoes-contra-o-desmatamento-ilegal\/forest-fires-in-brazilian-amazonincendio-floresta-na-amazonia-2018\/\" data-orig-file=\"https:\/\/i0.wp.com\/blogdalucianaoliveira.com.br\/blog\/wp-content\/uploads\/2020\/06\/fotog.jpg?fit=1200%2C800\" data-orig-size=\"1200,800\" data-comments-opened=\"0\" data-image-meta=\"{&quot;aperture&quot;:&quot;5&quot;,&quot;credit&quot;:&quot;\\u00a9 Daniel Beltr\\u00e1 \\\/ Greenpeace&quot;,&quot;camera&quot;:&quot;NIKON D850&quot;,&quot;caption&quot;:&quot;At the end of the undercurrent fire season in the Amazon Forest, Greenpeace documents the destruction left by forest fires in the region between the Brazilian states of Amazonas, Acre and Rond\\u00f4nia. \\nDespite its wide-known importance in conserving socio-biodiversity and its essential role in maintaining world climate conditions, the Amazon forest still presents fire spots and vast areas of accumulated ashes. Forest fires pose a threat to people, animals and contribute to increasing greenhouse gas emissions. In 2018, in spite of its decrease in absolute numbers, fire spots increased in the most deforested states.\\r\\nAo final da temporada de fogo na Amaz\\u00f4nia, o Greenpeace esteve em campo para registrar o estrago deixado pelas queimadas, na regi\\u00e3o entre os estados do Amazonas, Acre e Rond\\u00f4nia\\nMesmo com sua reconhecida import\\u00e2ncia para conserva\\u00e7\\u00e3o da sociobiodiversidade e do clima no mundo todo, a Amaz\\u00f4nia ainda possui focos ativos de inc\\u00eandio e \\u00e1reas de cinzas. O fogo oferece risco \\u00e0s pessoas e aos animais e contribui para engordar as emiss\\u00f5es de gases do efeito estufa. Em 2018, apesar da tend\\u00eancia geral de queda no n\\u00famero de focos de calor na Amaz\\u00f4nia Legal, estados cr\\u00edticos em desmatamento registraram mais fogo.&quot;,&quot;created_timestamp&quot;:&quot;1538562250&quot;,&quot;copyright&quot;:&quot;\\u00a9 Daniel Beltr\\u00e1 \\\/ Greenpeace&quot;,&quot;focal_length&quot;:&quot;100&quot;,&quot;iso&quot;:&quot;500&quot;,&quot;shutter_speed&quot;:&quot;0.000625&quot;,&quot;title&quot;:&quot;Forest Fires in Brazilian Amazon\\r\\nInc\\u00eandio Floresta na Amaz\\u00f4nia 2018&quot;,&quot;orientation&quot;:&quot;0&quot;}\" data-image-title=\"Forest Fires in Brazilian Amazon\r\nInc\u00eandio Floresta na Amaz\u00f4nia 2018\" data-image-description=\"\" data-image-caption=\"&lt;p&gt;At the end of the undercurrent fire season in the Amazon Forest, Greenpeace documents the destruction left by forest fires in the region between the Brazilian states of Amazonas, Acre and Rond\u00f4nia.&lt;br \/&gt;\nDespite its wide-known importance in conserving socio-biodiversity and its essential role in maintaining world climate conditions, the Amazon forest still presents fire spots and vast areas of accumulated ashes. Forest fires pose a threat to people, animals and contribute to increasing greenhouse gas emissions. In 2018, in spite of its decrease in absolute numbers, fire spots increased in the most deforested states.&lt;br \/&gt;\nAo final da temporada de fogo na Amaz\u00f4nia, o Greenpeace esteve em campo para registrar o estrago deixado pelas queimadas, na regi\u00e3o entre os estados do Amazonas, Acre e Rond\u00f4nia&lt;br \/&gt;\nMesmo com sua reconhecida import\u00e2ncia para conserva\u00e7\u00e3o da sociobiodiversidade e do clima no mundo todo, a Amaz\u00f4nia ainda possui focos ativos de inc\u00eandio e \u00e1reas de cinzas. O fogo oferece risco \u00e0s pessoas e aos animais e contribui para engordar as emiss\u00f5es de gases do efeito estufa. Em 2018, apesar da tend\u00eancia geral de queda no n\u00famero de focos de calor na Amaz\u00f4nia Legal, estados cr\u00edticos em desmatamento registraram mais fogo.&lt;\/p&gt;\n\" data-medium-file=\"https:\/\/i0.wp.com\/blogdalucianaoliveira.com.br\/blog\/wp-content\/uploads\/2020\/06\/fotog.jpg?fit=300%2C200\" data-large-file=\"https:\/\/i0.wp.com\/blogdalucianaoliveira.com.br\/blog\/wp-content\/uploads\/2020\/06\/fotog.jpg?fit=600%2C400\" src=\"https:\/\/i0.wp.com\/blogdalucianaoliveira.com.br\/blog\/wp-content\/uploads\/2020\/06\/fotog.jpg?fit=600%2C400\" alt=\"\" class=\"wp-image-28769\" srcset=\"https:\/\/i0.wp.com\/blogdalucianaoliveira.com.br\/blog\/wp-content\/uploads\/2020\/06\/fotog.jpg?w=1200 1200w, https:\/\/i0.wp.com\/blogdalucianaoliveira.com.br\/blog\/wp-content\/uploads\/2020\/06\/fotog.jpg?resize=300%2C200 300w, https:\/\/i0.wp.com\/blogdalucianaoliveira.com.br\/blog\/wp-content\/uploads\/2020\/06\/fotog.jpg?resize=1024%2C683 1024w, https:\/\/i0.wp.com\/blogdalucianaoliveira.com.br\/blog\/wp-content\/uploads\/2020\/06\/fotog.jpg?resize=768%2C512 768w, https:\/\/i0.wp.com\/blogdalucianaoliveira.com.br\/blog\/wp-content\/uploads\/2020\/06\/fotog.jpg?resize=450%2C300 450w\" sizes=\"auto, (max-width: 600px) 100vw, 600px\" \/><figcaption>foto: Greenpeace<\/figcaption><\/figure>\n\n\n\n<p>A decis\u00e3o foi tomada com a aproxima\u00e7\u00e3o do per\u00edodo de queimadas que tudo indica, ser\u00e1 pior este ano. O estado \u00e9 um dos quatro que concentraram 84,5% da floresta derrubada na Amaz\u00f4nia entre agosto de 2018 e julho de 2019.<\/p>\n\n\n\n<p>Neste per\u00edodo 10.129 km\u00b2 foram\ndesmatados segundo o Instituto Nacional de Pesquisas Espaciais (Inpe).<\/p>\n\n\n\n<!--more-->\n\n\n\n<p>Rond\u00f4nia aparece no mapeamento do Projeto de Monitoramento do Desmatamento na Amaz\u00f4nia Legal por Sat\u00e9lite (Prodes) com 1.257 km\u00b2, o  equivalente a 12,41% de participa\u00e7\u00e3o na destrui\u00e7\u00e3o do maior bioma do Brasil.<\/p>\n\n\n\n<figure class=\"wp-block-image size-large\"><img loading=\"lazy\" decoding=\"async\" width=\"1280\" height=\"853\" data-attachment-id=\"28770\" data-permalink=\"http:\/\/blogdalucianaoliveira.com.br\/blog\/2020\/06\/16\/comando-da-pm-em-rondonia-suspende-apoio-a-icmbio-e-ibama-em-operacoes-contra-o-desmatamento-ilegal\/pm-3\/\" data-orig-file=\"https:\/\/i0.wp.com\/blogdalucianaoliveira.com.br\/blog\/wp-content\/uploads\/2020\/06\/pm.jpg?fit=1280%2C853\" data-orig-size=\"1280,853\" data-comments-opened=\"0\" data-image-meta=\"{&quot;aperture&quot;:&quot;0&quot;,&quot;credit&quot;:&quot;&quot;,&quot;camera&quot;:&quot;&quot;,&quot;caption&quot;:&quot;&quot;,&quot;created_timestamp&quot;:&quot;0&quot;,&quot;copyright&quot;:&quot;&quot;,&quot;focal_length&quot;:&quot;0&quot;,&quot;iso&quot;:&quot;0&quot;,&quot;shutter_speed&quot;:&quot;0&quot;,&quot;title&quot;:&quot;&quot;,&quot;orientation&quot;:&quot;0&quot;}\" data-image-title=\"pm\" data-image-description=\"\" data-image-caption=\"\" data-medium-file=\"https:\/\/i0.wp.com\/blogdalucianaoliveira.com.br\/blog\/wp-content\/uploads\/2020\/06\/pm.jpg?fit=300%2C200\" data-large-file=\"https:\/\/i0.wp.com\/blogdalucianaoliveira.com.br\/blog\/wp-content\/uploads\/2020\/06\/pm.jpg?fit=600%2C400\" src=\"https:\/\/i0.wp.com\/blogdalucianaoliveira.com.br\/blog\/wp-content\/uploads\/2020\/06\/pm.jpg?fit=600%2C400\" alt=\"\" class=\"wp-image-28770\" srcset=\"https:\/\/i0.wp.com\/blogdalucianaoliveira.com.br\/blog\/wp-content\/uploads\/2020\/06\/pm.jpg?w=1280 1280w, https:\/\/i0.wp.com\/blogdalucianaoliveira.com.br\/blog\/wp-content\/uploads\/2020\/06\/pm.jpg?resize=300%2C200 300w, https:\/\/i0.wp.com\/blogdalucianaoliveira.com.br\/blog\/wp-content\/uploads\/2020\/06\/pm.jpg?resize=1024%2C682 1024w, https:\/\/i0.wp.com\/blogdalucianaoliveira.com.br\/blog\/wp-content\/uploads\/2020\/06\/pm.jpg?resize=768%2C512 768w, https:\/\/i0.wp.com\/blogdalucianaoliveira.com.br\/blog\/wp-content\/uploads\/2020\/06\/pm.jpg?resize=450%2C300 450w, https:\/\/i0.wp.com\/blogdalucianaoliveira.com.br\/blog\/wp-content\/uploads\/2020\/06\/pm.jpg?w=1200 1200w\" sizes=\"auto, (max-width: 600px) 100vw, 600px\" \/><\/figure>\n\n\n\n<p>O of\u00edcio do Comandante Geral da PM\/RO, Coronel Alexandre Lu\u00eds de Freitas Almeida, representa quebra de colabora\u00e7\u00e3o pelo meio ambiente em detrimento do Pacto Federativo e foi inclu\u00eddo no Sistema Eletr\u00f4nico de Informa\u00e7\u00f5es (SEI) no \u00faltimo dia 9.<\/p>\n\n\n\n<p>Um dia antes, o vice-presidente da rep\u00fablica Hamilton Mour\u00e3o anunciou em reuni\u00e3o da 17\u00aa Brigada de Infantaria de Selva (17BIS) em Porto Velho, a Opera\u00e7\u00e3o Verde Brasil 2  que estabelece a\u00e7\u00f5es preventivas e repressivas contra desmatamentos e queimadas na Amaz\u00f4nia Legal.<\/p>\n\n\n\n<figure class=\"wp-block-image\"><img data-recalc-dims=\"1\" decoding=\"async\" src=\"https:\/\/i0.wp.com\/s2.glbimg.com\/clmJRRPOImy_Puy32gRAezYddUQ%3D\/0x0%3A5184x3456\/984x0\/smart\/filters%3Astrip_icc%28%29\/i.s3.glbimg.com\/v1\/AUTH_59edd422c0c84a879bd37670ae4f538a\/internal_photos\/bs\/2020\/s\/g\/7lyFUBQwS6TdiZAQA4tw\/img-0773.jpg?w=600&#038;ssl=1\" alt=\"Vice-presidente Hamilton Mour\u00e3o e o governador Marcos Rocha em coletiva sobre a opera\u00e7\u00e3o Verde Brasil 2 \u2014 Foto: Di\u00eago Holanda\/G1\"\/><\/figure>\n\n\n\n<p> <\/p>\n\n\n\n<p><\/p>\n\n\n\n<figure class=\"wp-block-image size-large\"><img loading=\"lazy\" decoding=\"async\" width=\"828\" height=\"1066\" data-attachment-id=\"28767\" data-permalink=\"http:\/\/blogdalucianaoliveira.com.br\/blog\/2020\/06\/16\/comando-da-pm-em-rondonia-suspende-apoio-a-icmbio-e-ibama-em-operacoes-contra-o-desmatamento-ilegal\/of-2\/\" data-orig-file=\"https:\/\/i0.wp.com\/blogdalucianaoliveira.com.br\/blog\/wp-content\/uploads\/2020\/06\/OF.jpg?fit=828%2C1066\" data-orig-size=\"828,1066\" data-comments-opened=\"0\" data-image-meta=\"{&quot;aperture&quot;:&quot;0&quot;,&quot;credit&quot;:&quot;&quot;,&quot;camera&quot;:&quot;&quot;,&quot;caption&quot;:&quot;&quot;,&quot;created_timestamp&quot;:&quot;0&quot;,&quot;copyright&quot;:&quot;&quot;,&quot;focal_length&quot;:&quot;0&quot;,&quot;iso&quot;:&quot;0&quot;,&quot;shutter_speed&quot;:&quot;0&quot;,&quot;title&quot;:&quot;&quot;,&quot;orientation&quot;:&quot;0&quot;}\" data-image-title=\"OF\" data-image-description=\"\" data-image-caption=\"\" data-medium-file=\"https:\/\/i0.wp.com\/blogdalucianaoliveira.com.br\/blog\/wp-content\/uploads\/2020\/06\/OF.jpg?fit=233%2C300\" data-large-file=\"https:\/\/i0.wp.com\/blogdalucianaoliveira.com.br\/blog\/wp-content\/uploads\/2020\/06\/OF.jpg?fit=600%2C773\" src=\"https:\/\/i1.wp.com\/blogdalucianaoliveira.com.br\/blog\/wp-content\/uploads\/2020\/06\/OF.jpg?fit=600%2C773\" alt=\"\" class=\"wp-image-28767\" srcset=\"https:\/\/i0.wp.com\/blogdalucianaoliveira.com.br\/blog\/wp-content\/uploads\/2020\/06\/OF.jpg?w=828 828w, https:\/\/i0.wp.com\/blogdalucianaoliveira.com.br\/blog\/wp-content\/uploads\/2020\/06\/OF.jpg?resize=233%2C300 233w, https:\/\/i0.wp.com\/blogdalucianaoliveira.com.br\/blog\/wp-content\/uploads\/2020\/06\/OF.jpg?resize=795%2C1024 795w, https:\/\/i0.wp.com\/blogdalucianaoliveira.com.br\/blog\/wp-content\/uploads\/2020\/06\/OF.jpg?resize=768%2C989 768w\" sizes=\"auto, (max-width: 600px) 100vw, 600px\" \/><\/figure>\n\n\n\n<p>O comunicado foi destinado \u00e0 Superintend\u00eancia do Ibama, ao chefe da Base Avan\u00e7ada do ICMbio em Porto Velho, \u00e0 Procuradoria da Rep\u00fablica em Rond\u00f4nia e \u00e0 Superintend\u00eancia Regional da Pol\u00edcia Federal .<\/p>\n\n\n\n<p>O comandante informou que n\u00e3o vai cumprir, porque n\u00e3o concorda, o que obriga a INSTRU\u00c7\u00c3O NORMATIVA ICMBIO N\u00ba 19, DE 19 DE DEZEMBRO DE 2014 e cita como &#8220;desnecess\u00e1ria&#8221; a destrui\u00e7\u00e3o de instrumentos, equipamentos, embarca\u00e7\u00f5es ou ve\u00edculos de qualquer natureza apreendidos durante constata\u00e7\u00e3o de pr\u00e1tica de infra\u00e7\u00e3o administrativa ambiental.<\/p>\n\n\n\n<p>Ele alega que relat\u00f3rios de intelig\u00eancia teriam demonstrado risco \u00e0s guarni\u00e7\u00f5es policiais por causa da revolta da popula\u00e7\u00e3o com a incinera\u00e7\u00e3o de bens dos infratores. <\/p>\n\n\n\n<p>O cumprimento da instru\u00e7\u00e3o amparada por v\u00e1rios dispositivos legais, segundo o comandante que tomou posse no \u00faltimo dia 3 de junho \u201cpode denegrir a imagem do governo do estado\u201d.<\/p>\n\n\n\n<p>O comandante se esquiva do dever de proteger os agentes dos \u00f3rg\u00e3os de defesa do meio ambiente. A decis\u00e3o favorece o enfraquecimento da fiscaliza\u00e7\u00e3o dos crimes por press\u00e3o dos contumazes devastadores.<\/p>\n\n\n\n<p>\u201cEst\u00e1 suspenso temporariamente o apoio policial militar \u00e0s a\u00e7\u00f5es e opera\u00e7\u00f5es do IBAMA e ICMBio\u201d, escreveu taxativamente o comandante.<\/p>\n\n\n\n<p>De imediato ficam prejudicadas as a\u00e7\u00f5es permanentes em Unidades de Conserva\u00e7\u00e3o como a Flona do Jamari e Flona do Bom Futuro.<\/p>\n\n\n\n<figure class=\"wp-block-image size-large\"><img loading=\"lazy\" decoding=\"async\" width=\"1280\" height=\"960\" data-attachment-id=\"28766\" data-permalink=\"http:\/\/blogdalucianaoliveira.com.br\/blog\/2020\/06\/16\/comando-da-pm-em-rondonia-suspende-apoio-a-icmbio-e-ibama-em-operacoes-contra-o-desmatamento-ilegal\/bomfuturo2\/\" data-orig-file=\"https:\/\/i0.wp.com\/blogdalucianaoliveira.com.br\/blog\/wp-content\/uploads\/2020\/06\/bomfuturo2.jpg?fit=1280%2C960\" data-orig-size=\"1280,960\" data-comments-opened=\"0\" data-image-meta=\"{&quot;aperture&quot;:&quot;0&quot;,&quot;credit&quot;:&quot;&quot;,&quot;camera&quot;:&quot;&quot;,&quot;caption&quot;:&quot;&quot;,&quot;created_timestamp&quot;:&quot;0&quot;,&quot;copyright&quot;:&quot;&quot;,&quot;focal_length&quot;:&quot;0&quot;,&quot;iso&quot;:&quot;0&quot;,&quot;shutter_speed&quot;:&quot;0&quot;,&quot;title&quot;:&quot;&quot;,&quot;orientation&quot;:&quot;1&quot;}\" data-image-title=\"bomfuturo2\" data-image-description=\"\" data-image-caption=\"\" data-medium-file=\"https:\/\/i0.wp.com\/blogdalucianaoliveira.com.br\/blog\/wp-content\/uploads\/2020\/06\/bomfuturo2.jpg?fit=300%2C225\" data-large-file=\"https:\/\/i0.wp.com\/blogdalucianaoliveira.com.br\/blog\/wp-content\/uploads\/2020\/06\/bomfuturo2.jpg?fit=600%2C450\" src=\"https:\/\/i2.wp.com\/blogdalucianaoliveira.com.br\/blog\/wp-content\/uploads\/2020\/06\/bomfuturo2.jpg?fit=600%2C450\" alt=\"\" class=\"wp-image-28766\" srcset=\"https:\/\/i0.wp.com\/blogdalucianaoliveira.com.br\/blog\/wp-content\/uploads\/2020\/06\/bomfuturo2.jpg?w=1280 1280w, https:\/\/i0.wp.com\/blogdalucianaoliveira.com.br\/blog\/wp-content\/uploads\/2020\/06\/bomfuturo2.jpg?resize=300%2C225 300w, https:\/\/i0.wp.com\/blogdalucianaoliveira.com.br\/blog\/wp-content\/uploads\/2020\/06\/bomfuturo2.jpg?resize=1024%2C768 1024w, https:\/\/i0.wp.com\/blogdalucianaoliveira.com.br\/blog\/wp-content\/uploads\/2020\/06\/bomfuturo2.jpg?resize=768%2C576 768w, https:\/\/i0.wp.com\/blogdalucianaoliveira.com.br\/blog\/wp-content\/uploads\/2020\/06\/bomfuturo2.jpg?resize=400%2C300 400w, https:\/\/i0.wp.com\/blogdalucianaoliveira.com.br\/blog\/wp-content\/uploads\/2020\/06\/bomfuturo2.jpg?w=1200 1200w\" sizes=\"auto, (max-width: 600px) 100vw, 600px\" \/><\/figure>\n\n\n\n<p>A suspens\u00e3o de apoio \u00e0s a\u00e7\u00f5es do IBAMA e ICMBio s\u00f3 beneficia os criminosos que se sentem empoderados com os discursos e a\u00e7\u00f5es do presidente Jair Bolsonaro.<\/p>\n\n\n\n<p>\u00c9 uma decis\u00e3o que conforme sugerido pelo ministro do Meio Ambiente, Ricardo Salles,  aproveita a aten\u00e7\u00e3o da imprensa com pandemia para afrouxar a prote\u00e7\u00e3o e potencializar a destrui\u00e7\u00e3o das florestas.<\/p>\n\n\n\n<p>No twitter, <strong>O Fiscal do Ibama<\/strong> n\u00e3o perdoou e chamou de &#8216;vanguarda do atraso&#8217; a decis\u00e3o do governador bolsonarista. <\/p>\n\n\n\n<figure class=\"wp-block-embed-twitter wp-block-embed is-type-rich is-provider-twitter\"><div class=\"wp-block-embed__wrapper\">\n<blockquote class=\"twitter-tweet\" data-width=\"550\" data-dnt=\"true\"><p lang=\"pt\" dir=\"ltr\">O governador de ROND\u00d4NIA, um milico do PSL eleito no v\u00e1cuo no miliciano, resolveu que a POL\u00cdCIA MILITAR n\u00e3o ajudar\u00e1 o IBAMA nas fiscaliza\u00e7\u00f5es enquanto os fiscais APLICAREM A LEI inutilizando os equipamentos usados em crimes ambientais! <br>\u00c9 a VANGUARDA DO ATRASO! <a href=\"https:\/\/t.co\/5qfcWVTDH0\">pic.twitter.com\/5qfcWVTDH0<\/a><\/p>&mdash; O FISCAL do IBAMA \ud83c\udf0e (@fiscaldoibama) <a href=\"https:\/\/twitter.com\/fiscaldoibama\/status\/1272867903990370305?ref_src=twsrc%5Etfw\">June 16, 2020<\/a><\/blockquote><script async src=\"https:\/\/platform.twitter.com\/widgets.js\" charset=\"utf-8\"><\/script>\n<\/div><\/figure>\n\n\n\n<p>Para a Coordenadora da Associa\u00e7\u00e3o de Defesa Etnoambiental Kanind\u00e9, Ivaneide Bandeira, a mensagem do governo \u00e9 clara: \u201cEstamos do lado do invasor, da ilegalidade. \u00c9 o que diz o governo do estado e o que tem dito o presidente Bolsonaro com rela\u00e7\u00e3o ao meio ambiente\u201d. <\/p>\n\n\n\n<p>Por telefone o comandante justificou a decis\u00e3o com a necessidade de &#8220;ajustes nos procedimentos operacionais&#8221; que estariam irregulares, especialmente no que diz respeito aos locais em que s\u00e3o feitas as incinera\u00e7\u00f5es e a forma e quantidade de combust\u00edvel utilizado na destrui\u00e7\u00e3o dos equipamentos e m\u00e1quinas.<\/p>\n\n\n\n<p>&#8220;Quero garantir seguran\u00e7a jur\u00eddica a essas opera\u00e7\u00f5es fazendo com que estejam de acordo com todas as normas procedimentais. Convoquei uma reuni\u00e3o para fazermos o ajuste em conjunto e t\u00e3o logo haja consenso, a medida ser\u00e1 suspensa&#8221;, disse o coronel Alexandre de Freitas. <\/p>\n","protected":false},"excerpt":{"rendered":"<p>A decis\u00e3o foi tomada com a aproxima\u00e7\u00e3o do per\u00edodo de queimadas que tudo indica, ser\u00e1 pior este ano. O estado \u00e9 um dos quatro que concentraram 84,5% da floresta derrubada na Amaz\u00f4nia entre agosto de 2018 e julho de 2019. Neste per\u00edodo 10.129 km\u00b2 foram desmatados segundo o Instituto Nacional de Pesquisas Espaciais (Inpe).<\/p>\n","protected":false},"author":1,"featured_media":0,"comment_status":"closed","ping_status":"open","sticky":false,"template":"","format":"standard","meta":{"_exactmetrics_skip_tracking":false,"_exactmetrics_sitenote_active":false,"_exactmetrics_sitenote_note":"","_exactmetrics_sitenote_category":0,"jetpack_post_was_ever_published":false,"_jetpack_newsletter_access":"","_jetpack_dont_email_post_to_subs":false,"_jetpack_newsletter_tier_id":0,"_jetpack_memberships_contains_paywalled_content":false,"_jetpack_memberships_contains_paid_content":false,"footnotes":"","jetpack_publicize_message":"","jetpack_publicize_feature_enabled":true,"jetpack_social_post_already_shared":true,"jetpack_social_options":{"image_generator_settings":{"template":"highway","enabled":false},"version":2}},"categories":[1],"tags":[],"class_list":["post-28765","post","type-post","status-publish","format-standard","hentry","category-notas"],"jetpack_publicize_connections":[],"jetpack_sharing_enabled":true,"jetpack_featured_media_url":"","jetpack_shortlink":"https:\/\/wp.me\/p7wKYW-7tX","jetpack-related-posts":[],"_links":{"self":[{"href":"http:\/\/blogdalucianaoliveira.com.br\/blog\/wp-json\/wp\/v2\/posts\/28765","targetHints":{"allow":["GET"]}}],"collection":[{"href":"http:\/\/blogdalucianaoliveira.com.br\/blog\/wp-json\/wp\/v2\/posts"}],"about":[{"href":"http:\/\/blogdalucianaoliveira.com.br\/blog\/wp-json\/wp\/v2\/types\/post"}],"author":[{"embeddable":true,"href":"http:\/\/blogdalucianaoliveira.com.br\/blog\/wp-json\/wp\/v2\/users\/1"}],"replies":[{"embeddable":true,"href":"http:\/\/blogdalucianaoliveira.com.br\/blog\/wp-json\/wp\/v2\/comments?post=28765"}],"version-history":[{"count":14,"href":"http:\/\/blogdalucianaoliveira.com.br\/blog\/wp-json\/wp\/v2\/posts\/28765\/revisions"}],"predecessor-version":[{"id":28810,"href":"http:\/\/blogdalucianaoliveira.com.br\/blog\/wp-json\/wp\/v2\/posts\/28765\/revisions\/28810"}],"wp:attachment":[{"href":"http:\/\/blogdalucianaoliveira.com.br\/blog\/wp-json\/wp\/v2\/media?parent=28765"}],"wp:term":[{"taxonomy":"category","embeddable":true,"href":"http:\/\/blogdalucianaoliveira.com.br\/blog\/wp-json\/wp\/v2\/categories?post=28765"},{"taxonomy":"post_tag","embeddable":true,"href":"http:\/\/blogdalucianaoliveira.com.br\/blog\/wp-json\/wp\/v2\/tags?post=28765"}],"curies":[{"name":"wp","href":"https:\/\/api.w.org\/{rel}","templated":true}]}}