{"id":2877,"date":"2016-08-04T10:31:46","date_gmt":"2016-08-04T14:31:46","guid":{"rendered":"http:\/\/blogdalucianaoliveira.com.br\/blog\/?p=2877"},"modified":"2016-08-04T10:31:46","modified_gmt":"2016-08-04T14:31:46","slug":"na-mira-temer-conseguiu-reaproximar-centrais-sindicais-que-divergiram-sobre-impeachment","status":"publish","type":"post","link":"http:\/\/blogdalucianaoliveira.com.br\/blog\/2016\/08\/04\/na-mira-temer-conseguiu-reaproximar-centrais-sindicais-que-divergiram-sobre-impeachment\/","title":{"rendered":"Na mira: Temer conseguiu reaproximar Centrais Sindicais que divergiram sobre impeachment"},"content":{"rendered":"<p><img data-recalc-dims=\"1\" loading=\"lazy\" decoding=\"async\" data-attachment-id=\"2878\" data-permalink=\"http:\/\/blogdalucianaoliveira.com.br\/blog\/2016\/08\/04\/na-mira-temer-conseguiu-reaproximar-centrais-sindicais-que-divergiram-sobre-impeachment\/image-662\/\" data-orig-file=\"https:\/\/i0.wp.com\/blogdalucianaoliveira.com.br\/blog\/wp-content\/uploads\/2016\/08\/image-31.jpeg?fit=480%2C349\" data-orig-size=\"480,349\" data-comments-opened=\"0\" data-image-meta=\"{&quot;aperture&quot;:&quot;0&quot;,&quot;credit&quot;:&quot;&quot;,&quot;camera&quot;:&quot;&quot;,&quot;caption&quot;:&quot;&quot;,&quot;created_timestamp&quot;:&quot;0&quot;,&quot;copyright&quot;:&quot;&quot;,&quot;focal_length&quot;:&quot;0&quot;,&quot;iso&quot;:&quot;0&quot;,&quot;shutter_speed&quot;:&quot;0&quot;,&quot;title&quot;:&quot;&quot;,&quot;orientation&quot;:&quot;1&quot;}\" data-image-title=\"image\" data-image-description=\"\" data-image-caption=\"\" data-medium-file=\"https:\/\/i0.wp.com\/blogdalucianaoliveira.com.br\/blog\/wp-content\/uploads\/2016\/08\/image-31.jpeg?fit=300%2C218\" data-large-file=\"https:\/\/i0.wp.com\/blogdalucianaoliveira.com.br\/blog\/wp-content\/uploads\/2016\/08\/image-31.jpeg?fit=480%2C349\" src=\"https:\/\/i0.wp.com\/blogdalucianaoliveira.com.br\/blog\/wp-content\/uploads\/2016\/08\/image-31.jpeg?resize=480%2C349\" alt=\"image\" width=\"480\" height=\"349\" class=\"alignnone size-full wp-image-2878\" srcset=\"https:\/\/i0.wp.com\/blogdalucianaoliveira.com.br\/blog\/wp-content\/uploads\/2016\/08\/image-31.jpeg?w=480 480w, https:\/\/i0.wp.com\/blogdalucianaoliveira.com.br\/blog\/wp-content\/uploads\/2016\/08\/image-31.jpeg?resize=300%2C218 300w, https:\/\/i0.wp.com\/blogdalucianaoliveira.com.br\/blog\/wp-content\/uploads\/2016\/08\/image-31.jpeg?resize=413%2C300 413w\" sizes=\"auto, (max-width: 480px) 100vw, 480px\" \/><\/p>\n<p>Por meses as maiores Centrais Sindicais se afastaram por falta de consenso sobre o impeachment de Dilma Roussef. Ao menos com rela\u00e7\u00e3o aos direitos dos trabalhadores, h\u00e1 consenso: \u00e9 golpe! <!--more--><\/p>\n<p>O deputado federal Paulinho da For\u00e7a, presidente da For\u00e7a Sindical, chegou a exibir em sess\u00e3o na C\u00e2mara uma faixa com a frase: \u201co Brasil n\u00e3o aguenta mais voc\u00ea, caia fora\u201d.<\/p>\n<p>Mas, o presidente interino conseguiu unir novamente os movimentos sindicais contra as propostas de reformas trabalhistas e na Previd\u00eancia. <\/p>\n<p>Em assembleia, as seis maiores Centrais Sindicais aprovaram um documento \u00fanico com cr\u00edticas pesadas \u00e0s propostas de Temer para a recuperr a economia apertando o pesco\u00e7o dos trabalhadores.<\/p>\n<p>&#8220;Hoje vivemos uma situa\u00e7\u00e3o de calamidade, com doze milh\u00f5es de desempregados. N\u00e3o bastasse esta grave situa\u00e7\u00e3o, existe uma forte tentativa de desmonte das pol\u00edticas de inclus\u00e3o social que est\u00e3o na Constitui\u00e7\u00e3o de 1988, e de outras conquistadas anteriormente, com muita luta, pelos trabalhadores, como a aposentadoria por tempo de contribui\u00e7\u00e3o&#8221;, declara Paulo Pereira da Silva, Paulinho, presidente da For\u00e7a Sindical.<\/p>\n<p>O presidente da Central \u00danica dos Trabalhadores, Wagner Freitas, aparou as arestas e convocou todos \u00e0 lutar juntos contra as reformas: &#8220;O que nos deixa unificado \u00e9 a n\u00e3o retirada dos diretos dos trabalhadores, n\u00e3o mexer na CLT, na jornada de trabalho&#8221;.<\/p>\n<p>Est\u00e3o programados protestos em v\u00e1rias capitais nesta sexta-feira, quando acontece a abertura dos jogos ol\u00edmpicos.<br \/>\nS\u00f3 em regi\u00f5es pr\u00f3ximas ao Maracan\u00e3, sete foram anunciados. <\/p>\n<p>Temer est\u00e1 na mira.<br \/>\nOs movimentos sindicais querem aproveitar os holofotes da imprensa internacional para dar visibilidade \u00e0s manifesta\u00e7\u00f5es. <\/p>\n","protected":false},"excerpt":{"rendered":"<p>Por meses as maiores Centrais Sindicais se afastaram por falta de consenso sobre o impeachment de Dilma Roussef. Ao menos com rela\u00e7\u00e3o aos direitos dos trabalhadores, h\u00e1 consenso: \u00e9 golpe!<\/p>\n","protected":false},"author":1,"featured_media":0,"comment_status":"closed","ping_status":"open","sticky":false,"template":"","format":"standard","meta":{"_exactmetrics_skip_tracking":false,"_exactmetrics_sitenote_active":false,"_exactmetrics_sitenote_note":"","_exactmetrics_sitenote_category":0,"jetpack_post_was_ever_published":false,"_jetpack_newsletter_access":"","_jetpack_dont_email_post_to_subs":false,"_jetpack_newsletter_tier_id":0,"_jetpack_memberships_contains_paywalled_content":false,"_jetpack_memberships_contains_paid_content":false,"footnotes":"","jetpack_publicize_message":"","jetpack_publicize_feature_enabled":true,"jetpack_social_post_already_shared":true,"jetpack_social_options":{"image_generator_settings":{"template":"highway","enabled":false},"version":2}},"categories":[1],"tags":[179,39,45,180],"class_list":["post-2877","post","type-post","status-publish","format-standard","hentry","category-notas","tag-centrais-sindicais","tag-golpe","tag-temer","tag-trabalhador"],"jetpack_publicize_connections":[],"jetpack_sharing_enabled":true,"jetpack_featured_media_url":"","jetpack_shortlink":"https:\/\/wp.me\/p7wKYW-Kp","jetpack-related-posts":[],"_links":{"self":[{"href":"http:\/\/blogdalucianaoliveira.com.br\/blog\/wp-json\/wp\/v2\/posts\/2877","targetHints":{"allow":["GET"]}}],"collection":[{"href":"http:\/\/blogdalucianaoliveira.com.br\/blog\/wp-json\/wp\/v2\/posts"}],"about":[{"href":"http:\/\/blogdalucianaoliveira.com.br\/blog\/wp-json\/wp\/v2\/types\/post"}],"author":[{"embeddable":true,"href":"http:\/\/blogdalucianaoliveira.com.br\/blog\/wp-json\/wp\/v2\/users\/1"}],"replies":[{"embeddable":true,"href":"http:\/\/blogdalucianaoliveira.com.br\/blog\/wp-json\/wp\/v2\/comments?post=2877"}],"version-history":[{"count":3,"href":"http:\/\/blogdalucianaoliveira.com.br\/blog\/wp-json\/wp\/v2\/posts\/2877\/revisions"}],"predecessor-version":[{"id":2881,"href":"http:\/\/blogdalucianaoliveira.com.br\/blog\/wp-json\/wp\/v2\/posts\/2877\/revisions\/2881"}],"wp:attachment":[{"href":"http:\/\/blogdalucianaoliveira.com.br\/blog\/wp-json\/wp\/v2\/media?parent=2877"}],"wp:term":[{"taxonomy":"category","embeddable":true,"href":"http:\/\/blogdalucianaoliveira.com.br\/blog\/wp-json\/wp\/v2\/categories?post=2877"},{"taxonomy":"post_tag","embeddable":true,"href":"http:\/\/blogdalucianaoliveira.com.br\/blog\/wp-json\/wp\/v2\/tags?post=2877"}],"curies":[{"name":"wp","href":"https:\/\/api.w.org\/{rel}","templated":true}]}}