{"id":28782,"date":"2020-06-16T10:16:09","date_gmt":"2020-06-16T14:16:09","guid":{"rendered":"http:\/\/blogdalucianaoliveira.com.br\/blog\/?p=28782"},"modified":"2020-06-16T10:16:14","modified_gmt":"2020-06-16T14:16:14","slug":"pf-faz-busca-e-apreensao-contra-aliados-de-bolsonaro-em-inquerito-sobre-atos-antidemocraticos","status":"publish","type":"post","link":"http:\/\/blogdalucianaoliveira.com.br\/blog\/2020\/06\/16\/pf-faz-busca-e-apreensao-contra-aliados-de-bolsonaro-em-inquerito-sobre-atos-antidemocraticos\/","title":{"rendered":"PF faz busca e apreens\u00e3o contra aliados de Bolsonaro em inqu\u00e9rito sobre atos antidemocr\u00e1ticos"},"content":{"rendered":"\n<figure class=\"wp-block-image\"><img data-recalc-dims=\"1\" decoding=\"async\" src=\"https:\/\/i0.wp.com\/live.mrf.io\/statics\/i\/ps\/cdn.revistaforum.com.br\/wp-content\/uploads\/2020\/05\/allan.jpg?w=600&#038;ssl=1\" alt=\"PF cumpre mandado de busca e apreens\u00e3o na casa de blogueiro ...\"\/><figcaption>foto Twitter<\/figcaption><\/figure>\n\n\n\n<p><\/p>\n\n\n\n<h4 class=\"wp-block-heading\">S\u00e3o cumpridos 21 mandados por ordem de Moraes; deputado Daniel Silveira (PSL-RJ), blogueiro Allan dos Santos e advogado e marqueteiro ligados \u00e0 Alian\u00e7a est\u00e3o entre os alvos<\/h4>\n\n\n\n<!--more-->\n\n\n\n<p><strong><a href=\"https:\/\/www1.folha.uol.com.br\/autores\/marcelo-rocha.shtml\">Marcelo Rocha<\/a><\/strong><strong><a href=\"https:\/\/www1.folha.uol.com.br\/autores\/camila-mattoso.shtml\">Camila Mattoso<\/a><\/strong>, na FSP<\/p>\n\n\n\n<p>A Pol\u00edcia Federal cumpre, na manh\u00e3 desta ter\u00e7a-feira (16), mandados de busca e apreens\u00e3o solicitados pela PGR (Procuradoria-Geral da Rep\u00fablica) e determinados pelo ministro Alexandre de Moraes, do STF (Supremo Tribunal Federal).<\/p>\n\n\n\n<p>As medidas, que atingem aliados do presidente Jair Bolsonaro, t\u00eam o objetivo de instruir o Inqu\u00e9rito que investiga a origem de recursos e a estrutura de financiamento de grupos suspeitos da&nbsp;<a href=\"https:\/\/www1.folha.uol.com.br\/poder\/2020\/06\/ministro-do-stf-manda-prender-winter-e-mais-cinco-em-inquerito-sobre-atos-antidemocraticos.shtml\">pr\u00e1tica de atos antidemocr\u00e1ticos<\/a>.<\/p>\n\n\n\n<p>Entre os alvos est\u00e3o um advogado e um marqueteiro ligados \u00e0 Alian\u00e7a pelo Brasil, partido que Bolsonaro tenta criar desde sua sa\u00edda do PSL, no final do ano passado.<a href=\"javascript:void(0);\"><\/a><\/p>\n\n\n\n<p>No total s\u00e3o cumpridos 21 mandados de busca e apreens\u00e3o nos estados de S\u00e3o Paulo, Rio de Janeiro, Minas Gerais, Maranh\u00e3o, Santa Catarina e no Distrito Federal.<\/p>\n\n\n\n<p>Uma linha de apura\u00e7\u00e3o neste inqu\u00e9rito, segundo a PGR, busca esclarecer se os investigados se articularam com parlamentares e outras autoridades com prerrogativa de foro no STF \u201dpara financiar e promover atos que se enquadram em pr\u00e1ticas tipificadas como crime pela Lei de Seguran\u00e7a Nacional (7.170\/1983)\u201d.<\/p>\n\n\n\n<p>Em uma rede social, o deputado federal Daniel Silveira (PSL-RJ), disse ser um dos alvos das buscas da PF. \u201cPol\u00edcia Federal em meu apartamento. Estou de fato incomodando algumas esferas do velho poder\u201d, disse.<\/p>\n\n\n\n<figure><iframe loading=\"lazy\" src=\"https:\/\/s.dynad.net\/stack\/928W5r5IndTfocT3VdUV-AB8UVlc0JbnGWyFZsei5gU.html\" width=\"100%\" height=\"0\"><\/iframe><\/figure>\n\n\n\n<p>Policiais vasculham o gabinete de Silveira na C\u00e2mara, o apartamento funcional em Bras\u00edlia e sua resid\u00eancia no Rio.<\/p>\n\n\n\n<p>Agentes federais tamb\u00e9m cumprem mandados em endere\u00e7os do<a href=\"https:\/\/www1.folha.uol.com.br\/poder\/2020\/06\/veja-o-que-se-sabe-contra-investigados-no-inquerito-das-fake-news-do-supremo.shtml\">&nbsp;blogueiro Allan dos Santos, do site Ter\u00e7a Livre<\/a>, do advogado Lu\u00eds Felipe Belmonte, um dos respons\u00e1veis pela montagem da Alian\u00e7a, e do marqueteiro S\u00e9rgio Lima, tamb\u00e9m do partido que Bolsonaro pretende criar.<br><br>O empres\u00e1rio Ot\u00e1vio Fakhoury \u00e9 outro alvo da opera\u00e7\u00e3o. Ele e Allan dos Santos j\u00e1 tinham sofrido busca e apreens\u00e3o&nbsp;<a href=\"https:\/\/www1.folha.uol.com.br\/poder\/2020\/05\/inquerito-no-stf-mira-operadores-de-ataques-aliados-de-bolsonaro-e-financiadores-entenda.shtml\">no inqu\u00e9rito de fake news<\/a>, tamb\u00e9m sob a relatoria do ministro Alexandre de Moraes.<\/p>\n\n\n\n<p>Em S\u00e3o Paulo, duas empresas de tecnologia est\u00e3o na lista de Moraes: a Novo Brasil Empreendimentos Digitais e a Inclutech Telecnologia da Informa\u00e7\u00e3o.<\/p>\n\n\n\n<p>Na segunda (15), no \u00e2mbito do mesmo inqu\u00e9rito sobre protestos antidemocr\u00e1ticos, a&nbsp;<a href=\"https:\/\/www1.folha.uol.com.br\/colunas\/painel\/2020\/06\/sara-winter-ativista-do-movimento-300-do-brasil-e-presa-pela-pf-em-brasilia.shtml\">ativista Sara Winter<\/a>, do grupo armado de extrema direita 300 do Brasil, foi presa ap\u00f3s opera\u00e7\u00e3o da PF.<\/p>\n\n\n\n<figure class=\"wp-block-image\"><a href=\"https:\/\/twitter.com\/danielPMERJ\"><img data-recalc-dims=\"1\" decoding=\"async\" src=\"https:\/\/i0.wp.com\/pbs.twimg.com\/profile_images\/1156778330349346816\/RtNiFn39_normal.jpg?w=600&#038;ssl=1\" alt=\"\"\/><\/a><\/figure>\n\n\n\n<p><a href=\"https:\/\/twitter.com\/danielPMERJ\"><strong>Daniel Silveira<\/strong><strong>\u2714<\/strong>@danielPMERJ<\/a><a href=\"https:\/\/twitter.com\/danielPMERJ\/status\/1272831921433739264\"><\/a><\/p>\n\n\n\n<p>Pol\u00edcia Federal em meu apartamento. Estou de fato incomodando algumas esferas do velho poder. E cada dia estarei mais firme nessa guerra!<br><br>Ah! E n\u00e3o nos esque\u00e7amos nunca: <a href=\"https:\/\/twitter.com\/hashtag\/NaoMexamComWeintraub?src=hash\">#NaoMexamComWeintraub<\/a> <br><br>For\u00e7a &amp; Honra!<a href=\"https:\/\/twitter.com\/intent\/like?tweet_id=1272831921433739264\">20,9&nbsp;mil<\/a><a href=\"https:\/\/twitter.com\/danielPMERJ\/status\/1272831921433739264\">06:02 &#8211; 16 de jun. de 2020<\/a><a href=\"https:\/\/support.twitter.com\/articles\/20175256\">Informa\u00e7\u00f5es e privacidade no Twitter Ads<\/a><a href=\"https:\/\/twitter.com\/danielPMERJ\/status\/1272831921433739264\">7.775 pessoas est\u00e3o falando sobre isso<\/a><\/p>\n\n\n\n<p>Na ocasi\u00e3o, Moraes atendeu a um pedido do Minist\u00e9rio P\u00fablico Federal feito na sexta-feira (12), a partir de ind\u00edcios de que o grupo liderado por Sara est\u00e1 organizando e captando recursos financeiros para a\u00e7\u00f5es que se enquadram na Lei de Seguran\u00e7a Nacional.<\/p>\n\n\n\n<p>Na noite de s\u00e1bado (13), integrantes do&nbsp;<a href=\"https:\/\/www1.folha.uol.com.br\/poder\/2020\/06\/apos-desmonte-de-acampamento-pro-bolsonaro-manifestantes-lancam-fogos-de-artificio-contra-o-stf.shtml\">grupo atacaram o pr\u00e9dio do STF<\/a>&nbsp;em Bras\u00edlia com fogos de artif\u00edcio. A pedido do presidente do tribunal, ministro Dias Toffoli, a Procuradoria-Geral da Rep\u00fablica&nbsp;<a href=\"https:\/\/www1.folha.uol.com.br\/poder\/2020\/06\/tofolli-pede-investigacao-e-aponta-ex-servidor-do-governo-como-um-dos-responsaveis-por-ataque-a-stf.shtml\">abriu investiga\u00e7\u00e3o<\/a>&nbsp;para a responsabiliza\u00e7\u00e3o dos autores.<\/p>\n\n\n\n<p>Tamb\u00e9m no s\u00e1bado o Governo do Distrito Federal, usando a Pol\u00edcia Militar, recolheu barracas e outros utens\u00edlios de militantes do 300 do Brasil sob a justificativa de que os acampamentos n\u00e3o s\u00e3o permitidos no local. Winter pediu a interven\u00e7\u00e3o do presidente Jair Bolsonaro.<\/p>\n\n\n\n<p>O inqu\u00e9rito para investigar os atos antidemocr\u00e1ticos no pa\u00eds foi autorizado por Alexandre de Moraes ap\u00f3s<a href=\"https:\/\/www1.folha.uol.com.br\/poder\/2020\/04\/moraes-do-stf-atende-pedido-de-aras-e-autoriza-inquerito-para-investigar-atos-pro-golpe.shtml\">&nbsp;manifesta\u00e7\u00f5es terem sido realizadas em 19 de abril<\/a>. O pedido de investiga\u00e7\u00e3o foi feito pelo procurador-geral da Rep\u00fablica, Augusto Aras.<\/p>\n\n\n\n<p>\u200bO objetivo de Aras \u00e9 apurar poss\u00edvel viola\u00e7\u00e3o da Lei de Seguran\u00e7a Nacional por &#8220;<a href=\"https:\/\/www1.folha.uol.com.br\/poder\/2020\/04\/ala-militar-nega-golpismo-mas-apoia-bolsonaro-no-embate-com-poderes.shtml\">atos contra o regime da democracia brasileira<\/a>&nbsp;por v\u00e1rios cidad\u00e3os, inclusive deputados federais, o que justifica a compet\u00eancia do STF&#8221;.<\/p>\n\n\n\n<p>\u201cO Estado brasileiro admite \u00fanica ideologia que \u00e9 a do regime da democracia participativa. Qualquer atentado \u00e0 democracia afronta a Constitui\u00e7\u00e3o e a Lei de Seguran\u00e7a Nacional\u201d, afirmou o procurador-geral, sem citar o&nbsp;<a href=\"https:\/\/www1.folha.uol.com.br\/poder\/2020\/04\/nao-queremos-negociar-nada-diz-bolsonaro-em-carreata-anti-isolamento-em-brasilia.shtml\">presidente Bolsonaro, que tamb\u00e9m participou de ato em Bras\u00edlia<\/a>.<\/p>\n\n\n\n<p>A Constitui\u00e7\u00e3o pro\u00edbe o financiamento e a&nbsp;<a href=\"https:\/\/www1.folha.uol.com.br\/poder\/2020\/04\/bolsonaro-faz-apelo-golpista-e-coloca-forcas-armadas-em-saia-justa.shtml\">propaga\u00e7\u00e3o de ideias contr\u00e1rias \u00e0 ordem constitucional&nbsp;<\/a>e ao Estado democr\u00e1tico de Direito. Prev\u00ea como crimes inafian\u00e7\u00e1veis e imprescrit\u00edveis a\u00e7\u00f5es desse tipo, promovidas por grupos armados, civis ou militares.<\/p>\n\n\n\n<p>J\u00e1 a Lei de Seguran\u00e7a Nacional diz que \u00e9 crime fazer, em p\u00fablico, propaganda de processos violentos ou ilegais para altera\u00e7\u00e3o da ordem pol\u00edtica ou social. Tamb\u00e9m veda incitar a subvers\u00e3o da ordem pol\u00edtica ou social; a animosidade entre as For\u00e7as Armadas ou entre estas e as classes sociais ou as institui\u00e7\u00f5es civis; e a luta com viol\u00eancia entre as classes sociais.<\/p>\n\n\n\n<p>No pedido de abertura de inqu\u00e9rito, o procurador-geral n\u00e3o cita o presidente da Rep\u00fablica como um dos poss\u00edveis organizadores ou financiadores de atos deste tipo. Mas o inqu\u00e9rito tamb\u00e9m \u00e9 entendido como um recado ao presidente.<\/p>\n\n\n\n<p>Um dia ap\u00f3s a PF cumprir&nbsp;<a href=\"https:\/\/www1.folha.uol.com.br\/poder\/2020\/05\/lista-de-alvos-da-pf-mistura-expoentes-da-tropa-bolsonarista-e-figuras-laterais.shtml\">29 mandados de busca e apreens\u00e3o&nbsp;<\/a>no chamado inqu\u00e9rito das fake news, no m\u00eas passado, Bolsonaro criticou a investiga\u00e7\u00e3o que atingia seus aliados e disparou queixas contra a corte.<\/p>\n\n\n\n<p>\u201cN\u00e3o teremos outro dia como ontem, chega\u201d, disse, na sa\u00edda do Pal\u00e1cio da Alvorada, em declara\u00e7\u00e3o transmitida pela rede CNN Brasil. \u201cQuerem tirar a m\u00eddia que eu tenho a meu favor sob o argumento mentiroso de fake news.\u201d<\/p>\n\n\n\n<p>O presidente afirmou, ainda, ter em m\u00e3os as \u201carmas da democracia\u201d. E disse que &#8220;ordens absurdas n\u00e3o se cumprem&#8221; e que &#8220;temos que botar limites&#8221;.<\/p>\n\n\n\n<p><br><\/p>\n\n\n\n<p><\/p>\n","protected":false},"excerpt":{"rendered":"<p>S\u00e3o cumpridos 21 mandados por ordem de Moraes; deputado Daniel Silveira (PSL-RJ), blogueiro Allan dos Santos e advogado e marqueteiro ligados \u00e0 Alian\u00e7a est\u00e3o entre os alvos<\/p>\n","protected":false},"author":1,"featured_media":0,"comment_status":"closed","ping_status":"open","sticky":false,"template":"","format":"standard","meta":{"_exactmetrics_skip_tracking":false,"_exactmetrics_sitenote_active":false,"_exactmetrics_sitenote_note":"","_exactmetrics_sitenote_category":0,"jetpack_post_was_ever_published":false,"_jetpack_newsletter_access":"","_jetpack_dont_email_post_to_subs":false,"_jetpack_newsletter_tier_id":0,"_jetpack_memberships_contains_paywalled_content":false,"_jetpack_memberships_contains_paid_content":false,"footnotes":"","jetpack_publicize_message":"","jetpack_publicize_feature_enabled":true,"jetpack_social_post_already_shared":true,"jetpack_social_options":{"image_generator_settings":{"template":"highway","enabled":false},"version":2}},"categories":[1],"tags":[],"class_list":["post-28782","post","type-post","status-publish","format-standard","hentry","category-notas"],"jetpack_publicize_connections":[],"jetpack_sharing_enabled":true,"jetpack_featured_media_url":"","jetpack_shortlink":"https:\/\/wp.me\/p7wKYW-7ue","jetpack-related-posts":[],"_links":{"self":[{"href":"http:\/\/blogdalucianaoliveira.com.br\/blog\/wp-json\/wp\/v2\/posts\/28782","targetHints":{"allow":["GET"]}}],"collection":[{"href":"http:\/\/blogdalucianaoliveira.com.br\/blog\/wp-json\/wp\/v2\/posts"}],"about":[{"href":"http:\/\/blogdalucianaoliveira.com.br\/blog\/wp-json\/wp\/v2\/types\/post"}],"author":[{"embeddable":true,"href":"http:\/\/blogdalucianaoliveira.com.br\/blog\/wp-json\/wp\/v2\/users\/1"}],"replies":[{"embeddable":true,"href":"http:\/\/blogdalucianaoliveira.com.br\/blog\/wp-json\/wp\/v2\/comments?post=28782"}],"version-history":[{"count":1,"href":"http:\/\/blogdalucianaoliveira.com.br\/blog\/wp-json\/wp\/v2\/posts\/28782\/revisions"}],"predecessor-version":[{"id":28783,"href":"http:\/\/blogdalucianaoliveira.com.br\/blog\/wp-json\/wp\/v2\/posts\/28782\/revisions\/28783"}],"wp:attachment":[{"href":"http:\/\/blogdalucianaoliveira.com.br\/blog\/wp-json\/wp\/v2\/media?parent=28782"}],"wp:term":[{"taxonomy":"category","embeddable":true,"href":"http:\/\/blogdalucianaoliveira.com.br\/blog\/wp-json\/wp\/v2\/categories?post=28782"},{"taxonomy":"post_tag","embeddable":true,"href":"http:\/\/blogdalucianaoliveira.com.br\/blog\/wp-json\/wp\/v2\/tags?post=28782"}],"curies":[{"name":"wp","href":"https:\/\/api.w.org\/{rel}","templated":true}]}}