{"id":28789,"date":"2020-06-16T14:13:00","date_gmt":"2020-06-16T18:13:00","guid":{"rendered":"http:\/\/blogdalucianaoliveira.com.br\/blog\/?p=28789"},"modified":"2020-06-16T14:13:20","modified_gmt":"2020-06-16T18:13:20","slug":"mpro-e-mpf-recomendam-a-sedam-que-suspenda-emissao-de-autorizacoes-para-uso-de-fogo-controlado","status":"publish","type":"post","link":"http:\/\/blogdalucianaoliveira.com.br\/blog\/2020\/06\/16\/mpro-e-mpf-recomendam-a-sedam-que-suspenda-emissao-de-autorizacoes-para-uso-de-fogo-controlado\/","title":{"rendered":"MPRO e MPF recomendam \u00e0 Sedam que suspenda emiss\u00e3o de Autoriza\u00e7\u00f5es para Uso de Fogo Controlado"},"content":{"rendered":"\n<figure class=\"wp-block-image size-large\"><img data-recalc-dims=\"1\" loading=\"lazy\" decoding=\"async\" width=\"600\" height=\"355\" data-attachment-id=\"28790\" data-permalink=\"http:\/\/blogdalucianaoliveira.com.br\/blog\/2020\/06\/16\/mpro-e-mpf-recomendam-a-sedam-que-suspenda-emissao-de-autorizacoes-para-uso-de-fogo-controlado\/image-43-7\/\" data-orig-file=\"https:\/\/i0.wp.com\/blogdalucianaoliveira.com.br\/blog\/wp-content\/uploads\/2020\/06\/image-43.jpeg?fit=845%2C500\" data-orig-size=\"845,500\" data-comments-opened=\"0\" data-image-meta=\"{&quot;aperture&quot;:&quot;0&quot;,&quot;credit&quot;:&quot;&quot;,&quot;camera&quot;:&quot;&quot;,&quot;caption&quot;:&quot;&quot;,&quot;created_timestamp&quot;:&quot;0&quot;,&quot;copyright&quot;:&quot;&quot;,&quot;focal_length&quot;:&quot;0&quot;,&quot;iso&quot;:&quot;0&quot;,&quot;shutter_speed&quot;:&quot;0&quot;,&quot;title&quot;:&quot;&quot;,&quot;orientation&quot;:&quot;1&quot;}\" data-image-title=\"image-43\" data-image-description=\"\" data-image-caption=\"\" data-medium-file=\"https:\/\/i0.wp.com\/blogdalucianaoliveira.com.br\/blog\/wp-content\/uploads\/2020\/06\/image-43.jpeg?fit=300%2C178\" data-large-file=\"https:\/\/i0.wp.com\/blogdalucianaoliveira.com.br\/blog\/wp-content\/uploads\/2020\/06\/image-43.jpeg?fit=600%2C355\" src=\"https:\/\/i0.wp.com\/blogdalucianaoliveira.com.br\/blog\/wp-content\/uploads\/2020\/06\/image-43.jpeg?resize=600%2C355\" alt=\"\" class=\"wp-image-28790\" srcset=\"https:\/\/i0.wp.com\/blogdalucianaoliveira.com.br\/blog\/wp-content\/uploads\/2020\/06\/image-43.jpeg?w=845 845w, https:\/\/i0.wp.com\/blogdalucianaoliveira.com.br\/blog\/wp-content\/uploads\/2020\/06\/image-43.jpeg?resize=300%2C178 300w, https:\/\/i0.wp.com\/blogdalucianaoliveira.com.br\/blog\/wp-content\/uploads\/2020\/06\/image-43.jpeg?resize=768%2C454 768w, https:\/\/i0.wp.com\/blogdalucianaoliveira.com.br\/blog\/wp-content\/uploads\/2020\/06\/image-43.jpeg?resize=507%2C300 507w\" sizes=\"auto, (max-width: 600px) 100vw, 600px\" \/><\/figure>\n\n\n\n<p>Da Assessoria &#8211; Em Recomenda\u00e7\u00e3o Conjunta, expedida na \u00faltima quarta-feira (10\/06), o Minist\u00e9rio P\u00fablico do Estado de Rond\u00f4nia e o Minist\u00e9rio P\u00fablico Federal em Rond\u00f4nia (MPF\/RO) orientam a Secretaria de Desenvolvimento Ambiental (Sedam) a suspender a emiss\u00e3o de Autoriza\u00e7\u00f5es para Uso de Fogo Controlado para a limpeza de \u00e1reas, ainda que pequenas, de modo a evitar que queimadas eventualmente autorizadas alcancem propor\u00e7\u00f5es maiores, o que sabidamente j\u00e1 ocorreu e pode ocorrer no estado de Rond\u00f4nia, principalmente, no per\u00edodo de estiagem<\/p>\n\n\n\n<!--more-->\n\n\n\n<p>A medida dos Minist\u00e9rios P\u00fablicos considera a informa\u00e7\u00e3o de que a Sedam j\u00e1 vem emitindo tais autoriza\u00e7\u00f5es, com base na Portaria n\u00ba 229 de 27 de julho de 2017 da Secretaria, e de que tal pr\u00e1tica, apesar de legalmente respaldada, pode favorecer a r\u00e1pida propaga\u00e7\u00e3o do fogo, em raz\u00e3o do tempo seco e da eventual ocorr\u00eancia de ventos, t\u00e3o comuns nesta \u00e9poca do ano. Tamb\u00e9m leva em conta o hist\u00f3rico recente da regi\u00e3o com rela\u00e7\u00e3o a queimadas, j\u00e1 que, no ano passado, o problema alcan\u00e7ou propor\u00e7\u00f5es extremas, com repercuss\u00e3o mundial, sendo registrado, em Rond\u00f4nia, um aumento de 190% de queimadas no primeiro semestre de 2019 em rela\u00e7\u00e3o ao mesmo per\u00edodo de 2018. Outra preocupa\u00e7\u00e3o \u00e9 o atual cen\u00e1rio da sa\u00fade p\u00fablica, em decorr\u00eancia da pandemia do coronav\u00edrus.<\/p>\n\n\n\n<p>Para os MPs, as queimadas, autorizadas ou n\u00e3o, em meio \u00e0 pandemia da Covid-19, amplia o risco de mortes e de colapso do sistema hospitalar por doen\u00e7as respirat\u00f3rias, que normalmente j\u00e1 s\u00e3o observadas em todos os anos em decorr\u00eancia da inala\u00e7\u00e3o dos gases oriundos da fuma\u00e7a das queimadas (mon\u00f3xido de carbono \u2013 CO).\u00a0<br><\/p>\n\n\n\n<p>Conforme destacam os Minist\u00e9rios P\u00fablicos, em 2020, esse cen\u00e1rio ganha contornos ainda mais alarmantes diante da pandemia, o que leva a uma quest\u00e3o n\u00e3o s\u00f3 ambiental, mas tamb\u00e9m de sa\u00fade p\u00fablica.<\/p>\n\n\n\n<p>As Institui\u00e7\u00f5es advertem que, em raz\u00e3o da pandemia do Coronav\u00edrus que v\u00eam impactando o Brasil e o mundo, foi necess\u00e1ria a ado\u00e7\u00e3o de medidas de distanciamento social que diminu\u00edram notoriamente a capacidade de fiscaliza\u00e7\u00e3o de crimes e danos ambientais, o que leva \u00e0 conclus\u00e3o de que a concess\u00e3o de licen\u00e7as para uso de fogo controlado n\u00e3o ter\u00e1 o acompanhamento t\u00e9cnico necess\u00e1rio para sua execu\u00e7\u00e3o de forma segura, o que gera incerteza quanto \u00e0 efici\u00eancia e inofensividade ao patrim\u00f4nio ambiental.<\/p>\n\n\n\n<p>Na recomenda\u00e7\u00e3o, os Minist\u00e9rios P\u00fablicos alertam que o desrespeito \u00e0s normas ambientais e urban\u00edsticas que regulam o licenciamento ambiental sujeitar\u00e1 infratores ou aqueles que concorrerem para a pr\u00e1tica do dano ambiental \u00e0s san\u00e7\u00f5es civis, administrativas e penais, nos termos dos artigos 37 e 225, da Constitui\u00e7\u00e3o da Rep\u00fablica Federativa do Brasil, Lei Federal n\u00b0 9.605\/98 e Lei n\u00ba 6.437\/77, sem preju\u00edzo ao ajuizamento de A\u00e7\u00e3o Civil P\u00fablica.<\/p>\n\n\n\n<p>Assinam a Recomenda\u00e7\u00e3o Conjunta, os Promotores de Justi\u00e7a do Meio Ambiente, Aidee Maria Moser Torquato Luiz e Alan Castiel Barbosa, e a Procuradora da Rep\u00fablica Gisele Dias de Oliveira Bleggi Cunha.<\/p>\n","protected":false},"excerpt":{"rendered":"<p>Da Assessoria &#8211; Em Recomenda\u00e7\u00e3o Conjunta, expedida na \u00faltima quarta-feira (10\/06), o Minist\u00e9rio P\u00fablico do Estado de Rond\u00f4nia e o Minist\u00e9rio P\u00fablico Federal em Rond\u00f4nia (MPF\/RO) orientam a Secretaria de Desenvolvimento Ambiental (Sedam) a suspender a emiss\u00e3o de Autoriza\u00e7\u00f5es para Uso de Fogo Controlado para a limpeza de \u00e1reas, ainda que pequenas, de modo a&#8230;<a class=\"more-link\" href=\"http:\/\/blogdalucianaoliveira.com.br\/blog\/2020\/06\/16\/mpro-e-mpf-recomendam-a-sedam-que-suspenda-emissao-de-autorizacoes-para-uso-de-fogo-controlado\/\">Continue a leitura <span class=\"meta-nav\">&raquo;<\/span><\/a><\/p>\n","protected":false},"author":1,"featured_media":0,"comment_status":"closed","ping_status":"open","sticky":false,"template":"","format":"standard","meta":{"_exactmetrics_skip_tracking":false,"_exactmetrics_sitenote_active":false,"_exactmetrics_sitenote_note":"","_exactmetrics_sitenote_category":0,"jetpack_post_was_ever_published":false,"_jetpack_newsletter_access":"","_jetpack_dont_email_post_to_subs":false,"_jetpack_newsletter_tier_id":0,"_jetpack_memberships_contains_paywalled_content":false,"_jetpack_memberships_contains_paid_content":false,"footnotes":"","jetpack_publicize_message":"","jetpack_publicize_feature_enabled":true,"jetpack_social_post_already_shared":true,"jetpack_social_options":{"image_generator_settings":{"template":"highway","enabled":false},"version":2}},"categories":[1],"tags":[],"class_list":["post-28789","post","type-post","status-publish","format-standard","hentry","category-notas"],"jetpack_publicize_connections":[],"jetpack_sharing_enabled":true,"jetpack_featured_media_url":"","jetpack_shortlink":"https:\/\/wp.me\/p7wKYW-7ul","jetpack-related-posts":[],"_links":{"self":[{"href":"http:\/\/blogdalucianaoliveira.com.br\/blog\/wp-json\/wp\/v2\/posts\/28789","targetHints":{"allow":["GET"]}}],"collection":[{"href":"http:\/\/blogdalucianaoliveira.com.br\/blog\/wp-json\/wp\/v2\/posts"}],"about":[{"href":"http:\/\/blogdalucianaoliveira.com.br\/blog\/wp-json\/wp\/v2\/types\/post"}],"author":[{"embeddable":true,"href":"http:\/\/blogdalucianaoliveira.com.br\/blog\/wp-json\/wp\/v2\/users\/1"}],"replies":[{"embeddable":true,"href":"http:\/\/blogdalucianaoliveira.com.br\/blog\/wp-json\/wp\/v2\/comments?post=28789"}],"version-history":[{"count":1,"href":"http:\/\/blogdalucianaoliveira.com.br\/blog\/wp-json\/wp\/v2\/posts\/28789\/revisions"}],"predecessor-version":[{"id":28791,"href":"http:\/\/blogdalucianaoliveira.com.br\/blog\/wp-json\/wp\/v2\/posts\/28789\/revisions\/28791"}],"wp:attachment":[{"href":"http:\/\/blogdalucianaoliveira.com.br\/blog\/wp-json\/wp\/v2\/media?parent=28789"}],"wp:term":[{"taxonomy":"category","embeddable":true,"href":"http:\/\/blogdalucianaoliveira.com.br\/blog\/wp-json\/wp\/v2\/categories?post=28789"},{"taxonomy":"post_tag","embeddable":true,"href":"http:\/\/blogdalucianaoliveira.com.br\/blog\/wp-json\/wp\/v2\/tags?post=28789"}],"curies":[{"name":"wp","href":"https:\/\/api.w.org\/{rel}","templated":true}]}}