{"id":28792,"date":"2020-06-16T19:11:43","date_gmt":"2020-06-16T23:11:43","guid":{"rendered":"http:\/\/blogdalucianaoliveira.com.br\/blog\/?p=28792"},"modified":"2020-06-16T19:11:53","modified_gmt":"2020-06-16T23:11:53","slug":"censura-do-governo-a-charge-de-aroeira-estimula-ilustracoes-e-ato-virtual-de-artistas","status":"publish","type":"post","link":"http:\/\/blogdalucianaoliveira.com.br\/blog\/2020\/06\/16\/censura-do-governo-a-charge-de-aroeira-estimula-ilustracoes-e-ato-virtual-de-artistas\/","title":{"rendered":"Censura do governo a charge de Aroeira estimula ilustra\u00e7\u00f5es e ato virtual de artistas"},"content":{"rendered":"\n<figure class=\"wp-block-image size-large\"><img data-recalc-dims=\"1\" loading=\"lazy\" decoding=\"async\" width=\"500\" height=\"240\" data-attachment-id=\"28793\" data-permalink=\"http:\/\/blogdalucianaoliveira.com.br\/blog\/2020\/06\/16\/censura-do-governo-a-charge-de-aroeira-estimula-ilustracoes-e-ato-virtual-de-artistas\/image-4-12\/\" data-orig-file=\"https:\/\/i0.wp.com\/blogdalucianaoliveira.com.br\/blog\/wp-content\/uploads\/2020\/06\/image-4.png?fit=500%2C240\" data-orig-size=\"500,240\" data-comments-opened=\"0\" data-image-meta=\"{&quot;aperture&quot;:&quot;0&quot;,&quot;credit&quot;:&quot;&quot;,&quot;camera&quot;:&quot;&quot;,&quot;caption&quot;:&quot;&quot;,&quot;created_timestamp&quot;:&quot;0&quot;,&quot;copyright&quot;:&quot;&quot;,&quot;focal_length&quot;:&quot;0&quot;,&quot;iso&quot;:&quot;0&quot;,&quot;shutter_speed&quot;:&quot;0&quot;,&quot;title&quot;:&quot;&quot;,&quot;orientation&quot;:&quot;0&quot;}\" data-image-title=\"image-4\" data-image-description=\"\" data-image-caption=\"\" data-medium-file=\"https:\/\/i0.wp.com\/blogdalucianaoliveira.com.br\/blog\/wp-content\/uploads\/2020\/06\/image-4.png?fit=300%2C144\" data-large-file=\"https:\/\/i0.wp.com\/blogdalucianaoliveira.com.br\/blog\/wp-content\/uploads\/2020\/06\/image-4.png?fit=500%2C240\" src=\"https:\/\/i0.wp.com\/blogdalucianaoliveira.com.br\/blog\/wp-content\/uploads\/2020\/06\/image-4.png?resize=500%2C240\" alt=\"\" class=\"wp-image-28793\" srcset=\"https:\/\/i0.wp.com\/blogdalucianaoliveira.com.br\/blog\/wp-content\/uploads\/2020\/06\/image-4.png?w=500 500w, https:\/\/i0.wp.com\/blogdalucianaoliveira.com.br\/blog\/wp-content\/uploads\/2020\/06\/image-4.png?resize=300%2C144 300w\" sizes=\"auto, (max-width: 500px) 100vw, 500px\" \/><\/figure>\n\n\n\n<p><strong>247 &#8211;&nbsp;<\/strong>Ap\u00f3s o&nbsp;<a target=\"_blank\" rel=\"noreferrer noopener\" href=\"https:\/\/www.brasil247.com\/midia\/bolsonaro-ataca-liberdade-de-expressao-e-pede-inquerito-da-policia-federal-sobre-charge-de-aroeira\">Minist\u00e9rio da Justi\u00e7a ter pedido abertura de inqu\u00e9rito para investigar uma charge de Renato Aroeira<\/a>&nbsp;que associa Jair Bolsonaro ao nazismo, chargistas e cartunistas se uniram em defesa do colega.<\/p>\n\n\n\n<!--more-->\n\n\n\n<p>Nas redes sociais diversas charges reproduzindo a de Aroeira e contra a censura do governo foram publicadas.<\/p>\n\n\n\n<figure class=\"wp-block-embed-twitter wp-block-embed is-type-rich is-provider-twitter\"><div class=\"wp-block-embed__wrapper\">\n<blockquote class=\"twitter-tweet\" data-width=\"550\" data-dnt=\"true\"><p lang=\"pt\" dir=\"ltr\">N\u00e3o h\u00e1 nada mais perigoso para governos autorit\u00e1rios que a verdade. Eles sempre v\u00e3o tentar combat\u00ea-la por meio da mentira e da manipula\u00e7\u00e3o. <a href=\"https:\/\/t.co\/TvTk4MYiYz\">pic.twitter.com\/TvTk4MYiYz<\/a><\/p>&mdash; Associa\u00e7\u00e3o Brasileira de Imprensa (ABI) (@ABI_Nacional) <a href=\"https:\/\/twitter.com\/ABI_Nacional\/status\/1272988050310729728?ref_src=twsrc%5Etfw\">June 16, 2020<\/a><\/blockquote><script async src=\"https:\/\/platform.twitter.com\/widgets.js\" charset=\"utf-8\"><\/script>\n<\/div><\/figure>\n\n\n\n<p>Um perfil chamado<a rel=\"noreferrer noopener\" target=\"_blank\" href=\"https:\/\/www.instagram.com\/somostodosaroeira\/?hl=pt-br\">\u00a0\u201cSomos Todos Aroeira\u201d, no Instagram<\/a>, publicou dezenas de reprodu\u00e7\u00f5es. Uma delas foi republicada pelo colunista da Veja,<a rel=\"noreferrer noopener\" target=\"_blank\" href=\"https:\/\/www.brasil247.com\/midia\/depois-de-aroeira-e-noblat-secom-ataca-jornalista-monica-bergamo-por-charge-de-bolsonaro\">Ricardo Noblat, que foi processado pela Secretaria de Comunica\u00e7\u00e3o<\/a>\u00a0do governo federal por compartilhar a charge original.<\/p>\n\n\n\n<figure class=\"wp-block-embed-twitter wp-block-embed is-type-rich is-provider-twitter\"><div class=\"wp-block-embed__wrapper\">\n<blockquote class=\"twitter-tweet\" data-width=\"550\" data-dnt=\"true\"><p lang=\"pt\" dir=\"ltr\">Caiu na Rede! <a href=\"https:\/\/t.co\/TciLE8cDaA\">pic.twitter.com\/TciLE8cDaA<\/a><\/p>&mdash; Blog do Noblat (@BlogdoNoblat) <a href=\"https:\/\/twitter.com\/BlogdoNoblat\/status\/1272966743670038533?ref_src=twsrc%5Etfw\">June 16, 2020<\/a><\/blockquote><script async src=\"https:\/\/platform.twitter.com\/widgets.js\" charset=\"utf-8\"><\/script>\n<\/div><\/figure>\n","protected":false},"excerpt":{"rendered":"<p>247 &#8211;&nbsp;Ap\u00f3s o&nbsp;Minist\u00e9rio da Justi\u00e7a ter pedido abertura de inqu\u00e9rito para investigar uma charge de Renato Aroeira&nbsp;que associa Jair Bolsonaro ao nazismo, chargistas e cartunistas se uniram em defesa do colega.<\/p>\n","protected":false},"author":1,"featured_media":0,"comment_status":"closed","ping_status":"open","sticky":false,"template":"","format":"standard","meta":{"_exactmetrics_skip_tracking":false,"_exactmetrics_sitenote_active":false,"_exactmetrics_sitenote_note":"","_exactmetrics_sitenote_category":0,"jetpack_post_was_ever_published":false,"_jetpack_newsletter_access":"","_jetpack_dont_email_post_to_subs":false,"_jetpack_newsletter_tier_id":0,"_jetpack_memberships_contains_paywalled_content":false,"_jetpack_memberships_contains_paid_content":false,"footnotes":"","jetpack_publicize_message":"","jetpack_publicize_feature_enabled":true,"jetpack_social_post_already_shared":true,"jetpack_social_options":{"image_generator_settings":{"template":"highway","enabled":false},"version":2}},"categories":[1],"tags":[],"class_list":["post-28792","post","type-post","status-publish","format-standard","hentry","category-notas"],"jetpack_publicize_connections":[],"jetpack_sharing_enabled":true,"jetpack_featured_media_url":"","jetpack_shortlink":"https:\/\/wp.me\/p7wKYW-7uo","jetpack-related-posts":[],"_links":{"self":[{"href":"http:\/\/blogdalucianaoliveira.com.br\/blog\/wp-json\/wp\/v2\/posts\/28792","targetHints":{"allow":["GET"]}}],"collection":[{"href":"http:\/\/blogdalucianaoliveira.com.br\/blog\/wp-json\/wp\/v2\/posts"}],"about":[{"href":"http:\/\/blogdalucianaoliveira.com.br\/blog\/wp-json\/wp\/v2\/types\/post"}],"author":[{"embeddable":true,"href":"http:\/\/blogdalucianaoliveira.com.br\/blog\/wp-json\/wp\/v2\/users\/1"}],"replies":[{"embeddable":true,"href":"http:\/\/blogdalucianaoliveira.com.br\/blog\/wp-json\/wp\/v2\/comments?post=28792"}],"version-history":[{"count":1,"href":"http:\/\/blogdalucianaoliveira.com.br\/blog\/wp-json\/wp\/v2\/posts\/28792\/revisions"}],"predecessor-version":[{"id":28794,"href":"http:\/\/blogdalucianaoliveira.com.br\/blog\/wp-json\/wp\/v2\/posts\/28792\/revisions\/28794"}],"wp:attachment":[{"href":"http:\/\/blogdalucianaoliveira.com.br\/blog\/wp-json\/wp\/v2\/media?parent=28792"}],"wp:term":[{"taxonomy":"category","embeddable":true,"href":"http:\/\/blogdalucianaoliveira.com.br\/blog\/wp-json\/wp\/v2\/categories?post=28792"},{"taxonomy":"post_tag","embeddable":true,"href":"http:\/\/blogdalucianaoliveira.com.br\/blog\/wp-json\/wp\/v2\/tags?post=28792"}],"curies":[{"name":"wp","href":"https:\/\/api.w.org\/{rel}","templated":true}]}}