{"id":28799,"date":"2020-06-17T07:21:24","date_gmt":"2020-06-17T11:21:24","guid":{"rendered":"http:\/\/blogdalucianaoliveira.com.br\/blog\/?p=28799"},"modified":"2020-06-17T07:21:33","modified_gmt":"2020-06-17T11:21:33","slug":"a-igualdade-de-oportunidades-explicada-com-uma-macieira-quatro-quadrinhos-e-um-meme","status":"publish","type":"post","link":"http:\/\/blogdalucianaoliveira.com.br\/blog\/2020\/06\/17\/a-igualdade-de-oportunidades-explicada-com-uma-macieira-quatro-quadrinhos-e-um-meme\/","title":{"rendered":"A igualdade de oportunidades, explicada com uma macieira, quatro quadrinhos e um meme"},"content":{"rendered":"\n<figure class=\"wp-block-image size-large\"><img data-recalc-dims=\"1\" loading=\"lazy\" decoding=\"async\" width=\"600\" height=\"343\" data-attachment-id=\"28800\" data-permalink=\"http:\/\/blogdalucianaoliveira.com.br\/blog\/2020\/06\/17\/a-igualdade-de-oportunidades-explicada-com-uma-macieira-quatro-quadrinhos-e-um-meme\/41d27b06-fae2-41ad-8918-91e0a9f54f9c\/\" data-orig-file=\"https:\/\/i0.wp.com\/blogdalucianaoliveira.com.br\/blog\/wp-content\/uploads\/2020\/06\/41D27B06-FAE2-41AD-8918-91E0A9F54F9C.jpeg?fit=640%2C366\" data-orig-size=\"640,366\" data-comments-opened=\"0\" data-image-meta=\"{&quot;aperture&quot;:&quot;0&quot;,&quot;credit&quot;:&quot;&quot;,&quot;camera&quot;:&quot;&quot;,&quot;caption&quot;:&quot;&quot;,&quot;created_timestamp&quot;:&quot;0&quot;,&quot;copyright&quot;:&quot;&quot;,&quot;focal_length&quot;:&quot;0&quot;,&quot;iso&quot;:&quot;0&quot;,&quot;shutter_speed&quot;:&quot;0&quot;,&quot;title&quot;:&quot;&quot;,&quot;orientation&quot;:&quot;0&quot;}\" data-image-title=\"41D27B06-FAE2-41AD-8918-91E0A9F54F9C\" data-image-description=\"\" data-image-caption=\"\" data-medium-file=\"https:\/\/i0.wp.com\/blogdalucianaoliveira.com.br\/blog\/wp-content\/uploads\/2020\/06\/41D27B06-FAE2-41AD-8918-91E0A9F54F9C.jpeg?fit=300%2C172\" data-large-file=\"https:\/\/i0.wp.com\/blogdalucianaoliveira.com.br\/blog\/wp-content\/uploads\/2020\/06\/41D27B06-FAE2-41AD-8918-91E0A9F54F9C.jpeg?fit=600%2C343\" src=\"https:\/\/i0.wp.com\/blogdalucianaoliveira.com.br\/blog\/wp-content\/uploads\/2020\/06\/41D27B06-FAE2-41AD-8918-91E0A9F54F9C.jpeg?resize=600%2C343\" alt=\"\" class=\"wp-image-28800\" srcset=\"https:\/\/i0.wp.com\/blogdalucianaoliveira.com.br\/blog\/wp-content\/uploads\/2020\/06\/41D27B06-FAE2-41AD-8918-91E0A9F54F9C.jpeg?w=640 640w, https:\/\/i0.wp.com\/blogdalucianaoliveira.com.br\/blog\/wp-content\/uploads\/2020\/06\/41D27B06-FAE2-41AD-8918-91E0A9F54F9C.jpeg?resize=300%2C172 300w, https:\/\/i0.wp.com\/blogdalucianaoliveira.com.br\/blog\/wp-content\/uploads\/2020\/06\/41D27B06-FAE2-41AD-8918-91E0A9F54F9C.jpeg?resize=525%2C300 525w\" sizes=\"auto, (max-width: 600px) 100vw, 600px\" \/><\/figure>\n\n\n\n<h4 class=\"wp-block-heading\">Ilustra\u00e7\u00f5es que comparam igualdade, equidade e justi\u00e7a reaparecem de vez em quando<\/h4>\n\n\n\n<!--more-->\n\n\n\n<p><a href=\"https:\/\/brasil.elpais.com\/autor\/jaime-rubio-hancock\/\">JAIME RUBIO HANCOCK<\/a><\/p>\n\n\n\n<p>El Pa\u00eds<\/p>\n\n\n\n<p>Os\u00a0<a rel=\"noreferrer noopener\" href=\"https:\/\/brasil.elpais.com\/internacional\/2020-06-14\/clamor-por-justica-racial-isola-trump.html\" target=\"_blank\">protestos antirracistas<\/a>\u00a0depois da\u00a0<a rel=\"noreferrer noopener\" href=\"https:\/\/brasil.elpais.com\/internacional\/2020-06-06\/protestos-contra-a-morte-de-george-floyd-comecam-a-provocar-mudancas-reais-nos-departamentos-de-policia.html\" target=\"_blank\">morte de George Floyd por um policial de Minneapolis<\/a>inflamou debates e discuss\u00f5es sobre a igualdade de oportunidades e as condi\u00e7\u00f5es sociais que a favorecem ou atrapalham. Usu\u00e1rios do Twitter resgataram uma s\u00e9rie de ilustra\u00e7\u00f5es, obra do norte-americano Tony Ruth, que mostram algumas das ideias em debate, atualizando al\u00e9m disso um meme que tem 8 anos.<\/p>\n\n\n\n<p>S\u00e3o quatro imagens:<\/p>\n\n\n\n<p>&#8211; Na da\u00a0<a rel=\"noreferrer noopener\" href=\"https:\/\/brasil.elpais.com\/noticias\/desigualdad-social\/\" target=\"_blank\">desigualdade<\/a>, uma ma\u00e7\u00e3 cai na dire\u00e7\u00e3o de um dos meninos, mas n\u00e3o do outro.<\/p>\n\n\n\n<p>&#8211; No quadrinho da igualdade (com interroga\u00e7\u00e3o), as duas crian\u00e7as t\u00eam escadas, mas, como a \u00e1rvore est\u00e1 torta, s\u00f3 um deles alcan\u00e7a as ma\u00e7\u00e3s. Segundo o texto, nessa imagem h\u00e1 ferramentas e ajuda distribu\u00eddas por igual.<\/p>\n\n\n\n<p>&#8211; Na imagem da equidade, o garoto da direita tem uma escada mais alta para poder tamb\u00e9m chegar \u00e0 fruta. Aqui, diz o texto, as ferramentas identificam as desigualdades e ajudam a reduzi-las. Ou seja, a equidade leva em conta as necessidades e condi\u00e7\u00f5es de cada pessoa.<\/p>\n\n\n\n<p>&#8211; No quadrinho da justi\u00e7a n\u00e3o s\u00e3o necess\u00e1rias escadas diferentes, porque a \u00e1rvore foi endireitada. Neste contexto, corrige-se o sistema para oferecer o mesmo acesso \u00e0s ferramentas e \u00e0s oportunidades.<\/p>\n\n\n\n<p>Ruth, ilustrador de Chicago, preparou a s\u00e9rie para uma confer\u00eancia sobre as\u00a0<a rel=\"noreferrer noopener\" href=\"https:\/\/brasil.elpais.com\/brasil\/2017\/12\/05\/tecnologia\/1512475978_439857.html\" target=\"_blank\">desigualdades causadas pela tecnologia<\/a>, proferida pelo desenhista John Maeda no festival SWSX de Austin (Texas) em 2019. Ruth contou por e-mail ao EL PA\u00cdS que Maeda lhe pediu essas ilustra\u00e7\u00f5es para ajudar a explicar melhor as diferen\u00e7as entre igualdade e equidade no setor tecnol\u00f3gico. O estilo dos desenhos se baseia no\u00a0<a rel=\"noreferrer noopener\" href=\"https:\/\/en.wikipedia.org\/wiki\/The_Giving_Tree\" target=\"_blank\">livro infantil\u00a0<em>A \u00c1rvore Generosa<\/em><\/a>, de Shel Silverstein, muito popular nos Estados Unidos. Ruth recorda que uma das interpreta\u00e7\u00f5es da hist\u00f3ria \u00e9 que \u201co que uma crian\u00e7a recebe em sua inf\u00e2ncia a ajuda pelo resto da sua vida\u201d.<\/p>\n\n\n\n<figure class=\"wp-block-embed-twitter wp-block-embed is-type-rich is-provider-twitter\"><div class=\"wp-block-embed__wrapper\">\nhttps:\/\/twitter.com\/johnmaeda\/status\/1104553784976523264?s=21\n<\/div><\/figure>\n\n\n\n<p>Quanto ao seu uso&nbsp;<a href=\"https:\/\/brasil.elpais.com\/internacional\/2020-06-07\/reino-unido-protagoniza-os-protestos-mais-intensos-da-onda-global-contra-o-racismo.html\" target=\"_blank\" rel=\"noreferrer noopener\">no contexto dos protestos atuais<\/a>, o ilustrador acredita que ela pode contribuir para o di\u00e1logo e se tornar uma \u201cferramenta pr\u00e1tica\u201d para \u201cexplicar esses conceitos de forma clara e despretensiosa\u201d. Considera tamb\u00e9m que a simplicidade pode favorecer um maior impacto, e que cada um forme suas opini\u00f5es a respeito.<\/p>\n\n\n\n<h3 class=\"wp-block-heading\">Um meme de 2012<\/h3>\n\n\n\n<p>Muitos que viram a imagem no tu\u00edte\u00a0<a rel=\"noreferrer noopener\" href=\"https:\/\/brasil.elpais.com\/brasil\/2020-06-14\/nao-se-pode-pensar-a-democracia-real-no-brasil-se-o-racismo-nao-for-um-ponto-central.html\" target=\"_blank\">se lembraram de outra explica\u00e7\u00e3o<\/a>, tamb\u00e9m em quadrinhos, sobre a diferen\u00e7a entre igualdade e equidade. Trata-se desta imagem e de suas numerosas varia\u00e7\u00f5es que circulam h\u00e1 anos por redes sociais e WhatsApp:<\/p>\n\n\n\n<figure class=\"wp-block-image size-large\"><img data-recalc-dims=\"1\" loading=\"lazy\" decoding=\"async\" width=\"600\" height=\"413\" data-attachment-id=\"28801\" data-permalink=\"http:\/\/blogdalucianaoliveira.com.br\/blog\/2020\/06\/17\/a-igualdade-de-oportunidades-explicada-com-uma-macieira-quatro-quadrinhos-e-um-meme\/image-45-7\/\" data-orig-file=\"https:\/\/i0.wp.com\/blogdalucianaoliveira.com.br\/blog\/wp-content\/uploads\/2020\/06\/image-45.jpeg?fit=640%2C440\" data-orig-size=\"640,440\" data-comments-opened=\"0\" data-image-meta=\"{&quot;aperture&quot;:&quot;0&quot;,&quot;credit&quot;:&quot;&quot;,&quot;camera&quot;:&quot;&quot;,&quot;caption&quot;:&quot;&quot;,&quot;created_timestamp&quot;:&quot;0&quot;,&quot;copyright&quot;:&quot;&quot;,&quot;focal_length&quot;:&quot;0&quot;,&quot;iso&quot;:&quot;0&quot;,&quot;shutter_speed&quot;:&quot;0&quot;,&quot;title&quot;:&quot;&quot;,&quot;orientation&quot;:&quot;0&quot;}\" data-image-title=\"image-45\" data-image-description=\"\" data-image-caption=\"\" data-medium-file=\"https:\/\/i0.wp.com\/blogdalucianaoliveira.com.br\/blog\/wp-content\/uploads\/2020\/06\/image-45.jpeg?fit=300%2C206\" data-large-file=\"https:\/\/i0.wp.com\/blogdalucianaoliveira.com.br\/blog\/wp-content\/uploads\/2020\/06\/image-45.jpeg?fit=600%2C413\" src=\"https:\/\/i0.wp.com\/blogdalucianaoliveira.com.br\/blog\/wp-content\/uploads\/2020\/06\/image-45.jpeg?resize=600%2C413\" alt=\"\" class=\"wp-image-28801\" srcset=\"https:\/\/i0.wp.com\/blogdalucianaoliveira.com.br\/blog\/wp-content\/uploads\/2020\/06\/image-45.jpeg?w=640 640w, https:\/\/i0.wp.com\/blogdalucianaoliveira.com.br\/blog\/wp-content\/uploads\/2020\/06\/image-45.jpeg?resize=300%2C206 300w, https:\/\/i0.wp.com\/blogdalucianaoliveira.com.br\/blog\/wp-content\/uploads\/2020\/06\/image-45.jpeg?resize=436%2C300 436w\" sizes=\"auto, (max-width: 600px) 100vw, 600px\" \/><\/figure>\n\n\n\n<p>\u00c9 uma obra de Craig Froehle, professor da Universidade de Cincinnati. Como contou em&nbsp;<a href=\"https:\/\/medium.com\/@CRA1G\/the-evolution-of-an-accidental-meme-ddc4e139e0e4\" target=\"_blank\" rel=\"noreferrer noopener\">um texto compartilhado em 2016 no site Medium<\/a>, depois das elei\u00e7\u00f5es norte-americanas de 2012 ele fez o desenho para explicar que \u201ca igualdade de oportunidades por si s\u00f3 n\u00e3o era um objetivo satisfat\u00f3rio, e que dever\u00edamos levar em conta de algum modo a igualdade dos resultados\u201d. Compartilhou a imagem no Google Plus, depois de faz\u00ea-la em apenas meia hora com o Powerpoint, e da\u00ed virou o que ele chama de \u201cum meme acidental\u201d, pois foi n\u00e3o s\u00f3 compartilhado como tamb\u00e9m modificado, ampliado e criticado. \u00c9 um dos poucos memes, vale dizer,&nbsp;<a href=\"https:\/\/verne.elpais.com\/verne\/2018\/12\/11\/articulo\/1544530161_859976.html\" target=\"_blank\" rel=\"noreferrer noopener\">que tem sua origem na j\u00e1 extinta rede social do Google<\/a>.<\/p>\n\n\n\n<p>Ruth conta que conhecia essas imagens e que elas foram a origem de sua colabora\u00e7\u00e3o com Maeda: \u201cPareciam-nos \u00fateis, mas tamb\u00e9m incompletas\u201d. Ele observa, por exemplo, que mostrar pessoas de diferentes idades \u201cpode ser interpretado como uma infantiliza\u00e7\u00e3o das pessoas ajudadas\u201d. Ruth quis mostrar indiv\u00edduos \u201cessencialmente id\u00eanticos, com a \u00fanica diferen\u00e7a no acesso\u201d aos bens (as ma\u00e7\u00e3s, no caso). Tamb\u00e9m quis acrescentar um \u00faltimo quadrinho: \u201cJusti\u00e7a n\u00e3o \u00e9 que todo mundo receba a ajuda de que necessita, justi\u00e7a \u00e9&nbsp;<a href=\"https:\/\/brasil.elpais.com\/cultura\/2020-05-25\/pandemias-letais-estao-entre-as-quatro-rupturas-violentas-com-efeitos-sobre-a-desigualdade.html\" target=\"_blank\" rel=\"noreferrer noopener\">arrumar o sistema para que a igualdade e a equidade se tornem a mesma coisa<\/a>\u201d. Ou seja, em um sistema justo se poderia assegurar a igualdade de oportunidades sem necessidade de favorecer mais ou menos algumas pessoas.<\/p>\n\n\n\n<p>Froehle j\u00e1 contava h\u00e1 quatro anos que sua ilustra\u00e7\u00e3o tinha sido objeto de muitas adapta\u00e7\u00f5es,\u00a0<a rel=\"noreferrer noopener\" href=\"https:\/\/twitter.com\/elliotthaut\/status\/1058102340337786882?lang=es\" target=\"_blank\">inclusive uma com uma macieira<\/a>. Em muitos casos, acrescentava-se ao final um quadrinho para a \u201cjusti\u00e7a\u201d ou para a \u201cliberta\u00e7\u00e3o\u201d, dependendo da vers\u00e3o, em que tamb\u00e9m se pedia uma mudan\u00e7a no sistema para solucionar as condi\u00e7\u00f5es dessas desigualdades. Em um exerc\u00edcio compar\u00e1vel ao de Ruth, houve quem tivesse eliminado a cerca, por exemplo.<\/p>\n\n\n\n<figure class=\"wp-block-image size-large\"><img data-recalc-dims=\"1\" loading=\"lazy\" decoding=\"async\" width=\"600\" height=\"425\" data-attachment-id=\"28802\" data-permalink=\"http:\/\/blogdalucianaoliveira.com.br\/blog\/2020\/06\/17\/a-igualdade-de-oportunidades-explicada-com-uma-macieira-quatro-quadrinhos-e-um-meme\/image-46-7\/\" data-orig-file=\"https:\/\/i0.wp.com\/blogdalucianaoliveira.com.br\/blog\/wp-content\/uploads\/2020\/06\/image-46.jpeg?fit=640%2C453\" data-orig-size=\"640,453\" data-comments-opened=\"0\" data-image-meta=\"{&quot;aperture&quot;:&quot;0&quot;,&quot;credit&quot;:&quot;&quot;,&quot;camera&quot;:&quot;&quot;,&quot;caption&quot;:&quot;&quot;,&quot;created_timestamp&quot;:&quot;0&quot;,&quot;copyright&quot;:&quot;&quot;,&quot;focal_length&quot;:&quot;0&quot;,&quot;iso&quot;:&quot;0&quot;,&quot;shutter_speed&quot;:&quot;0&quot;,&quot;title&quot;:&quot;&quot;,&quot;orientation&quot;:&quot;0&quot;}\" data-image-title=\"image-46\" data-image-description=\"\" data-image-caption=\"\" data-medium-file=\"https:\/\/i0.wp.com\/blogdalucianaoliveira.com.br\/blog\/wp-content\/uploads\/2020\/06\/image-46.jpeg?fit=300%2C212\" data-large-file=\"https:\/\/i0.wp.com\/blogdalucianaoliveira.com.br\/blog\/wp-content\/uploads\/2020\/06\/image-46.jpeg?fit=600%2C425\" src=\"https:\/\/i0.wp.com\/blogdalucianaoliveira.com.br\/blog\/wp-content\/uploads\/2020\/06\/image-46.jpeg?resize=600%2C425\" alt=\"\" class=\"wp-image-28802\" srcset=\"https:\/\/i0.wp.com\/blogdalucianaoliveira.com.br\/blog\/wp-content\/uploads\/2020\/06\/image-46.jpeg?w=640 640w, https:\/\/i0.wp.com\/blogdalucianaoliveira.com.br\/blog\/wp-content\/uploads\/2020\/06\/image-46.jpeg?resize=300%2C212 300w, https:\/\/i0.wp.com\/blogdalucianaoliveira.com.br\/blog\/wp-content\/uploads\/2020\/06\/image-46.jpeg?resize=424%2C300 424w\" sizes=\"auto, (max-width: 600px) 100vw, 600px\" \/><\/figure>\n\n\n\n<figure class=\"wp-block-embed-twitter wp-block-embed is-type-rich is-provider-twitter\"><div class=\"wp-block-embed__wrapper\">\n<blockquote class=\"twitter-tweet\" data-width=\"550\" data-dnt=\"true\"><p lang=\"en\" dir=\"ltr\">Equality vs. Equity vs. USA Reality<br>v <a href=\"https:\/\/twitter.com\/IISCBlog?ref_src=twsrc%5Etfw\">@IISCBlog<\/a> @atticascott <a href=\"https:\/\/twitter.com\/hashtag\/inequality?src=hash&amp;ref_src=twsrc%5Etfw\">#inequality<\/a> <a href=\"https:\/\/twitter.com\/hashtag\/healthequity?src=hash&amp;ref_src=twsrc%5Etfw\">#healthequity<\/a> <a href=\"https:\/\/twitter.com\/hashtag\/InequalityIs?src=hash&amp;ref_src=twsrc%5Etfw\">#InequalityIs<\/a> <a href=\"https:\/\/t.co\/D5CprKLwSJ\">pic.twitter.com\/D5CprKLwSJ<\/a><\/p>&mdash; Mark Abraham (@urbandata) <a href=\"https:\/\/twitter.com\/urbandata\/status\/695261718344290304?ref_src=twsrc%5Etfw\">February 4, 2016<\/a><\/blockquote><script async src=\"https:\/\/platform.twitter.com\/widgets.js\" charset=\"utf-8\"><\/script>\n<\/div><\/figure>\n\n\n\n<p>Tamb\u00e9m apareceram vers\u00f5es contr\u00e1rias. Por exemplo, surgiram cr\u00edticas ao conceito de equidade, acrescentando um quadrinho em que se opinava que o que realmente acontece quando se tenta igualar resultados \u00e9 que se cortam as pernas a todos, e ao final ningu\u00e9m v\u00ea o jogo. Ou seja, nivela-se por baixo.<\/p>\n\n\n\n<figure class=\"wp-block-image\"><img data-recalc-dims=\"1\" decoding=\"async\" src=\"https:\/\/i0.wp.com\/imagens.brasil.elpais.com\/resizer\/HyORyks3N1UwAOTUPOKVyJ5q5no%3D\/768x0\/cloudfront-eu-central-1.images.arcpublishing.com\/prisa\/Y723U3SDQMSUWZWAN2XCSTQWGM.jpg?w=600&#038;ssl=1\" alt=\"Igualdade, equidade na teoria e equidade na pr\u00e1tica.\"\/><figcaption>Igualdade, equidade na teoria e equidade na pr\u00e1tica.<\/figcaption><\/figure>\n\n\n\n<p>Apesar de ser mais recente, a ilustra\u00e7\u00e3o de Ruth tamb\u00e9m j\u00e1 foi alvo de vers\u00f5es, por exemplo, acrescentando um quadrinho sobre \u201ccompartilhar\u201d. E tamb\u00e9m de cr\u00edticas.<\/p>\n\n\n\n<figure class=\"wp-block-embed-twitter wp-block-embed is-type-rich is-provider-twitter\"><div class=\"wp-block-embed__wrapper\">\nhttps:\/\/twitter.com\/mrktngvictim\/status\/1268431596102668288?s=21\n<\/div><\/figure>\n\n\n\n<figure class=\"wp-block-embed-twitter wp-block-embed is-type-rich is-provider-twitter\"><div class=\"wp-block-embed__wrapper\">\n<blockquote class=\"twitter-tweet\" data-width=\"550\" data-dnt=\"true\"><p lang=\"en\" dir=\"ltr\">Know the difference. <a href=\"https:\/\/t.co\/einoHMXvHn\">pic.twitter.com\/einoHMXvHn<\/a><\/p>&mdash; AJ \u2744\ufe0f (@Levance_) <a href=\"https:\/\/twitter.com\/Levance_\/status\/1268079843004026880?ref_src=twsrc%5Etfw\">June 3, 2020<\/a><\/blockquote><script async src=\"https:\/\/platform.twitter.com\/widgets.js\" charset=\"utf-8\"><\/script>\n<\/div><\/figure>\n\n\n\n<h3 class=\"wp-block-heading\">E se o caixote for meu?<\/h3>\n\n\n\n<p>Froehle conta que o psic\u00f3logo Jonathan Haidt lhe pediu permiss\u00e3o para usar sua pe\u00e7a numa palestra em que falava das diferentes opini\u00f5es a respeito da justi\u00e7a social entre conservadores e liberais (termo que nos Estados Unidos se aplica aos progressistas). \u201cA igualdade para um conservador \u00e9 que todo mundo tenha a mesma caixa para subir em cima. E, se voc\u00ea for muito baixinho para ver por cima da cerca, azar o seu\u201d, diz Haidt a partir do minuto 25:25, explicando a ideia detr\u00e1s da ilustra\u00e7\u00e3o. \u201cMas para um progressista a igualdade\u00a0<a rel=\"noreferrer noopener\" href=\"https:\/\/brasil.elpais.com\/brasil\/2019\/09\/21\/politica\/1569017286_437950.html\" target=\"_blank\">significa tirar a caixa do sujeito que n\u00e3o precisa dela<\/a>\u201d, assim todos podem assistir ao jogo.<\/p>\n\n\n\n<p>Esta diferen\u00e7a entre igualdade e equidade \u00e9 um dos temas cl\u00e1ssicos da filosofia pol\u00edtica. Grande parte da discuss\u00e3o vem das ideias apresentadas por John Rawls em livros como\u00a0<a rel=\"noreferrer noopener\" href=\"https:\/\/www.emartinsfontes.com.br\/justica-como-equidade-p24313\/\" target=\"_blank\"><em>Uma Teoria da Justi\u00e7a<\/em>\u00a0e\u00a0<em>Justi\u00e7a como Equidade: uma Reformula\u00e7\u00e3o<\/em><\/a>. Para Rawls, a distribui\u00e7\u00e3o mais justa \u00e9 a que p\u00f5e os meios a servi\u00e7o dos membros mais mal situados da sociedade. E a igualdade de oportunidades (uma caixa para cada um) nem sempre \u00e9 suficiente: h\u00e1 pessoas que t\u00eam mais dificuldades, por falta de recursos, e h\u00e1 quem na verdade nas\u00e7a com dois ou tr\u00eas caixotes debaixo do bra\u00e7o.<\/p>\n\n\n\n<p>Naturalmente, nem todos est\u00e3o de acordo com a necessidade de estabelecer esta diferen\u00e7a entre igualdade e equidade. Se Rawls \u00e9 o pensador pol\u00edtico mais importante para a socialdemocracia contempor\u00e2nea, no lado liberal \u00e9 preciso mencionar Robert Nozick, cujo livro&nbsp;<a href=\"https:\/\/www.amazon.com.br\/Anarquia-estado-utopia-Robert-Nozick\/dp\/8578274504\" target=\"_blank\" rel=\"noreferrer noopener\"><em>Anarquia, Estado e Utopia<\/em><\/a>&nbsp;\u00e9 uma resposta \u00e0s ideias de Rawls. Para Nozick, n\u00e3o \u00e9 importante se as duas crian\u00e7as da ilustra\u00e7\u00e3o acabam com ou sem ma\u00e7\u00e3s, ou se os tr\u00eas meninos da cerca conseguem ou n\u00e3o ver o jogo. O verdadeiramente importante \u00e9 saber como essas pessoas adquiriram sua riqueza, ou seja, seus caixotes ou sua posi\u00e7\u00e3o sob a \u00e1rvore. Sempre que tiver ocorrido um livre interc\u00e2mbio, o resultado \u00e9 justo.<\/p>\n\n\n\n<p>A riqueza n\u00e3o \u00e9 algo que esteja a\u00ed e s\u00f3 basta reparti-la: ela precisa ser criada, escreve Nozick. Quando as pessoas tomam decis\u00f5es livres sobre assuntos econ\u00f4micos, alguns terminam com mais dinheiro, e outros com menos. Se a fam\u00edlia do menino da esquerda \u201ccomprou\u201d o lado bom da \u00e1rvore, n\u00e3o tem por que compartilhar, mediante impostos, os resultados de seu acerto. Mesmo que isso tenha sido apenas quest\u00e3o de sorte. Mas seria diferente, por exemplo, se o homem alto tivesse roubado seu caixote ou enganado algu\u00e9m para ficar com ele.<\/p>\n\n\n\n<p>Seguindo estas ideias, Anthony Gill, cientista pol\u00edtico da Universidade de Washington (Seattle), publicou em 2019&nbsp;<a href=\"https:\/\/www.aier.org\/article\/an-answer-to-that-viral-equality-meme\/\" target=\"_blank\" rel=\"noreferrer noopener\">um artigo em resposta ao meme de Froehle<\/a>. Na sua opini\u00e3o, a resposta \u00e0s desigualdades dos caixotes est\u00e1 no mercado: na imagem se v\u00ea um est\u00e1dio, e quem pagou ingresso pode ver o jogo. Nem todo mundo pode se permitir os melhores assentos; as pessoas com menos recursos podem ir de vez em quando, beneficiando-se de descontos ou dos pre\u00e7os mais econ\u00f4micos nas arquibancadas mais elevadas. Ou simplesmente podem ver o jogo pela televis\u00e3o. Al\u00e9m disso, para Gill h\u00e1 outro problema: se ningu\u00e9m pagar entrada, no final n\u00e3o haver\u00e1 jogo nenhum, porque os times n\u00e3o conseguir\u00e3o arcar com seus gastos.<\/p>\n","protected":false},"excerpt":{"rendered":"<p>Ilustra\u00e7\u00f5es que comparam igualdade, equidade e justi\u00e7a reaparecem de vez em quando<\/p>\n","protected":false},"author":1,"featured_media":0,"comment_status":"closed","ping_status":"open","sticky":false,"template":"","format":"standard","meta":{"_exactmetrics_skip_tracking":false,"_exactmetrics_sitenote_active":false,"_exactmetrics_sitenote_note":"","_exactmetrics_sitenote_category":0,"jetpack_post_was_ever_published":false,"_jetpack_newsletter_access":"","_jetpack_dont_email_post_to_subs":false,"_jetpack_newsletter_tier_id":0,"_jetpack_memberships_contains_paywalled_content":false,"_jetpack_memberships_contains_paid_content":false,"footnotes":"","jetpack_publicize_message":"","jetpack_publicize_feature_enabled":true,"jetpack_social_post_already_shared":true,"jetpack_social_options":{"image_generator_settings":{"template":"highway","enabled":false},"version":2}},"categories":[1],"tags":[],"class_list":["post-28799","post","type-post","status-publish","format-standard","hentry","category-notas"],"jetpack_publicize_connections":[],"jetpack_sharing_enabled":true,"jetpack_featured_media_url":"","jetpack_shortlink":"https:\/\/wp.me\/p7wKYW-7uv","jetpack-related-posts":[],"_links":{"self":[{"href":"http:\/\/blogdalucianaoliveira.com.br\/blog\/wp-json\/wp\/v2\/posts\/28799","targetHints":{"allow":["GET"]}}],"collection":[{"href":"http:\/\/blogdalucianaoliveira.com.br\/blog\/wp-json\/wp\/v2\/posts"}],"about":[{"href":"http:\/\/blogdalucianaoliveira.com.br\/blog\/wp-json\/wp\/v2\/types\/post"}],"author":[{"embeddable":true,"href":"http:\/\/blogdalucianaoliveira.com.br\/blog\/wp-json\/wp\/v2\/users\/1"}],"replies":[{"embeddable":true,"href":"http:\/\/blogdalucianaoliveira.com.br\/blog\/wp-json\/wp\/v2\/comments?post=28799"}],"version-history":[{"count":1,"href":"http:\/\/blogdalucianaoliveira.com.br\/blog\/wp-json\/wp\/v2\/posts\/28799\/revisions"}],"predecessor-version":[{"id":28803,"href":"http:\/\/blogdalucianaoliveira.com.br\/blog\/wp-json\/wp\/v2\/posts\/28799\/revisions\/28803"}],"wp:attachment":[{"href":"http:\/\/blogdalucianaoliveira.com.br\/blog\/wp-json\/wp\/v2\/media?parent=28799"}],"wp:term":[{"taxonomy":"category","embeddable":true,"href":"http:\/\/blogdalucianaoliveira.com.br\/blog\/wp-json\/wp\/v2\/categories?post=28799"},{"taxonomy":"post_tag","embeddable":true,"href":"http:\/\/blogdalucianaoliveira.com.br\/blog\/wp-json\/wp\/v2\/tags?post=28799"}],"curies":[{"name":"wp","href":"https:\/\/api.w.org\/{rel}","templated":true}]}}