{"id":28804,"date":"2020-06-17T07:26:09","date_gmt":"2020-06-17T11:26:09","guid":{"rendered":"http:\/\/blogdalucianaoliveira.com.br\/blog\/?p=28804"},"modified":"2020-06-17T07:26:17","modified_gmt":"2020-06-17T11:26:17","slug":"bolsonaro-vai-ao-golpe-quem-ira-com-ele","status":"publish","type":"post","link":"http:\/\/blogdalucianaoliveira.com.br\/blog\/2020\/06\/17\/bolsonaro-vai-ao-golpe-quem-ira-com-ele\/","title":{"rendered":"Bolsonaro vai ao golpe. Quem ir\u00e1 com ele?"},"content":{"rendered":"\n<figure class=\"wp-block-image size-large\"><img data-recalc-dims=\"1\" loading=\"lazy\" decoding=\"async\" width=\"600\" height=\"400\" data-attachment-id=\"28464\" data-permalink=\"http:\/\/blogdalucianaoliveira.com.br\/blog\/2020\/05\/30\/quem-e-o-verdadeiro-bolsonaro\/image-106-2\/\" data-orig-file=\"https:\/\/i0.wp.com\/blogdalucianaoliveira.com.br\/blog\/wp-content\/uploads\/2020\/05\/image-106.jpeg?fit=768%2C512\" data-orig-size=\"768,512\" data-comments-opened=\"0\" data-image-meta=\"{&quot;aperture&quot;:&quot;0&quot;,&quot;credit&quot;:&quot;&quot;,&quot;camera&quot;:&quot;&quot;,&quot;caption&quot;:&quot;&quot;,&quot;created_timestamp&quot;:&quot;0&quot;,&quot;copyright&quot;:&quot;&quot;,&quot;focal_length&quot;:&quot;0&quot;,&quot;iso&quot;:&quot;0&quot;,&quot;shutter_speed&quot;:&quot;0&quot;,&quot;title&quot;:&quot;&quot;,&quot;orientation&quot;:&quot;0&quot;}\" data-image-title=\"image-106\" data-image-description=\"\" data-image-caption=\"\" data-medium-file=\"https:\/\/i0.wp.com\/blogdalucianaoliveira.com.br\/blog\/wp-content\/uploads\/2020\/05\/image-106.jpeg?fit=300%2C200\" data-large-file=\"https:\/\/i0.wp.com\/blogdalucianaoliveira.com.br\/blog\/wp-content\/uploads\/2020\/05\/image-106.jpeg?fit=600%2C400\" src=\"https:\/\/i0.wp.com\/blogdalucianaoliveira.com.br\/blog\/wp-content\/uploads\/2020\/05\/image-106.jpeg?resize=600%2C400\" alt=\"\" class=\"wp-image-28464\" srcset=\"https:\/\/i0.wp.com\/blogdalucianaoliveira.com.br\/blog\/wp-content\/uploads\/2020\/05\/image-106.jpeg?w=768 768w, https:\/\/i0.wp.com\/blogdalucianaoliveira.com.br\/blog\/wp-content\/uploads\/2020\/05\/image-106.jpeg?resize=300%2C200 300w, https:\/\/i0.wp.com\/blogdalucianaoliveira.com.br\/blog\/wp-content\/uploads\/2020\/05\/image-106.jpeg?resize=450%2C300 450w\" sizes=\"auto, (max-width: 600px) 100vw, 600px\" \/><\/figure>\n\n\n\n<p>A proclama\u00e7\u00e3o golpista de Jair Bolsonaro, ontem \u00e0 noite, pode ser uma amea\u00e7a ou uma fanfarronice.<\/p>\n\n\n\n<!--more-->\n\n\n\n<p>Tijola\u00e7o &#8211; Fernando Brito <\/p>\n\n\n\n<p>Ao dizer que tomar\u00e1 \u201ctodas as medidas legais poss\u00edveis para proteger a Constitui\u00e7\u00e3o e a liberdade do dos brasileiros, as quais nunca este impedido de tomar, diz exatamente o contr\u00e1rio: que est\u00e1 disposto a tomar medidas extra-legais e extra-constitucionais para acobertar os grupos de apoiadores que, at\u00e9 mesmo com roj\u00f5es, atacam a devida ordem legal.<\/p>\n\n\n\n<p>Passou dois dias de consultas e sondagens antes de partir para o ato ousado. Certamente verificando com o que conta para esta ofensiva golpista.<\/p>\n\n\n\n<p>N\u00e3o h\u00e1 sinais p\u00fablicos de que conte com cobertura para isto, mas n\u00e3o se pode subestimar a veia autorit\u00e1ria dos militares que cooptou para sua aventura de poder.<\/p>\n\n\n\n<p>V\u00ea-se, no texto, que a no\u00e7\u00e3o de liberdade bolsonarista \u00e9 armar os cidad\u00e3os, como se este pa\u00eds devesse ser um faroeste, onde a bala seja o argumento do debate pol\u00edtico.<\/p>\n\n\n\n<p>Mas as armas com que conta s\u00e3o outras, as compradas com o dinheiro do povo e portada por homens pagos pelo povo, transformando-se em chicotes contra este pr\u00f3prio povo.<\/p>\n\n\n\n<p>Bolsonaro jogou a cartada, por enquanto em palavras. Pode parar por a\u00ed, na bravata. Pode, por\u00e9m, ser o sinal para que sua m\u00e1quina miliciana entre em a\u00e7\u00e3o, tentando arrastar a parte podre de nossas For\u00e7as Armadas, tranformada em capangas presidenciais.<\/p>\n\n\n\n<figure class=\"wp-block-image size-large\"><img data-recalc-dims=\"1\" loading=\"lazy\" decoding=\"async\" width=\"600\" height=\"295\" data-attachment-id=\"28805\" data-permalink=\"http:\/\/blogdalucianaoliveira.com.br\/blog\/2020\/06\/17\/bolsonaro-vai-ao-golpe-quem-ira-com-ele\/image-5-12\/\" data-orig-file=\"https:\/\/i0.wp.com\/blogdalucianaoliveira.com.br\/blog\/wp-content\/uploads\/2020\/06\/image-5.png?fit=600%2C295\" data-orig-size=\"600,295\" data-comments-opened=\"0\" data-image-meta=\"{&quot;aperture&quot;:&quot;0&quot;,&quot;credit&quot;:&quot;&quot;,&quot;camera&quot;:&quot;&quot;,&quot;caption&quot;:&quot;&quot;,&quot;created_timestamp&quot;:&quot;0&quot;,&quot;copyright&quot;:&quot;&quot;,&quot;focal_length&quot;:&quot;0&quot;,&quot;iso&quot;:&quot;0&quot;,&quot;shutter_speed&quot;:&quot;0&quot;,&quot;title&quot;:&quot;&quot;,&quot;orientation&quot;:&quot;0&quot;}\" data-image-title=\"image-5\" data-image-description=\"\" data-image-caption=\"\" data-medium-file=\"https:\/\/i0.wp.com\/blogdalucianaoliveira.com.br\/blog\/wp-content\/uploads\/2020\/06\/image-5.png?fit=300%2C148\" data-large-file=\"https:\/\/i0.wp.com\/blogdalucianaoliveira.com.br\/blog\/wp-content\/uploads\/2020\/06\/image-5.png?fit=600%2C295\" src=\"https:\/\/i0.wp.com\/blogdalucianaoliveira.com.br\/blog\/wp-content\/uploads\/2020\/06\/image-5.png?resize=600%2C295\" alt=\"\" class=\"wp-image-28805\" srcset=\"https:\/\/i0.wp.com\/blogdalucianaoliveira.com.br\/blog\/wp-content\/uploads\/2020\/06\/image-5.png?w=600 600w, https:\/\/i0.wp.com\/blogdalucianaoliveira.com.br\/blog\/wp-content\/uploads\/2020\/06\/image-5.png?resize=300%2C148 300w\" sizes=\"auto, (max-width: 600px) 100vw, 600px\" \/><\/figure>\n\n\n\n<p>Leia o texto da fala insana de Bolsonaro, ontem \u00e0 noite.<\/p>\n\n\n\n<p><em>O hist\u00f3rico do meu governo prova que sempre estivemos ao lado da democracia e da Constitui\u00e7\u00e3o brasileira. N\u00e3o houve, at\u00e9 agora, nenhuma medida que demonstre qualquer tipo de apre\u00e7o nosso ao autoritarismo, muito pelo contr\u00e1rio.<\/em><br><em>\u2013 Em janeiro 2019, ap\u00f3s vencermos nas urnas e colocarmos um fim ao ciclo PT-PSDB, iniciamos uma escalada do Brasil rumo \u00e0 liberdade, trabalhando por reformas necess\u00e1rias, adotando uma economia de mercado, ampliando o direito de defesa dos cidad\u00e3os.<\/em><br><em>\u2013 Reduzimos tamb\u00e9m todos \u00edndices de criminalidade, eliminamos burocracias, nos distanciamos de ditaduras comunistas e firmamos alian\u00e7as com pa\u00edses livres e democr\u00e1ticos. Tiramos o Estado das costas de quem produz e sempre nos posicionamos contra quaisquer viola\u00e7\u00f5es de liberdades.<\/em><br><em>\u2013 O que advers\u00e1rios apontam como \u201cautoritarismo\u201d do governo e de seus apoiadores n\u00e3o passam de posicionamentos alinhados aos valores do nosso povo, que \u00e9, em sua grande maioria, conservador. A tentativa de excluir esse pensamento do debate p\u00fablico \u00e9 que, de fato, \u00e9 autorit\u00e1ria.<\/em><br><em>\u2013 Vale lembrar que, h\u00e1 d\u00e9cadas, o conservadorismo foi abolido de nossa pol\u00edtica, e as pessoas que se identificam com esses valores viviam sob governos socialistas que entregaram o pa\u00eds \u00e0 viol\u00eancia e \u00e0 corrup\u00e7\u00e3o, feriram nossa democracia e destru\u00edram nossa identidade nacional.<\/em><br><em>\u2013 Suportamos a todos esses abusos sem desrespeitar nenhuma regra democr\u00e1tica, at\u00e9 mesmo quando um militante de esquerda, ex-membro de um partido da oposi\u00e7\u00e3o, tentou me assassinar para impedir nossa vit\u00f3ria nas elei\u00e7\u00f5es, num atentado que foi assistido pelo mundo inteiro.<\/em><br><em>\u2013 Do mesmo modo, os abusos presenciados por todos nas \u00faltimas semanas foram recebidos pelo governo com a mesma cautela de sempre, cobrando, com o simples poder da palavra, o respeito e a harmonia entre os poderes. Essa tem sido nossa postura, mesmo diante de ataques concretos.<\/em><br><em>\u2013 Queremos, acima de tudo, preservar a nossa democracia. E fingir naturalidade diante de tudo que est\u00e1 acontecendo s\u00f3 contribuiria para a sua completa destrui\u00e7\u00e3o. Nada \u00e9 mais autorit\u00e1rio do que atentar contra a liberdade de seu pr\u00f3prio povo.<\/em><br><em>\u2013 S\u00f3 pode haver democracia onde o povo \u00e9 respeitado, onde os governados escolhem quem ir\u00e1 govern\u00e1-los e onde as liberdades fundamentais s\u00e3o protegidas. \u00c9 o povo que legitima as institui\u00e7\u00f5es, e n\u00e3o o contr\u00e1rio. Isso sim \u00e9 democracia.<\/em><br><em>\u2013 Luto para fazer a minha parte, mas n\u00e3o posso assistir calado enquanto direitos s\u00e3o violados e ideias s\u00e3o perseguidas. Por isso, tomarei todas as medidas legais poss\u00edveis para proteger a Constitui\u00e7\u00e3o e a liberdade do dos brasileiros.<\/em><br><em>BRASIL ACIMA DE TUDO; DEUS ACIMA DE TODOS!<\/em><\/p>\n","protected":false},"excerpt":{"rendered":"<p>A proclama\u00e7\u00e3o golpista de Jair Bolsonaro, ontem \u00e0 noite, pode ser uma amea\u00e7a ou uma fanfarronice.<\/p>\n","protected":false},"author":1,"featured_media":0,"comment_status":"closed","ping_status":"open","sticky":false,"template":"","format":"standard","meta":{"_exactmetrics_skip_tracking":false,"_exactmetrics_sitenote_active":false,"_exactmetrics_sitenote_note":"","_exactmetrics_sitenote_category":0,"jetpack_post_was_ever_published":false,"_jetpack_newsletter_access":"","_jetpack_dont_email_post_to_subs":false,"_jetpack_newsletter_tier_id":0,"_jetpack_memberships_contains_paywalled_content":false,"_jetpack_memberships_contains_paid_content":false,"footnotes":"","jetpack_publicize_message":"","jetpack_publicize_feature_enabled":true,"jetpack_social_post_already_shared":true,"jetpack_social_options":{"image_generator_settings":{"template":"highway","enabled":false},"version":2}},"categories":[1],"tags":[],"class_list":["post-28804","post","type-post","status-publish","format-standard","hentry","category-notas"],"jetpack_publicize_connections":[],"jetpack_sharing_enabled":true,"jetpack_featured_media_url":"","jetpack_shortlink":"https:\/\/wp.me\/p7wKYW-7uA","jetpack-related-posts":[],"_links":{"self":[{"href":"http:\/\/blogdalucianaoliveira.com.br\/blog\/wp-json\/wp\/v2\/posts\/28804","targetHints":{"allow":["GET"]}}],"collection":[{"href":"http:\/\/blogdalucianaoliveira.com.br\/blog\/wp-json\/wp\/v2\/posts"}],"about":[{"href":"http:\/\/blogdalucianaoliveira.com.br\/blog\/wp-json\/wp\/v2\/types\/post"}],"author":[{"embeddable":true,"href":"http:\/\/blogdalucianaoliveira.com.br\/blog\/wp-json\/wp\/v2\/users\/1"}],"replies":[{"embeddable":true,"href":"http:\/\/blogdalucianaoliveira.com.br\/blog\/wp-json\/wp\/v2\/comments?post=28804"}],"version-history":[{"count":1,"href":"http:\/\/blogdalucianaoliveira.com.br\/blog\/wp-json\/wp\/v2\/posts\/28804\/revisions"}],"predecessor-version":[{"id":28806,"href":"http:\/\/blogdalucianaoliveira.com.br\/blog\/wp-json\/wp\/v2\/posts\/28804\/revisions\/28806"}],"wp:attachment":[{"href":"http:\/\/blogdalucianaoliveira.com.br\/blog\/wp-json\/wp\/v2\/media?parent=28804"}],"wp:term":[{"taxonomy":"category","embeddable":true,"href":"http:\/\/blogdalucianaoliveira.com.br\/blog\/wp-json\/wp\/v2\/categories?post=28804"},{"taxonomy":"post_tag","embeddable":true,"href":"http:\/\/blogdalucianaoliveira.com.br\/blog\/wp-json\/wp\/v2\/tags?post=28804"}],"curies":[{"name":"wp","href":"https:\/\/api.w.org\/{rel}","templated":true}]}}