{"id":28811,"date":"2020-06-17T16:34:14","date_gmt":"2020-06-17T20:34:14","guid":{"rendered":"http:\/\/blogdalucianaoliveira.com.br\/blog\/?p=28811"},"modified":"2020-06-17T16:34:22","modified_gmt":"2020-06-17T20:34:22","slug":"em-derrota-para-bolsonaro-stf-mantem-inquerito-das-fake-news","status":"publish","type":"post","link":"http:\/\/blogdalucianaoliveira.com.br\/blog\/2020\/06\/17\/em-derrota-para-bolsonaro-stf-mantem-inquerito-das-fake-news\/","title":{"rendered":"Em derrota para Bolsonaro, STF mant\u00e9m inqu\u00e9rito das fake news"},"content":{"rendered":"\n<figure class=\"wp-block-image size-large\"><img data-recalc-dims=\"1\" loading=\"lazy\" decoding=\"async\" width=\"600\" height=\"374\" data-attachment-id=\"28812\" data-permalink=\"http:\/\/blogdalucianaoliveira.com.br\/blog\/2020\/06\/17\/em-derrota-para-bolsonaro-stf-mantem-inquerito-das-fake-news\/image-48-7\/\" data-orig-file=\"https:\/\/i0.wp.com\/blogdalucianaoliveira.com.br\/blog\/wp-content\/uploads\/2020\/06\/image-48.jpeg?fit=610%2C380\" data-orig-size=\"610,380\" data-comments-opened=\"0\" data-image-meta=\"{&quot;aperture&quot;:&quot;0&quot;,&quot;credit&quot;:&quot;&quot;,&quot;camera&quot;:&quot;&quot;,&quot;caption&quot;:&quot;&quot;,&quot;created_timestamp&quot;:&quot;0&quot;,&quot;copyright&quot;:&quot;&quot;,&quot;focal_length&quot;:&quot;0&quot;,&quot;iso&quot;:&quot;0&quot;,&quot;shutter_speed&quot;:&quot;0&quot;,&quot;title&quot;:&quot;&quot;,&quot;orientation&quot;:&quot;0&quot;}\" data-image-title=\"image-48\" data-image-description=\"\" data-image-caption=\"\" data-medium-file=\"https:\/\/i0.wp.com\/blogdalucianaoliveira.com.br\/blog\/wp-content\/uploads\/2020\/06\/image-48.jpeg?fit=300%2C187\" data-large-file=\"https:\/\/i0.wp.com\/blogdalucianaoliveira.com.br\/blog\/wp-content\/uploads\/2020\/06\/image-48.jpeg?fit=600%2C374\" src=\"https:\/\/i0.wp.com\/blogdalucianaoliveira.com.br\/blog\/wp-content\/uploads\/2020\/06\/image-48.jpeg?resize=600%2C374\" alt=\"\" class=\"wp-image-28812\" srcset=\"https:\/\/i0.wp.com\/blogdalucianaoliveira.com.br\/blog\/wp-content\/uploads\/2020\/06\/image-48.jpeg?w=610 610w, https:\/\/i0.wp.com\/blogdalucianaoliveira.com.br\/blog\/wp-content\/uploads\/2020\/06\/image-48.jpeg?resize=300%2C187 300w, https:\/\/i0.wp.com\/blogdalucianaoliveira.com.br\/blog\/wp-content\/uploads\/2020\/06\/image-48.jpeg?resize=482%2C300 482w\" sizes=\"auto, (max-width: 600px) 100vw, 600px\" \/><\/figure>\n\n\n\n<p><strong>BRAS\u00cdLIA (Reuters) &#8211;<\/strong>&nbsp;O Supremo Tribunal Federal (STF) formou nesta quarta-feira uma maioria pela legalidade da portaria que instaurou o inqu\u00e9rito das fake news, investiga\u00e7\u00e3o que desde o ano passado apura a divulga\u00e7\u00e3o de not\u00edcias falsas e amea\u00e7as a integrantes da corte.<\/p>\n\n\n\n<!--more-->\n\n\n\n<p>O sexto voto a favor da legalidade do inqu\u00e9rito foi proferido pela ministra C\u00e1rmen L\u00facia, que acompanhou o voto do ministro Edson Fachin, que rejeitou uma a\u00e7\u00e3o que tenta barrar o andamento do inqu\u00e9rito. Ela destacou que a apura\u00e7\u00e3o n\u00e3o est\u00e1 cerceando a liberdade.<\/p>\n\n\n\n<p>\u201cLiberdade rima juridicamente com responsabilidade, mas n\u00e3o rima juridicamente com criminalidade, menos ainda com atos criminosos e que podem ser investigados\u201d, disse.<\/p>\n\n\n\n<p>Para a ministra, os atos investigados \u2014conforme ela citou, conduzidos pelo ministro Alexandre de Moraes\u2014 s\u00e3o abusos e visam destruir a democracia. \u201cDemocracia se tem pela preserva\u00e7\u00e3o do sistema. Ela n\u00e3o pode ser morta por tiranos\u201d, criticou.<\/p>\n\n\n\n<p>Por ora, os ministros v\u00e3o seguir as balizas fixadas por Fachin para a condu\u00e7\u00e3o do inqu\u00e9rito:<\/p>\n\n\n\n<p>1) que seja acompanhado pelo Minist\u00e9rio P\u00fablico;<\/p>\n\n\n\n<p>2) que garanta a investigados amplo acesso aos autos;<\/p>\n\n\n\n<p>3) que limite o objeto da investiga\u00e7\u00e3o a casos de risco efetivo de independ\u00eancia do STF, por meio de amea\u00e7a a seus membros e familiares;<\/p>\n\n\n\n<p>4) garanta a liberdade de express\u00e3o e de imprensa, excluindo do escopo da apura\u00e7\u00e3o mat\u00e9rias jornal\u00edsticas e postagens an\u00f4micas, desde que n\u00e3o integrem esquemas de financiamento de propaga\u00e7\u00e3o de fake news.<\/p>\n","protected":false},"excerpt":{"rendered":"<p>BRAS\u00cdLIA (Reuters) &#8211;&nbsp;O Supremo Tribunal Federal (STF) formou nesta quarta-feira uma maioria pela legalidade da portaria que instaurou o inqu\u00e9rito das fake news, investiga\u00e7\u00e3o que desde o ano passado apura a divulga\u00e7\u00e3o de not\u00edcias falsas e amea\u00e7as a integrantes da corte.<\/p>\n","protected":false},"author":1,"featured_media":0,"comment_status":"closed","ping_status":"open","sticky":false,"template":"","format":"standard","meta":{"_exactmetrics_skip_tracking":false,"_exactmetrics_sitenote_active":false,"_exactmetrics_sitenote_note":"","_exactmetrics_sitenote_category":0,"jetpack_post_was_ever_published":false,"_jetpack_newsletter_access":"","_jetpack_dont_email_post_to_subs":false,"_jetpack_newsletter_tier_id":0,"_jetpack_memberships_contains_paywalled_content":false,"_jetpack_memberships_contains_paid_content":false,"footnotes":"","jetpack_publicize_message":"","jetpack_publicize_feature_enabled":true,"jetpack_social_post_already_shared":true,"jetpack_social_options":{"image_generator_settings":{"template":"highway","enabled":false},"version":2}},"categories":[1],"tags":[],"class_list":["post-28811","post","type-post","status-publish","format-standard","hentry","category-notas"],"jetpack_publicize_connections":[],"jetpack_sharing_enabled":true,"jetpack_featured_media_url":"","jetpack_shortlink":"https:\/\/wp.me\/p7wKYW-7uH","jetpack-related-posts":[],"_links":{"self":[{"href":"http:\/\/blogdalucianaoliveira.com.br\/blog\/wp-json\/wp\/v2\/posts\/28811","targetHints":{"allow":["GET"]}}],"collection":[{"href":"http:\/\/blogdalucianaoliveira.com.br\/blog\/wp-json\/wp\/v2\/posts"}],"about":[{"href":"http:\/\/blogdalucianaoliveira.com.br\/blog\/wp-json\/wp\/v2\/types\/post"}],"author":[{"embeddable":true,"href":"http:\/\/blogdalucianaoliveira.com.br\/blog\/wp-json\/wp\/v2\/users\/1"}],"replies":[{"embeddable":true,"href":"http:\/\/blogdalucianaoliveira.com.br\/blog\/wp-json\/wp\/v2\/comments?post=28811"}],"version-history":[{"count":1,"href":"http:\/\/blogdalucianaoliveira.com.br\/blog\/wp-json\/wp\/v2\/posts\/28811\/revisions"}],"predecessor-version":[{"id":28813,"href":"http:\/\/blogdalucianaoliveira.com.br\/blog\/wp-json\/wp\/v2\/posts\/28811\/revisions\/28813"}],"wp:attachment":[{"href":"http:\/\/blogdalucianaoliveira.com.br\/blog\/wp-json\/wp\/v2\/media?parent=28811"}],"wp:term":[{"taxonomy":"category","embeddable":true,"href":"http:\/\/blogdalucianaoliveira.com.br\/blog\/wp-json\/wp\/v2\/categories?post=28811"},{"taxonomy":"post_tag","embeddable":true,"href":"http:\/\/blogdalucianaoliveira.com.br\/blog\/wp-json\/wp\/v2\/tags?post=28811"}],"curies":[{"name":"wp","href":"https:\/\/api.w.org\/{rel}","templated":true}]}}