{"id":28814,"date":"2020-06-17T16:36:46","date_gmt":"2020-06-17T20:36:46","guid":{"rendered":"http:\/\/blogdalucianaoliveira.com.br\/blog\/?p=28814"},"modified":"2020-06-17T16:36:55","modified_gmt":"2020-06-17T20:36:55","slug":"marido-de-sara-winter-e-mais-dois-sao-presos-apos-soltarem-rojoes-em-frente-a-presidio-no-df","status":"publish","type":"post","link":"http:\/\/blogdalucianaoliveira.com.br\/blog\/2020\/06\/17\/marido-de-sara-winter-e-mais-dois-sao-presos-apos-soltarem-rojoes-em-frente-a-presidio-no-df\/","title":{"rendered":"Marido de Sara Winter e mais dois s\u00e3o presos ap\u00f3s soltarem roj\u00f5es em frente a pres\u00eddio no DF"},"content":{"rendered":"\n<figure class=\"wp-block-image size-large\"><img data-recalc-dims=\"1\" loading=\"lazy\" decoding=\"async\" width=\"600\" height=\"374\" data-attachment-id=\"28815\" data-permalink=\"http:\/\/blogdalucianaoliveira.com.br\/blog\/2020\/06\/17\/marido-de-sara-winter-e-mais-dois-sao-presos-apos-soltarem-rojoes-em-frente-a-presidio-no-df\/image-49-7\/\" data-orig-file=\"https:\/\/i0.wp.com\/blogdalucianaoliveira.com.br\/blog\/wp-content\/uploads\/2020\/06\/image-49.jpeg?fit=610%2C380\" data-orig-size=\"610,380\" data-comments-opened=\"0\" data-image-meta=\"{&quot;aperture&quot;:&quot;0&quot;,&quot;credit&quot;:&quot;&quot;,&quot;camera&quot;:&quot;&quot;,&quot;caption&quot;:&quot;&quot;,&quot;created_timestamp&quot;:&quot;0&quot;,&quot;copyright&quot;:&quot;&quot;,&quot;focal_length&quot;:&quot;0&quot;,&quot;iso&quot;:&quot;0&quot;,&quot;shutter_speed&quot;:&quot;0&quot;,&quot;title&quot;:&quot;&quot;,&quot;orientation&quot;:&quot;0&quot;}\" data-image-title=\"image-49\" data-image-description=\"\" data-image-caption=\"\" data-medium-file=\"https:\/\/i0.wp.com\/blogdalucianaoliveira.com.br\/blog\/wp-content\/uploads\/2020\/06\/image-49.jpeg?fit=300%2C187\" data-large-file=\"https:\/\/i0.wp.com\/blogdalucianaoliveira.com.br\/blog\/wp-content\/uploads\/2020\/06\/image-49.jpeg?fit=600%2C374\" src=\"https:\/\/i0.wp.com\/blogdalucianaoliveira.com.br\/blog\/wp-content\/uploads\/2020\/06\/image-49.jpeg?resize=600%2C374\" alt=\"\" class=\"wp-image-28815\" srcset=\"https:\/\/i0.wp.com\/blogdalucianaoliveira.com.br\/blog\/wp-content\/uploads\/2020\/06\/image-49.jpeg?w=610 610w, https:\/\/i0.wp.com\/blogdalucianaoliveira.com.br\/blog\/wp-content\/uploads\/2020\/06\/image-49.jpeg?resize=300%2C187 300w, https:\/\/i0.wp.com\/blogdalucianaoliveira.com.br\/blog\/wp-content\/uploads\/2020\/06\/image-49.jpeg?resize=482%2C300 482w\" sizes=\"auto, (max-width: 600px) 100vw, 600px\" \/><\/figure>\n\n\n\n<p><strong>Revista F\u00f3rum &#8211;\u00a0<\/strong>A Pol\u00edcia Civil do Distrito Federal prendeu, na tarde desta quarta-feira (17), o marido da bolsonarista Sara Winter e outros dois homens. O grupo soltava roj\u00f5es em frente \u00e0 Penitenci\u00e1ria Feminina do Gama, conhecida como Colm\u00e9ia.<\/p>\n\n\n\n<!--more-->\n\n\n\n<p>Trata-se da unidade prisional para onde&nbsp;<a target=\"_blank\" rel=\"noreferrer noopener\" href=\"https:\/\/revistaforum.com.br\/noticias\/bolsonarista-sara-winter-e-transferida-da-pf-para-penitenciaria-feminina-de-brasilia\/\">foi transferida a extremista<\/a>, tamb\u00e9m nesta tarde. Antes, ela estava na sede da Pol\u00edcia Federal em Bras\u00edlia.<\/p>\n\n\n\n<p>Presa desde segunda-feira (15), Sara foi detida no \u00e2mbito do inqu\u00e9rito no Supremo Tribunal Federal que investiga a organiza\u00e7\u00e3o de atos golpistas e amea\u00e7as contra os ministros da Corte. Ela tamb\u00e9m \u00e9 investigada por ter amea\u00e7ado nas redes sociais o ministro Alexandre de Moraes, relator do inqu\u00e9rito.<\/p>\n\n\n\n<p>Leia mais na\u00a0<a rel=\"noreferrer noopener\" target=\"_blank\" href=\"https:\/\/revistaforum.com.br\/noticias\/marido-de-sara-winter-e-mais-dois-homens-sao-presos-apos-soltarem-rojoes-em-frente-a-presidio-no-df\/\">F\u00f3rum<\/a>.<\/p>\n","protected":false},"excerpt":{"rendered":"<p>Revista F\u00f3rum &#8211;\u00a0A Pol\u00edcia Civil do Distrito Federal prendeu, na tarde desta quarta-feira (17), o marido da bolsonarista Sara Winter e outros dois homens. O grupo soltava roj\u00f5es em frente \u00e0 Penitenci\u00e1ria Feminina do Gama, conhecida como Colm\u00e9ia.<\/p>\n","protected":false},"author":1,"featured_media":0,"comment_status":"closed","ping_status":"open","sticky":false,"template":"","format":"standard","meta":{"_exactmetrics_skip_tracking":false,"_exactmetrics_sitenote_active":false,"_exactmetrics_sitenote_note":"","_exactmetrics_sitenote_category":0,"jetpack_post_was_ever_published":false,"_jetpack_newsletter_access":"","_jetpack_dont_email_post_to_subs":false,"_jetpack_newsletter_tier_id":0,"_jetpack_memberships_contains_paywalled_content":false,"_jetpack_memberships_contains_paid_content":false,"footnotes":"","jetpack_publicize_message":"","jetpack_publicize_feature_enabled":true,"jetpack_social_post_already_shared":true,"jetpack_social_options":{"image_generator_settings":{"template":"highway","enabled":false},"version":2}},"categories":[1],"tags":[],"class_list":["post-28814","post","type-post","status-publish","format-standard","hentry","category-notas"],"jetpack_publicize_connections":[],"jetpack_sharing_enabled":true,"jetpack_featured_media_url":"","jetpack_shortlink":"https:\/\/wp.me\/p7wKYW-7uK","jetpack-related-posts":[],"_links":{"self":[{"href":"http:\/\/blogdalucianaoliveira.com.br\/blog\/wp-json\/wp\/v2\/posts\/28814","targetHints":{"allow":["GET"]}}],"collection":[{"href":"http:\/\/blogdalucianaoliveira.com.br\/blog\/wp-json\/wp\/v2\/posts"}],"about":[{"href":"http:\/\/blogdalucianaoliveira.com.br\/blog\/wp-json\/wp\/v2\/types\/post"}],"author":[{"embeddable":true,"href":"http:\/\/blogdalucianaoliveira.com.br\/blog\/wp-json\/wp\/v2\/users\/1"}],"replies":[{"embeddable":true,"href":"http:\/\/blogdalucianaoliveira.com.br\/blog\/wp-json\/wp\/v2\/comments?post=28814"}],"version-history":[{"count":1,"href":"http:\/\/blogdalucianaoliveira.com.br\/blog\/wp-json\/wp\/v2\/posts\/28814\/revisions"}],"predecessor-version":[{"id":28816,"href":"http:\/\/blogdalucianaoliveira.com.br\/blog\/wp-json\/wp\/v2\/posts\/28814\/revisions\/28816"}],"wp:attachment":[{"href":"http:\/\/blogdalucianaoliveira.com.br\/blog\/wp-json\/wp\/v2\/media?parent=28814"}],"wp:term":[{"taxonomy":"category","embeddable":true,"href":"http:\/\/blogdalucianaoliveira.com.br\/blog\/wp-json\/wp\/v2\/categories?post=28814"},{"taxonomy":"post_tag","embeddable":true,"href":"http:\/\/blogdalucianaoliveira.com.br\/blog\/wp-json\/wp\/v2\/tags?post=28814"}],"curies":[{"name":"wp","href":"https:\/\/api.w.org\/{rel}","templated":true}]}}