{"id":28817,"date":"2020-06-17T16:42:57","date_gmt":"2020-06-17T20:42:57","guid":{"rendered":"http:\/\/blogdalucianaoliveira.com.br\/blog\/?p=28817"},"modified":"2020-06-17T16:43:29","modified_gmt":"2020-06-17T20:43:29","slug":"a-fiocruz-na-mira-do-bolsonarismo","status":"publish","type":"post","link":"http:\/\/blogdalucianaoliveira.com.br\/blog\/2020\/06\/17\/a-fiocruz-na-mira-do-bolsonarismo\/","title":{"rendered":"A  FIOCRUZ NA MIRA DO BOLSONARISMO"},"content":{"rendered":"\n<figure class=\"wp-block-image size-large\"><img loading=\"lazy\" decoding=\"async\" width=\"1200\" height=\"630\" data-attachment-id=\"28818\" data-permalink=\"http:\/\/blogdalucianaoliveira.com.br\/blog\/2020\/06\/17\/a-fiocruz-na-mira-do-bolsonarismo\/image-50-7\/\" data-orig-file=\"https:\/\/i0.wp.com\/blogdalucianaoliveira.com.br\/blog\/wp-content\/uploads\/2020\/06\/image-50.jpeg?fit=1200%2C630\" data-orig-size=\"1200,630\" data-comments-opened=\"0\" data-image-meta=\"{&quot;aperture&quot;:&quot;0&quot;,&quot;credit&quot;:&quot;&quot;,&quot;camera&quot;:&quot;&quot;,&quot;caption&quot;:&quot;&quot;,&quot;created_timestamp&quot;:&quot;0&quot;,&quot;copyright&quot;:&quot;&quot;,&quot;focal_length&quot;:&quot;0&quot;,&quot;iso&quot;:&quot;0&quot;,&quot;shutter_speed&quot;:&quot;0&quot;,&quot;title&quot;:&quot;&quot;,&quot;orientation&quot;:&quot;0&quot;}\" data-image-title=\"image-50\" data-image-description=\"\" data-image-caption=\"\" data-medium-file=\"https:\/\/i0.wp.com\/blogdalucianaoliveira.com.br\/blog\/wp-content\/uploads\/2020\/06\/image-50.jpeg?fit=300%2C158\" data-large-file=\"https:\/\/i0.wp.com\/blogdalucianaoliveira.com.br\/blog\/wp-content\/uploads\/2020\/06\/image-50.jpeg?fit=600%2C315\" src=\"https:\/\/i1.wp.com\/blogdalucianaoliveira.com.br\/blog\/wp-content\/uploads\/2020\/06\/image-50.jpeg?fit=600%2C315\" alt=\"\" class=\"wp-image-28818\" srcset=\"https:\/\/i0.wp.com\/blogdalucianaoliveira.com.br\/blog\/wp-content\/uploads\/2020\/06\/image-50.jpeg?w=1200 1200w, https:\/\/i0.wp.com\/blogdalucianaoliveira.com.br\/blog\/wp-content\/uploads\/2020\/06\/image-50.jpeg?resize=300%2C158 300w, https:\/\/i0.wp.com\/blogdalucianaoliveira.com.br\/blog\/wp-content\/uploads\/2020\/06\/image-50.jpeg?resize=1024%2C538 1024w, https:\/\/i0.wp.com\/blogdalucianaoliveira.com.br\/blog\/wp-content\/uploads\/2020\/06\/image-50.jpeg?resize=768%2C403 768w, https:\/\/i0.wp.com\/blogdalucianaoliveira.com.br\/blog\/wp-content\/uploads\/2020\/06\/image-50.jpeg?resize=571%2C300 571w\" sizes=\"auto, (max-width: 600px) 100vw, 600px\" \/><\/figure>\n\n\n\n<h4 class=\"wp-block-heading\">Em \u00e1udio enviado a aliados, secret\u00e1ria do Minist\u00e9rio da Sa\u00fade indica que governo planeja interferir nas pr\u00f3ximas elei\u00e7\u00f5es da Funda\u00e7\u00e3o \u2013 onde \u201ctudo envolve LGBTI\u201d&nbsp;<\/h4>\n\n\n\n<!--more-->\n\n\n\n<p><strong>MALU GASPAR<\/strong>, na Revista Piau\u00ed<\/p>\n\n\n\n<p>Os embates em defesa do uso da cloroquina e pelo fim do isolamento social n\u00e3o s\u00e3o os \u00fanicos a que o governo Bolsonaro est\u00e1 disposto para fazer valer suas teses sobre a gest\u00e3o do sistema de sa\u00fade p\u00fablica do Brasil. O grupo que hoje comanda o minist\u00e9rio tem como objetivo interferir na dire\u00e7\u00e3o da Funda\u00e7\u00e3o Oswaldo Cruz, uma das principais institui\u00e7\u00f5es de pesquisa e desenvolvimento de tecnologias para a sa\u00fade, e na Comiss\u00e3o Nacional de \u00c9tica em Pesquisa, que regula e autoriza as pesquisas cient\u00edficas no Brasil. \u00c9 o que indica um \u00e1udio enviado pela secret\u00e1ria de Gest\u00e3o do Trabalho e Educa\u00e7\u00e3o na Sa\u00fade, Mayra Pinheiro, a aliados no minist\u00e9rio, sobre as pol\u00eamicas envolvendo os dois \u00f3rg\u00e3os. O \u00e1udio, a que\u00a0<strong>piau\u00ed<\/strong>\u00a0teve acesso, come\u00e7ou a circular entre gestores do setor de sa\u00fade no in\u00edcio de maio. Tudo indica que tenha sido gravado em 2019.\u00a0 A secret\u00e1ria \u00e9 hoje uma das principais dirigentes do minist\u00e9rio e das mais alinhadas ao bolsonarismo. Na grava\u00e7\u00e3o, ela diz que a gest\u00e3o da Fiocruz \u00e9 pautada por quest\u00f5es relativas \u00e0s minorias e que a funda\u00e7\u00e3o tem um \u201cp\u00eanis\u201d na porta de sua sede. \u201cTudo deles envolve LGBTI. Eles t\u00eam um p\u00eanis na porta da Fiocruz, todos os tapetes das portas s\u00e3o a figura do Che Guevara, as salas s\u00e3o figurinhas do Lula Livre, Marielle vive.\u201d\u00a0\u00a0<br><\/p>\n\n\n\n<p>N\u00e3o h\u00e1 nenhuma figura de p\u00eanis na entrada da funda\u00e7\u00e3o, tampouco tapetes com a imagem de Che Guevara, nem envolvimento institucional com campanhas pela liberta\u00e7\u00e3o de Lula ou com debates sobre a morte da vereadora carioca. Mas, para Pinheiro, essas s\u00e3o raz\u00f5es pelas quais seria preciso intervir nas elei\u00e7\u00f5es para a dire\u00e7\u00e3o da institui\u00e7\u00e3o, que a cada quatro anos elege uma lista tr\u00edplice pelo voto direto dos funcion\u00e1rios e pesquisadores com mais de um ano de casa.&nbsp; A lista \u00e9 encaminhada ao presidente da Rep\u00fablica, que, por tradi\u00e7\u00e3o, nomeia o mais votado.&nbsp; \u201cAno que vem a Fiocruz vai ter elei\u00e7\u00e3o, e o que a gente tem de come\u00e7ar a fazer \u00e9 acabar com essa influ\u00eancia do Conselho Nacional da Sa\u00fade, que vaia o presidente, vaia deputado, vaia todo mundo que \u00e9 contra as medidas de esquerda, e tirar da Fiocruz o poder de direcionar a Sa\u00fade no Brasil\u201d, diz a secret\u00e1ria.&nbsp;&nbsp;<\/p>\n\n\n\n<p>A Fiocruz \u00e9 presidida pela professora e pesquisadora N\u00edsia Trindade, que avalia disputar mais um mandato em elei\u00e7\u00f5es a serem realizadas no final deste ano. No \u00e1udio, Pinheiro conta que, em 2016, fez campanha contra a nomea\u00e7\u00e3o de Trindade, que havia sido eleita com quase 60% dos votos. \u201cDa \u00faltima vez ainda foi no governo do PT, e o senador Tasso (Jereissati) foi uma das pessoas que endossou o nome dessa mulher a\u00ed. Foi uma guerra para convenc\u00ea-lo, e a gente n\u00e3o conseguiu\u201d, conta a secret\u00e1ria.&nbsp; Na verdade, Trindade foi nomeada para a dire\u00e7\u00e3o da Fiocruz por Michel Temer, que realmente cogitou escolher a segunda mais votada, T\u00e2nia Cremonini de Ara\u00fajo-Jorge. Acabou desistindo por press\u00e3o de funcion\u00e1rios e pol\u00edticos de v\u00e1rios partidos.&nbsp;<\/p>\n\n\n\n<p>Do ponto de vista pol\u00edtico, a Fiocruz \u00e9 um enclave importante para o Minist\u00e9rio da Sa\u00fade. Tem um or\u00e7amento de quase 4 bilh\u00f5es de reais e duas f\u00e1bricas, uma de vacinas e outra de rem\u00e9dios, al\u00e9m de dezesseis unidades de ensino e pesquisa espalhadas pelo Brasil.&nbsp; S\u00f3 para a pandemia, a Fiocruz recebeu mais 400 milh\u00f5es de reais para a constru\u00e7\u00e3o de um hospital para atender os doentes de Covid-19. Al\u00e9m disso, vem conduzindo testes para detec\u00e7\u00e3o do v\u00edrus para o sistema p\u00fablico e pesquisando vacinas contra o v\u00edrus, e seus pesquisadores participam de variados estudos cl\u00ednicos envolvendo tratamentos para a doen\u00e7a. No final de abril,&nbsp; um desses estudos, realizado em Manaus, concluiu n\u00e3o haver evid\u00eancias de que o uso da cloroquina faz diferen\u00e7a no tratamento do coronav\u00edrus.&nbsp;<a href=\"https:\/\/piaui.folha.uol.com.br\/lobby-pro-cloroquina-poe-pesquisadores-na-fogueira\/\">Os pesquisadores foram atacados nas redes sociais (inclusive pelos Bolsonaro) e passaram a andar com escolta policial<\/a>.&nbsp; At\u00e9 a sa\u00edda de Nelson Teich, a rela\u00e7\u00e3o entre a funda\u00e7\u00e3o e a c\u00fapula do minist\u00e9rio era colaborativa e at\u00e9 pr\u00f3xima. A irm\u00e3 do ex-ministro Luiz Henrique Mandetta, Ma\u00edsa, \u00e9 inclusive pesquisadora da funda\u00e7\u00e3o. A chegada dos militares inaugurou um per\u00edodo de maior tens\u00e3o. Al\u00e9m do mal-estar em raz\u00e3o do estudo sobre a cloroquina, prioridade absoluta na pol\u00edtica do governo federal para o combate \u00e0 pandemia,&nbsp; n\u00e3o foi bem recebida a nota que a&nbsp; Fiocruz divulgou no in\u00edcio de maio apoiando o isolamento social no Rio de Janeiro. A&nbsp;Fiocruz afirmou, por meio da assessoria de imprensa, que n\u00e3o vai se pronunciar sobre o \u00e1udio e, em&nbsp; nota, disse estar concentrando esfor\u00e7os em pesquisas e testes no enfrentamento da Covid-19.&nbsp; Procurada pela&nbsp;<strong>piau\u00ed<\/strong>, a assessoria da secret\u00e1ria no Minist\u00e9rio da Sa\u00fade&nbsp;n\u00e3o se pronunciou at\u00e9 15h.<\/p>\n\n\n\n<p>Ex-presidente do sindicato dos m\u00e9dicos do Cear\u00e1, Mayra Pinheiro ganhou notoriedade no estado pelos v\u00eddeos com den\u00fancias sobre a situa\u00e7\u00e3o da sa\u00fade nos hospitais estaduais e pelo combate ao programa Mais M\u00e9dicos. Foi candidata a senadora pelo PSDB em 2018 e teve 882 mil votos, mas ficou em quarto lugar.&nbsp; Com passagem pelo PSL, foi apoiada por Bolsonaro durante a campanha. Hoje \u00e9 filiada ao Partido Novo. No minist\u00e9rio, ela tem ganhado protagonismo \u2013 a ponto de assumir o comando da pol\u00edtica para cloroquina no Brasil, mesmo n\u00e3o sendo assunto de sua secretaria.&nbsp; \u00c9 ela quem conduz a maior parte das entrevistas coletivas do minist\u00e9rio e reuni\u00f5es com outros \u00f3rg\u00e3os p\u00fablicos. Para defender a pol\u00edtica de cloroquina, ela costuma dizer que os benef\u00edcios da medica\u00e7\u00e3o s\u00e3o sustentados por evid\u00eancias cl\u00ednicas, mas at\u00e9 hoje n\u00e3o explicou quais estudos s\u00e3o esses.&nbsp;<a href=\"https:\/\/piaui.folha.uol.com.br\/cloroquina-acima-de-tudo\/\">Num encontro recente com procuradores da Rep\u00fablica<\/a>, a secret\u00e1ria afirmou tamb\u00e9m que a cloroquina chegou a ser recomendada em nota e boletins epidemiol\u00f3gicos pelo minist\u00e9rio para uso em gestantes, durante o surto de zika v\u00edrus, em 2016. Mas n\u00e3o h\u00e1 registro dessa orienta\u00e7\u00e3o.&nbsp;&nbsp;<\/p>\n\n\n\n<p>No \u00e1udio trocado com o grupo do minist\u00e9rio, a secret\u00e1ria se mostra indignada com o fato de a Fiocruz, apesar de ser ligada ao minist\u00e9rio, n\u00e3o seguir suas orienta\u00e7\u00f5es. \u201c\u00c9 um \u00f3rg\u00e3o que tem um poder imenso porque durante anos eles controlaram, atrav\u00e9s do movimento sanitarista, que foi todo constru\u00eddo pela esquerda, e da reforma sanit\u00e1ria, controlaram a reforma do pa\u00eds. Eles d\u00e3o as regras, eles mandam no Minist\u00e9rio da Sa\u00fade, e quem fizer oposi\u00e7\u00e3o a eles, eles come\u00e7am uma guerra de destrui\u00e7\u00e3o de reputa\u00e7\u00e3o.\u201d&nbsp; Pinheiro estende suas cr\u00edticas \u00e0 Comiss\u00e3o Nacional de \u00c9tica em Pesquisa, cujos membros s\u00e3o escolhidos por entidades de classe e de pesquisa da \u00e1rea. E afirma: \u201cA gente paga para 5 mil pessoas virem pra Bras\u00edlia para tirar a roupa, andar nu, fazer coc\u00f4 em crucifixo\u2026 Para voc\u00ea ter uma ideia!&nbsp; \u00c9 essa gente a\u00ed que pressiona para que coisas que sejam eficazes, mas que tragam popularidade ao governo,&nbsp; sejam atrasadas.\u201d A fala de Pinheiro \u00e9 uma poss\u00edvel refer\u00eancia \u00e0 Confer\u00eancia Nacional de Sa\u00fade, que&nbsp;re\u00fane em Bras\u00edlia representantes do minist\u00e9rio e diversas entidades e pesquisadores&nbsp;para discutir os problemas do setor. \u00c9 comum que nesses eventos ocorram atos ou passeatas. N\u00e3o h\u00e1 registro, por\u00e9m, de que manifestantes tenham ficado pelados ou vandalizado crucifixos em nenhum desses eventos.&nbsp; Apesar da indigna\u00e7\u00e3o, Pinheiro se mostra segura de que sabe a f\u00f3rmula para tirar a esquerda das estruturas ligadas ao minist\u00e9rio.&nbsp; \u201cA gente socialmente tem que come\u00e7ar a tomar conhecimento dessa pauta, desses grupos e fazer o que eles fazem com a gente. Tentar impedir que eles permane\u00e7am dentro das institui\u00e7\u00f5es, dando a pauta do pa\u00eds, dando as dire\u00e7\u00f5es.\u201d&nbsp;<\/p>\n","protected":false},"excerpt":{"rendered":"<p>Em \u00e1udio enviado a aliados, secret\u00e1ria do Minist\u00e9rio da Sa\u00fade indica que governo planeja interferir nas pr\u00f3ximas elei\u00e7\u00f5es da Funda\u00e7\u00e3o \u2013 onde \u201ctudo envolve LGBTI\u201d&nbsp;<\/p>\n","protected":false},"author":1,"featured_media":0,"comment_status":"closed","ping_status":"open","sticky":false,"template":"","format":"standard","meta":{"_exactmetrics_skip_tracking":false,"_exactmetrics_sitenote_active":false,"_exactmetrics_sitenote_note":"","_exactmetrics_sitenote_category":0,"jetpack_post_was_ever_published":false,"_jetpack_newsletter_access":"","_jetpack_dont_email_post_to_subs":false,"_jetpack_newsletter_tier_id":0,"_jetpack_memberships_contains_paywalled_content":false,"_jetpack_memberships_contains_paid_content":false,"footnotes":"","jetpack_publicize_message":"","jetpack_publicize_feature_enabled":true,"jetpack_social_post_already_shared":true,"jetpack_social_options":{"image_generator_settings":{"template":"highway","enabled":false},"version":2}},"categories":[1],"tags":[],"class_list":["post-28817","post","type-post","status-publish","format-standard","hentry","category-notas"],"jetpack_publicize_connections":[],"jetpack_sharing_enabled":true,"jetpack_featured_media_url":"","jetpack_shortlink":"https:\/\/wp.me\/p7wKYW-7uN","jetpack-related-posts":[],"_links":{"self":[{"href":"http:\/\/blogdalucianaoliveira.com.br\/blog\/wp-json\/wp\/v2\/posts\/28817","targetHints":{"allow":["GET"]}}],"collection":[{"href":"http:\/\/blogdalucianaoliveira.com.br\/blog\/wp-json\/wp\/v2\/posts"}],"about":[{"href":"http:\/\/blogdalucianaoliveira.com.br\/blog\/wp-json\/wp\/v2\/types\/post"}],"author":[{"embeddable":true,"href":"http:\/\/blogdalucianaoliveira.com.br\/blog\/wp-json\/wp\/v2\/users\/1"}],"replies":[{"embeddable":true,"href":"http:\/\/blogdalucianaoliveira.com.br\/blog\/wp-json\/wp\/v2\/comments?post=28817"}],"version-history":[{"count":2,"href":"http:\/\/blogdalucianaoliveira.com.br\/blog\/wp-json\/wp\/v2\/posts\/28817\/revisions"}],"predecessor-version":[{"id":28820,"href":"http:\/\/blogdalucianaoliveira.com.br\/blog\/wp-json\/wp\/v2\/posts\/28817\/revisions\/28820"}],"wp:attachment":[{"href":"http:\/\/blogdalucianaoliveira.com.br\/blog\/wp-json\/wp\/v2\/media?parent=28817"}],"wp:term":[{"taxonomy":"category","embeddable":true,"href":"http:\/\/blogdalucianaoliveira.com.br\/blog\/wp-json\/wp\/v2\/categories?post=28817"},{"taxonomy":"post_tag","embeddable":true,"href":"http:\/\/blogdalucianaoliveira.com.br\/blog\/wp-json\/wp\/v2\/tags?post=28817"}],"curies":[{"name":"wp","href":"https:\/\/api.w.org\/{rel}","templated":true}]}}