{"id":2882,"date":"2016-08-04T11:04:48","date_gmt":"2016-08-04T15:04:48","guid":{"rendered":"http:\/\/blogdalucianaoliveira.com.br\/blog\/?p=2882"},"modified":"2016-08-04T11:04:48","modified_gmt":"2016-08-04T15:04:48","slug":"causdique-e-bao-lembrar-e-divera","status":"publish","type":"post","link":"http:\/\/blogdalucianaoliveira.com.br\/blog\/2016\/08\/04\/causdique-e-bao-lembrar-e-divera\/","title":{"rendered":"Causdiqu\u00ea \u00e9 b\u00e3o lembrar. \u00c9 diver\u00e1"},"content":{"rendered":"<p><img data-recalc-dims=\"1\" loading=\"lazy\" decoding=\"async\" data-attachment-id=\"2886\" data-permalink=\"http:\/\/blogdalucianaoliveira.com.br\/blog\/2016\/08\/04\/causdique-e-bao-lembrar-e-divera\/image-664\/\" data-orig-file=\"https:\/\/i0.wp.com\/blogdalucianaoliveira.com.br\/blog\/wp-content\/uploads\/2016\/08\/image-32.jpeg?fit=173%2C147\" data-orig-size=\"173,147\" data-comments-opened=\"0\" data-image-meta=\"{&quot;aperture&quot;:&quot;0&quot;,&quot;credit&quot;:&quot;&quot;,&quot;camera&quot;:&quot;&quot;,&quot;caption&quot;:&quot;&quot;,&quot;created_timestamp&quot;:&quot;0&quot;,&quot;copyright&quot;:&quot;&quot;,&quot;focal_length&quot;:&quot;0&quot;,&quot;iso&quot;:&quot;0&quot;,&quot;shutter_speed&quot;:&quot;0&quot;,&quot;title&quot;:&quot;&quot;,&quot;orientation&quot;:&quot;0&quot;}\" data-image-title=\"image\" data-image-description=\"\" data-image-caption=\"\" data-medium-file=\"https:\/\/i0.wp.com\/blogdalucianaoliveira.com.br\/blog\/wp-content\/uploads\/2016\/08\/image-32.jpeg?fit=173%2C147\" data-large-file=\"https:\/\/i0.wp.com\/blogdalucianaoliveira.com.br\/blog\/wp-content\/uploads\/2016\/08\/image-32.jpeg?fit=173%2C147\" src=\"https:\/\/i0.wp.com\/blogdalucianaoliveira.com.br\/blog\/wp-content\/uploads\/2016\/08\/image-32.jpeg?resize=173%2C147\" alt=\"image\" width=\"173\" height=\"147\" class=\"alignnone size-full wp-image-2886\" \/><\/p>\n<p>Causo contado por Dimas Ferreira, da Folha do Sul<!--more--><\/p>\n<p>Lembran\u00e7a do meu primeiro retorno a Minas, em 1994, tr\u00eas anos ap\u00f3s ter chegado em Vilhena&#8230; Paro numa barbearia em Governador Valadares e o dono, como a maioria dos profissionais do ramo, gosta de puxar prosa:<br \/>\n&#8211; Que mal lhe pergunte: o sr. t\u00e1 vindo de onde?<br \/>\n&#8211; Moro em Rond\u00f4nia.<br \/>\n&#8211; Ah, tem um sobrinho meu que foi pra l\u00e1.<br \/>\n&#8211; Foi, \u00e9?<br \/>\n&#8211; Aquele rapaz saiu ali de Conselheiro Pena (cidade pr\u00f3xima a GV) todo \u201cescachimbado\u201d (ruim das finan\u00e7as), coitado&#8230;<br \/>\n&#8211; E mora onde l\u00e1?<br \/>\n&#8211; Em Cacoal&#8230; Parece que deu uma boa \u201cmiorada\u201d l\u00e1: abriu uma lojinha e ta ficando at\u00e9 meio controlado.<br \/>\n&#8211; Como \u00e9 o nome dele?<br \/>\n&#8211; Divino&#8230;<br \/>\nEra Divino Cardoso, ex-prefeito de Cacoal entre 1989 e 1992 e que dominava o com\u00e9rcio da cidade como um dos homens mais ricos da Capital do Caf\u00e9.<\/p>\n<p>Ah, a mineirada e sua mod\u00e9stia&#8230;<\/p>\n","protected":false},"excerpt":{"rendered":"<p>Causo contado por Dimas Ferreira, da Folha do Sul<\/p>\n","protected":false},"author":1,"featured_media":0,"comment_status":"closed","ping_status":"open","sticky":false,"template":"","format":"standard","meta":{"_exactmetrics_skip_tracking":false,"_exactmetrics_sitenote_active":false,"_exactmetrics_sitenote_note":"","_exactmetrics_sitenote_category":0,"jetpack_post_was_ever_published":false,"_jetpack_newsletter_access":"","_jetpack_dont_email_post_to_subs":false,"_jetpack_newsletter_tier_id":0,"_jetpack_memberships_contains_paywalled_content":false,"_jetpack_memberships_contains_paid_content":false,"footnotes":"","jetpack_publicize_message":"","jetpack_publicize_feature_enabled":true,"jetpack_social_post_already_shared":true,"jetpack_social_options":{"image_generator_settings":{"template":"highway","enabled":false},"version":2}},"categories":[1],"tags":[],"class_list":["post-2882","post","type-post","status-publish","format-standard","hentry","category-notas"],"jetpack_publicize_connections":[],"jetpack_sharing_enabled":true,"jetpack_featured_media_url":"","jetpack_shortlink":"https:\/\/wp.me\/p7wKYW-Ku","jetpack-related-posts":[],"_links":{"self":[{"href":"http:\/\/blogdalucianaoliveira.com.br\/blog\/wp-json\/wp\/v2\/posts\/2882","targetHints":{"allow":["GET"]}}],"collection":[{"href":"http:\/\/blogdalucianaoliveira.com.br\/blog\/wp-json\/wp\/v2\/posts"}],"about":[{"href":"http:\/\/blogdalucianaoliveira.com.br\/blog\/wp-json\/wp\/v2\/types\/post"}],"author":[{"embeddable":true,"href":"http:\/\/blogdalucianaoliveira.com.br\/blog\/wp-json\/wp\/v2\/users\/1"}],"replies":[{"embeddable":true,"href":"http:\/\/blogdalucianaoliveira.com.br\/blog\/wp-json\/wp\/v2\/comments?post=2882"}],"version-history":[{"count":2,"href":"http:\/\/blogdalucianaoliveira.com.br\/blog\/wp-json\/wp\/v2\/posts\/2882\/revisions"}],"predecessor-version":[{"id":2887,"href":"http:\/\/blogdalucianaoliveira.com.br\/blog\/wp-json\/wp\/v2\/posts\/2882\/revisions\/2887"}],"wp:attachment":[{"href":"http:\/\/blogdalucianaoliveira.com.br\/blog\/wp-json\/wp\/v2\/media?parent=2882"}],"wp:term":[{"taxonomy":"category","embeddable":true,"href":"http:\/\/blogdalucianaoliveira.com.br\/blog\/wp-json\/wp\/v2\/categories?post=2882"},{"taxonomy":"post_tag","embeddable":true,"href":"http:\/\/blogdalucianaoliveira.com.br\/blog\/wp-json\/wp\/v2\/tags?post=2882"}],"curies":[{"name":"wp","href":"https:\/\/api.w.org\/{rel}","templated":true}]}}