{"id":28821,"date":"2020-06-17T17:40:39","date_gmt":"2020-06-17T21:40:39","guid":{"rendered":"http:\/\/blogdalucianaoliveira.com.br\/blog\/?p=28821"},"modified":"2020-06-17T17:40:43","modified_gmt":"2020-06-17T21:40:43","slug":"desconstruindo-a-carta-chorona-e-cheia-de-mentiras-assinada-por-bolsonaro","status":"publish","type":"post","link":"http:\/\/blogdalucianaoliveira.com.br\/blog\/2020\/06\/17\/desconstruindo-a-carta-chorona-e-cheia-de-mentiras-assinada-por-bolsonaro\/","title":{"rendered":"Desconstruindo a carta chorona e cheia de mentiras assinada por Bolsonaro"},"content":{"rendered":"\n<figure class=\"wp-block-image size-large\"><img data-recalc-dims=\"1\" loading=\"lazy\" decoding=\"async\" width=\"600\" height=\"593\" data-attachment-id=\"28822\" data-permalink=\"http:\/\/blogdalucianaoliveira.com.br\/blog\/2020\/06\/17\/desconstruindo-a-carta-chorona-e-cheia-de-mentiras-assinada-por-bolsonaro\/081519ea-11dc-4b12-9e24-e73a98c66d47\/\" data-orig-file=\"https:\/\/i0.wp.com\/blogdalucianaoliveira.com.br\/blog\/wp-content\/uploads\/2020\/06\/081519EA-11DC-4B12-9E24-E73A98C66D47.jpeg?fit=828%2C818\" data-orig-size=\"828,818\" data-comments-opened=\"0\" data-image-meta=\"{&quot;aperture&quot;:&quot;0&quot;,&quot;credit&quot;:&quot;&quot;,&quot;camera&quot;:&quot;&quot;,&quot;caption&quot;:&quot;&quot;,&quot;created_timestamp&quot;:&quot;0&quot;,&quot;copyright&quot;:&quot;&quot;,&quot;focal_length&quot;:&quot;0&quot;,&quot;iso&quot;:&quot;0&quot;,&quot;shutter_speed&quot;:&quot;0&quot;,&quot;title&quot;:&quot;&quot;,&quot;orientation&quot;:&quot;1&quot;}\" data-image-title=\"081519EA-11DC-4B12-9E24-E73A98C66D47\" data-image-description=\"\" data-image-caption=\"\" data-medium-file=\"https:\/\/i0.wp.com\/blogdalucianaoliveira.com.br\/blog\/wp-content\/uploads\/2020\/06\/081519EA-11DC-4B12-9E24-E73A98C66D47.jpeg?fit=300%2C296\" data-large-file=\"https:\/\/i0.wp.com\/blogdalucianaoliveira.com.br\/blog\/wp-content\/uploads\/2020\/06\/081519EA-11DC-4B12-9E24-E73A98C66D47.jpeg?fit=600%2C593\" src=\"https:\/\/i0.wp.com\/blogdalucianaoliveira.com.br\/blog\/wp-content\/uploads\/2020\/06\/081519EA-11DC-4B12-9E24-E73A98C66D47.jpeg?resize=600%2C593\" alt=\"\" class=\"wp-image-28822\" srcset=\"https:\/\/i0.wp.com\/blogdalucianaoliveira.com.br\/blog\/wp-content\/uploads\/2020\/06\/081519EA-11DC-4B12-9E24-E73A98C66D47.jpeg?w=828 828w, https:\/\/i0.wp.com\/blogdalucianaoliveira.com.br\/blog\/wp-content\/uploads\/2020\/06\/081519EA-11DC-4B12-9E24-E73A98C66D47.jpeg?resize=300%2C296 300w, https:\/\/i0.wp.com\/blogdalucianaoliveira.com.br\/blog\/wp-content\/uploads\/2020\/06\/081519EA-11DC-4B12-9E24-E73A98C66D47.jpeg?resize=768%2C759 768w, https:\/\/i0.wp.com\/blogdalucianaoliveira.com.br\/blog\/wp-content\/uploads\/2020\/06\/081519EA-11DC-4B12-9E24-E73A98C66D47.jpeg?resize=304%2C300 304w\" sizes=\"auto, (max-width: 600px) 100vw, 600px\" \/><\/figure>\n\n\n\n<p>Reinaldo Azevedo &#8211; Passou a circular na noite desta ter\u00e7a um texto pateticamente engra\u00e7ado, assinado por\u00a0<a href=\"https:\/\/noticias.uol.com.br\/politica\/governo-bolsonaro\/\">Jair Bolsonaro<\/a>. \u00c9 pat\u00e9tico porque o chefe da na\u00e7\u00e3o se coloca como uma esp\u00e9cie de l\u00edder dos m\u00e1rtires da liberdade. <br><\/p>\n\n\n\n<!--more-->\n\n\n\n<p>Vale dizer: resolveu assumir o lugar da v\u00edtima, o que \u00e9 sempre uma posi\u00e7\u00e3o perigosa porque, ent\u00e3o, qualquer coisa que fa\u00e7a passa a ser considerada uma rea\u00e7\u00e3o \u00e0 suposta injusti\u00e7a. E a coisa tem a sua gra\u00e7a porque o presidente n\u00e3o diz a raz\u00e3o do documento, embora todos saibamos que ele est\u00e1 furioso porque aliados seus est\u00e3o sob investiga\u00e7\u00e3o. E por que est\u00e3o? Bem, as evid\u00eancias de que cometeram crimes est\u00e3o aos olhos de todos.<\/p>\n\n\n\n<p>Segue o texto assinado pelo presidente:<\/p>\n\n\n\n<p><strong>&#8211; O hist\u00f3rico do meu governo prova que sempre estivemos ao lado da democracia e da Constitui\u00e7\u00e3o brasileira. N\u00e3o houve, at\u00e9 agora, nenhuma medida que demonstre qualquer tipo de apre\u00e7o nosso ao autoritarismo, muito pelo contr\u00e1rio.<\/strong><br><strong><em>N\u00e3o \u00e9 verdade nem nos valores que vocaliza nem nos atos que pratica. Prestigia manifesta\u00e7\u00f5es em defesa do fechamento do Congresso e do Supremo; amea\u00e7a a pol\u00edtica com a interven\u00e7\u00e3o das For\u00e7as Armadas; apoia grupos que discriminam minorias e incentivam a intoler\u00e2ncia; deu in\u00edcio ao desmonte de pol\u00edticas ambientais sensatas sob o pretexto de combater exageros, o que prejudica a economia brasileira; incentiva a invas\u00e3o de terras ind\u00edgenas; agride bens protegidos pela Constitui\u00e7\u00e3o com uma pol\u00edtica e um discurso verdadeiramente homicidas para enfrentar a pandemia; confessa que est\u00e1 facilitando o armamento da popula\u00e7\u00e3o com vistas \u00e0 guerra civil. \u00c9 o suficiente para come\u00e7ar a conversa?<\/em><\/strong><\/p>\n\n\n\n<p><strong>&#8211; Em janeiro 2019, ap\u00f3s vencermos nas urnas e colocarmos um fim ao ciclo PT-PSDB, iniciamos uma escalada do Brasil rumo \u00e0 liberdade, trabalhando por reformas necess\u00e1rias, adotando uma economia de mercado, ampliando o direito de defesa dos cidad\u00e3os.<\/strong><br><strong><em>Bem, inexiste tal ciclo. Isso \u00e9 uma fantasia est\u00fapida. As duas legendas propuseram solu\u00e7\u00f5es distintas para o pa\u00eds, opostas com frequ\u00eancia. Ao fazer essa afirma\u00e7\u00e3o, poderia estar recusando os defeitos de cada partido, mas, como se sabemos, recusa as respectivas qualidades de ambos. Isso quer dizer que ele repudia, por exemplo, o Plano Real dos tucanos e a amplia\u00e7\u00e3o das pol\u00edticas sociais do petismo. Qual &#8220;direito do cidad\u00e3o&#8221; o presidente ampliou, como diz? O de agredir o meio ambiente sem ser multado? O de barbarizar nas estradas sem temer o radar? O de andar com um trabuco na cinta? Mais uma vez, ele confunde direito com abuso de direito.<\/em><\/strong><\/p>\n\n\n\n<p><strong>&#8211; Reduzimos tamb\u00e9m todos \u00edndices de criminalidade, eliminamos burocracias, nos distanciamos de ditaduras comunistas e firmamos alian\u00e7as com pa\u00edses livres e democr\u00e1ticos. Tiramos o Estado das costas de quem produz e sempre nos posicionamos contra quaisquer viola\u00e7\u00f5es de liberdades.<\/strong><br><strong><em>Os \u00edndices de criminalidade come\u00e7aram a cair no governo de Michel Temer. N\u00e3o houve uma s\u00f3 a\u00e7\u00e3o concreta em sua gest\u00e3o que concorresse para tanto. Ao contr\u00e1rio: o incentivo ao armamento e o est\u00edmulo \u00e0 viol\u00eancia policial &#8212; quando n\u00e3o, o apoio ao banditismo armado, como se viu no motim do Cear\u00e1 &#8212; concorrem para mais mortes. Informe-se: a viol\u00eancia j\u00e1 tinha voltado a crescer. Deve estar mitigada, agora, pela pandemia. Desafio o presidente a informar quais alian\u00e7as especiais fez o Brasil, como ele escreve, com &#8220;pa\u00edses livres e democr\u00e1ticos&#8221;. O antes poss\u00edvel futuro acordo Mercosul-Uni\u00e3o Europeia, por exemplo, corre risco em raz\u00e3o da barb\u00e1rie ambiental. Distanciar-se de Cuba e da Venezuela trouxe qual benef\u00edcio ao pa\u00eds at\u00e9 agora? \u00c9 de uma irrelev\u00e2ncia danada. Por ora, contamos com a toler\u00e2ncia &#8212; e interesses certamente &#8212; da China, pot\u00eancia oficialmente comunista, principal parceria comercial do Brasil e alvo preferencial de seus extremistas. Temos a pol\u00edtica externa mais incompetente e burra da hist\u00f3ria.<\/em><\/strong><\/p>\n\n\n\n<p><strong>&#8211; O que advers\u00e1rios apontam como &#8220;autoritarismo&#8221; do governo e de seus apoiadores n\u00e3o passam de posicionamentos alinhados aos valores do nosso povo, que \u00e9, em sua grande maioria, conservador. A tentativa de excluir esse pensamento do debate p\u00fablico \u00e9 que, de fato, \u00e9 autorit\u00e1ria.<\/strong><br><strong><em>Bem, seria preciso definir &#8220;conservadorismo&#8221;. O proselitismo contra a fantasiosa ideologia de g\u00eanero, por exemplo, tem servido \u00e0 dissemina\u00e7\u00e3o do preconceito e \u00e0 viol\u00eancia. Ele acusa advers\u00e1rios imagin\u00e1rios de tentar banir tais valores. Que d\u00ea exemplos. \u00c9 conversa mole.<\/em><\/strong><\/p>\n\n\n\n<p><strong>&#8211; Vale lembrar que, h\u00e1 d\u00e9cadas, o conservadorismo foi abolido de nossa pol\u00edtica, e as pessoas que se identificam com esses valores viviam sob governos socialistas que entregaram o pa\u00eds \u00e0 viol\u00eancia e \u00e0 corrup\u00e7\u00e3o, feriram nossa democracia e destru\u00edram nossa identidade nacional.<\/strong><br><strong><em>\u00c9 mesmo? Os evang\u00e9licos, que comp\u00f5em a quase totalidade da massa conservadora, eram 9% da popula\u00e7\u00e3o em<\/em><\/strong><strong>&nbsp;<em>1991; passaram para 15,4% em 2000 e para 22,2% em 2010 e se estima que sejam hoje 31,8%. Nos anos dos ditos governos socialistas do PSDB e do PT, mais do que triplicaram de tamanho. Os evang\u00e9licos na C\u00e2mara j\u00e1 correspondem a 38% dos parlamentares: 195 &#8212; com uma representa\u00e7\u00e3o superior \u00e0 sua presen\u00e7a na sociedade. Em que os governos passados atrapalharam essa ascens\u00e3o? Como esquecer a ent\u00e3o presidente Dilma Rousseff na condi\u00e7\u00e3o de convidada de honra na inaugura\u00e7\u00e3o do tal Templo de Salom\u00e3o, de Edir Marcedo, agora bolsonarista convicto? Ah, para constar: nunca houve governo socialista no Brasil. Isso n\u00e3o \u00e9 s\u00f3 est\u00fapido. \u00c9 mentiroso tamb\u00e9m;<\/em><\/strong><\/p>\n\n\n\n<p><strong><em>Reduzir governos passados \u00e0 corrup\u00e7\u00e3o e \u00e0 viol\u00eancia \u00e9 proselitismo mixuruca. Mas ainda que assim tivesse se dado, pergunta-se: a lei atuou ou n\u00e3o? N\u00e3o vou entrar no m\u00e9rito sobre a justeza dos processos porque n\u00e3o cabe aqui e todos sabem o que penso. Lembro que as acusa\u00e7\u00f5es de corrup\u00e7\u00e3o derrubaram uma presidente da Rep\u00fablica e mandaram dois ex-presidentes para a cadeia \u2014 houve abusos nesses dois casos em vez de impunidade.<\/em><\/strong><\/p>\n\n\n\n<p><strong><em>Bolsonaro aplaudiu os mesmos entes que concorreram para esse resultado: Minist\u00e9rio P\u00fablico Federal e Poder Judici\u00e1rio. E agora n\u00e3o pode suportar que seus amigos sejam investigados?&nbsp;<\/em><\/strong><\/p>\n\n\n\n<p><strong>&#8211; Suportamos a todos esses abusos sem desrespeitar nenhuma regra democr\u00e1tica, at\u00e9 mesmo quando um militante de esquerda, ex-membro de um partido da oposi\u00e7\u00e3o, tentou me assassinar para impedir nossa vit\u00f3ria nas elei\u00e7\u00f5es, num atentado que foi assistido pelo mundo inteiro.<\/strong><br><strong><em>Quais abusos? A carta n\u00e3o cita! A sugerida conspira\u00e7\u00e3o de esquerda para mat\u00e1-lo \u00e9 pura fantasia. A facada ajudou a eleg\u00ea-lo. \u00c9 fato. A prop\u00f3sito: o que isso tudo tem a ver com bandidos que est\u00e3o sendo investigados pelo Minist\u00e9rio P\u00fablico Federal e pela Pol\u00edcia Federal?<\/em><\/strong><\/p>\n\n\n\n<p><strong>&#8211; Do mesmo modo, os abusos presenciados por todos nas \u00faltimas semanas foram recebidos pelo governo com a mesma cautela de sempre, cobrando, com o simples poder da palavra, o respeito e a harmonia entre os poderes. Essa tem sido nossa postura, mesmo diante de ataques concretos.<\/strong><br><strong><em>Quais abusos? Quem comanda a investiga\u00e7\u00e3o dos crimes cometidos por seus amigos \u00e9 o Minist\u00e9rio P\u00fablico Federal. O texto fala em &#8220;ataques concretos&#8221;. Os \u00fanicos havidos at\u00e9 agora foram perpetrados por aliados seus, que resolveram fazer um bombardeio simb\u00f3lico do Supremo, sob o sil\u00eancio do mandat\u00e1rio.<\/em><\/strong><\/p>\n\n\n\n<p><strong>&#8211; Queremos, acima de tudo, preservar a nossa democracia. E fingir naturalidade diante de tudo que est\u00e1 acontecendo s\u00f3 contribuiria para a sua completa destrui\u00e7\u00e3o. Nada \u00e9 mais autorit\u00e1rio do que atentar contra a liberdade de seu pr\u00f3prio povo.<\/strong><br><strong><em>O que est\u00e1 acontecendo al\u00e9m do cumprimento da lei? Como se nota, a carta n\u00e3o diz. Quem atenta contra a liberdade? Bolsonaro certamente n\u00e3o se refere \u00e0queles que pregam o fechamento do Congresso e do Supremo, certo? Estes, afinal, contam com o seu apoio.<\/em><\/strong><\/p>\n\n\n\n<p><strong>&#8211; S\u00f3 pode haver democracia onde o povo \u00e9 respeitado, onde os governados escolhem quem ir\u00e1 govern\u00e1-los e onde as liberdades fundamentais s\u00e3o protegidas. \u00c9 o povo que legitima as institui\u00e7\u00f5es, e n\u00e3o o contr\u00e1rio. Isso sim \u00e9 democracia.<\/strong><br><strong><em>N\u00e3o vou comentar platitudes. A afirma\u00e7\u00e3o do presidente de que &#8220;\u00e9 o povo que legitima as institui\u00e7\u00f5es, e n\u00e3o o contr\u00e1rio&#8221; \u00e9 besteira que lhe foi soprada aos ouvidos pelos primitivos que o cercam. Esse \u00e9 um princ\u00edpio j\u00e1 consagrado no nosso ordenamento pol\u00edtico e jur\u00eddico, materializado no processo constituinte. Usar o &#8220;povo&#8221; &#8212; na verdade, os extremistas da fatia que o apoia, que j\u00e1 \u00e9 uma minoria &#8212; para assaltar a ordem legal em nome da vontade popular \u00e9 coisa de fascistoide. E n\u00e3o vai acontecer. O senhor foi eleito para governar segundo a ordem constitucional que a\u00ed est\u00e1. Se quer mudar a Carta, recorra aos instrumentos que ela oferece.<\/em><\/strong><\/p>\n\n\n\n<p><strong>&#8211; Luto para fazer a minha parte, mas n\u00e3o posso assistir calado enquanto direitos s\u00e3o violados e ideias s\u00e3o perseguidas. Por isso, tomarei todas as medidas legais poss\u00edveis para proteger a Constitui\u00e7\u00e3o e a liberdade do dos brasileiros.<\/strong><\/p>\n\n\n\n<p><strong><em>Segundo o presidente da Rep\u00fablica, direitos est\u00e3o sendo violados. Quais e por quem? Pelo Minist\u00e9rio P\u00fablico e pelo Poder Judici\u00e1rio? Ele aplaudia esses dois entes quando membros do PT e de outros partidos eram investigados, mas n\u00e3o suporta ver seus aliados submetidos ao mesmo escrut\u00ednio. E olhem que n\u00e3o haver\u00e1 nenhum juiz que vai mand\u00e1-lo para a cadeia para depois servir a um advers\u00e1rio seu.<\/em><\/strong><\/p>\n\n\n\n<p><strong><em>Aprovo apenas seis palavras da sua carta: &#8220;Tomarei todas as medidas legais poss\u00edveis&#8221;. De um presidente, espero que s\u00f3 tome &#8220;medidas legais&#8221;. Lembro que ele j\u00e1 praticou ilegalidades em penca. A sorte \u00e9 contar com um procurador-geral da Rep\u00fablica camarada, para quem j\u00e1 acenou at\u00e9 com uma vaga no&nbsp;<a href=\"https:\/\/noticias.uol.com.br\/politica\/stf-supremo-tribunal-federal\/\">STF<\/a>. E j\u00e1 incorreu em pelo menos 16 crimes de responsabilidade. N\u00e3o por acaso, est\u00e1 distribuindo cargos ao Centr\u00e3o: recorre ao bem p\u00fablico para se livrar do impeachment.<\/em><\/strong><\/p>\n\n\n\n<p><strong><em>De toda sorte, indago de novo: do que ele est\u00e1 falando?&nbsp;<\/em><\/strong><\/p>\n\n\n\n<p><strong>BRASIL ACIMA DE TUDO; DEUS ACIMA DE TODOS!<\/strong><br><strong><em>E a Constitui\u00e7\u00e3o acima de Deus no que respeita ao ordenamento institucional. Ou Deus participa do debate? At\u00e9 porque, em seu pre\u00e2mbulo, o texto constitucional diz estar &#8220;sob a prote\u00e7\u00e3o de Deus&#8221;. Respeite a Carta Magna, senhor presidente! Deus j\u00e1 estar\u00e1 contemplado.<\/em><\/strong><\/p>\n\n\n\n<p><strong><em>N\u00e3o caia na tenta\u00e7\u00e3o de seguir a m\u00e1xima dos totalit\u00e1rios: &#8220;Aos amigos tudo, menos a lei; aos inimigos, nada. Nem a lei&#8221;.<\/em><\/strong><\/p>\n","protected":false},"excerpt":{"rendered":"<p>Reinaldo Azevedo &#8211; Passou a circular na noite desta ter\u00e7a um texto pateticamente engra\u00e7ado, assinado por\u00a0Jair Bolsonaro. \u00c9 pat\u00e9tico porque o chefe da na\u00e7\u00e3o se coloca como uma esp\u00e9cie de l\u00edder dos m\u00e1rtires da liberdade.<\/p>\n","protected":false},"author":1,"featured_media":0,"comment_status":"closed","ping_status":"open","sticky":false,"template":"","format":"standard","meta":{"_exactmetrics_skip_tracking":false,"_exactmetrics_sitenote_active":false,"_exactmetrics_sitenote_note":"","_exactmetrics_sitenote_category":0,"jetpack_post_was_ever_published":false,"_jetpack_newsletter_access":"","_jetpack_dont_email_post_to_subs":false,"_jetpack_newsletter_tier_id":0,"_jetpack_memberships_contains_paywalled_content":false,"_jetpack_memberships_contains_paid_content":false,"footnotes":"","jetpack_publicize_message":"","jetpack_publicize_feature_enabled":true,"jetpack_social_post_already_shared":true,"jetpack_social_options":{"image_generator_settings":{"template":"highway","enabled":false},"version":2}},"categories":[1],"tags":[],"class_list":["post-28821","post","type-post","status-publish","format-standard","hentry","category-notas"],"jetpack_publicize_connections":[],"jetpack_sharing_enabled":true,"jetpack_featured_media_url":"","jetpack_shortlink":"https:\/\/wp.me\/p7wKYW-7uR","jetpack-related-posts":[],"_links":{"self":[{"href":"http:\/\/blogdalucianaoliveira.com.br\/blog\/wp-json\/wp\/v2\/posts\/28821","targetHints":{"allow":["GET"]}}],"collection":[{"href":"http:\/\/blogdalucianaoliveira.com.br\/blog\/wp-json\/wp\/v2\/posts"}],"about":[{"href":"http:\/\/blogdalucianaoliveira.com.br\/blog\/wp-json\/wp\/v2\/types\/post"}],"author":[{"embeddable":true,"href":"http:\/\/blogdalucianaoliveira.com.br\/blog\/wp-json\/wp\/v2\/users\/1"}],"replies":[{"embeddable":true,"href":"http:\/\/blogdalucianaoliveira.com.br\/blog\/wp-json\/wp\/v2\/comments?post=28821"}],"version-history":[{"count":1,"href":"http:\/\/blogdalucianaoliveira.com.br\/blog\/wp-json\/wp\/v2\/posts\/28821\/revisions"}],"predecessor-version":[{"id":28823,"href":"http:\/\/blogdalucianaoliveira.com.br\/blog\/wp-json\/wp\/v2\/posts\/28821\/revisions\/28823"}],"wp:attachment":[{"href":"http:\/\/blogdalucianaoliveira.com.br\/blog\/wp-json\/wp\/v2\/media?parent=28821"}],"wp:term":[{"taxonomy":"category","embeddable":true,"href":"http:\/\/blogdalucianaoliveira.com.br\/blog\/wp-json\/wp\/v2\/categories?post=28821"},{"taxonomy":"post_tag","embeddable":true,"href":"http:\/\/blogdalucianaoliveira.com.br\/blog\/wp-json\/wp\/v2\/tags?post=28821"}],"curies":[{"name":"wp","href":"https:\/\/api.w.org\/{rel}","templated":true}]}}