{"id":28827,"date":"2020-06-18T06:31:11","date_gmt":"2020-06-18T10:31:11","guid":{"rendered":"http:\/\/blogdalucianaoliveira.com.br\/blog\/?p=28827"},"modified":"2020-06-18T06:31:19","modified_gmt":"2020-06-18T10:31:19","slug":"queiroz-e-preso-no-interior-de-sao-paulo","status":"publish","type":"post","link":"http:\/\/blogdalucianaoliveira.com.br\/blog\/2020\/06\/18\/queiroz-e-preso-no-interior-de-sao-paulo\/","title":{"rendered":"Queiroz \u00e9 preso no interior de S\u00e3o Paulo"},"content":{"rendered":"\n<figure class=\"wp-block-image size-large\"><img data-recalc-dims=\"1\" loading=\"lazy\" decoding=\"async\" width=\"600\" height=\"374\" data-attachment-id=\"28828\" data-permalink=\"http:\/\/blogdalucianaoliveira.com.br\/blog\/2020\/06\/18\/queiroz-e-preso-no-interior-de-sao-paulo\/image-52-7\/\" data-orig-file=\"https:\/\/i0.wp.com\/blogdalucianaoliveira.com.br\/blog\/wp-content\/uploads\/2020\/06\/image-52.jpeg?fit=610%2C380\" data-orig-size=\"610,380\" data-comments-opened=\"0\" data-image-meta=\"{&quot;aperture&quot;:&quot;0&quot;,&quot;credit&quot;:&quot;&quot;,&quot;camera&quot;:&quot;&quot;,&quot;caption&quot;:&quot;&quot;,&quot;created_timestamp&quot;:&quot;0&quot;,&quot;copyright&quot;:&quot;&quot;,&quot;focal_length&quot;:&quot;0&quot;,&quot;iso&quot;:&quot;0&quot;,&quot;shutter_speed&quot;:&quot;0&quot;,&quot;title&quot;:&quot;&quot;,&quot;orientation&quot;:&quot;0&quot;}\" data-image-title=\"image-52\" data-image-description=\"\" data-image-caption=\"\" data-medium-file=\"https:\/\/i0.wp.com\/blogdalucianaoliveira.com.br\/blog\/wp-content\/uploads\/2020\/06\/image-52.jpeg?fit=300%2C187\" data-large-file=\"https:\/\/i0.wp.com\/blogdalucianaoliveira.com.br\/blog\/wp-content\/uploads\/2020\/06\/image-52.jpeg?fit=600%2C374\" src=\"https:\/\/i0.wp.com\/blogdalucianaoliveira.com.br\/blog\/wp-content\/uploads\/2020\/06\/image-52.jpeg?resize=600%2C374\" alt=\"\" class=\"wp-image-28828\" srcset=\"https:\/\/i0.wp.com\/blogdalucianaoliveira.com.br\/blog\/wp-content\/uploads\/2020\/06\/image-52.jpeg?w=610 610w, https:\/\/i0.wp.com\/blogdalucianaoliveira.com.br\/blog\/wp-content\/uploads\/2020\/06\/image-52.jpeg?resize=300%2C187 300w, https:\/\/i0.wp.com\/blogdalucianaoliveira.com.br\/blog\/wp-content\/uploads\/2020\/06\/image-52.jpeg?resize=482%2C300 482w\" sizes=\"auto, (max-width: 600px) 100vw, 600px\" \/><\/figure>\n\n\n\n<p><strong>247<\/strong>\u00a0&#8211; O ex-assessor do senador Fl\u00e1vio Bolsonaro Fabr\u00edcio Queiroz foi preso na manh\u00e3 desta quinta-feira (18) em Atibaia (SP), regi\u00e3o do Vale do Para\u00edba. Ele estava no im\u00f3vel do advogado do parlamentar. Policial Militar aposentado, Queiroz movimentou R$ 1,2 milh\u00e3o em sua conta de maneira considerada &#8220;at\u00edpica&#8221;, segundo relat\u00f3rio do antigo Conselho de Atividades Financeiras (Coaf).<\/p>\n\n\n\n<!--more-->\n\n\n\n<p>A Justi\u00e7a do Rio de Janeiro expediu o mandado de pris\u00e3o no \u00e2mbito das investiga\u00e7\u00f5es sobre um esquema de corrup\u00e7\u00e3o e lavagem de dinheiro na Assembleia Legislativa do Rio de Janeiro (Alerj) &#8211; o filho de Jair Bolsonaro era deputado estadual. A pris\u00e3o foi feita numa opera\u00e7\u00e3o da Pol\u00edcia Civil e o Minist\u00e9rio P\u00fablico de S\u00e3o Paulo.<\/p>\n\n\n\n<p><\/p>\n","protected":false},"excerpt":{"rendered":"<p>247\u00a0&#8211; O ex-assessor do senador Fl\u00e1vio Bolsonaro Fabr\u00edcio Queiroz foi preso na manh\u00e3 desta quinta-feira (18) em Atibaia (SP), regi\u00e3o do Vale do Para\u00edba. Ele estava no im\u00f3vel do advogado do parlamentar. Policial Militar aposentado, Queiroz movimentou R$ 1,2 milh\u00e3o em sua conta de maneira considerada &#8220;at\u00edpica&#8221;, segundo relat\u00f3rio do antigo Conselho de Atividades Financeiras&#8230;<a class=\"more-link\" href=\"http:\/\/blogdalucianaoliveira.com.br\/blog\/2020\/06\/18\/queiroz-e-preso-no-interior-de-sao-paulo\/\">Continue a leitura <span class=\"meta-nav\">&raquo;<\/span><\/a><\/p>\n","protected":false},"author":1,"featured_media":0,"comment_status":"closed","ping_status":"open","sticky":false,"template":"","format":"standard","meta":{"_exactmetrics_skip_tracking":false,"_exactmetrics_sitenote_active":false,"_exactmetrics_sitenote_note":"","_exactmetrics_sitenote_category":0,"jetpack_post_was_ever_published":false,"_jetpack_newsletter_access":"","_jetpack_dont_email_post_to_subs":false,"_jetpack_newsletter_tier_id":0,"_jetpack_memberships_contains_paywalled_content":false,"_jetpack_memberships_contains_paid_content":false,"footnotes":"","jetpack_publicize_message":"","jetpack_publicize_feature_enabled":true,"jetpack_social_post_already_shared":true,"jetpack_social_options":{"image_generator_settings":{"template":"highway","enabled":false},"version":2}},"categories":[1],"tags":[],"class_list":["post-28827","post","type-post","status-publish","format-standard","hentry","category-notas"],"jetpack_publicize_connections":[],"jetpack_sharing_enabled":true,"jetpack_featured_media_url":"","jetpack_shortlink":"https:\/\/wp.me\/p7wKYW-7uX","jetpack-related-posts":[],"_links":{"self":[{"href":"http:\/\/blogdalucianaoliveira.com.br\/blog\/wp-json\/wp\/v2\/posts\/28827","targetHints":{"allow":["GET"]}}],"collection":[{"href":"http:\/\/blogdalucianaoliveira.com.br\/blog\/wp-json\/wp\/v2\/posts"}],"about":[{"href":"http:\/\/blogdalucianaoliveira.com.br\/blog\/wp-json\/wp\/v2\/types\/post"}],"author":[{"embeddable":true,"href":"http:\/\/blogdalucianaoliveira.com.br\/blog\/wp-json\/wp\/v2\/users\/1"}],"replies":[{"embeddable":true,"href":"http:\/\/blogdalucianaoliveira.com.br\/blog\/wp-json\/wp\/v2\/comments?post=28827"}],"version-history":[{"count":1,"href":"http:\/\/blogdalucianaoliveira.com.br\/blog\/wp-json\/wp\/v2\/posts\/28827\/revisions"}],"predecessor-version":[{"id":28829,"href":"http:\/\/blogdalucianaoliveira.com.br\/blog\/wp-json\/wp\/v2\/posts\/28827\/revisions\/28829"}],"wp:attachment":[{"href":"http:\/\/blogdalucianaoliveira.com.br\/blog\/wp-json\/wp\/v2\/media?parent=28827"}],"wp:term":[{"taxonomy":"category","embeddable":true,"href":"http:\/\/blogdalucianaoliveira.com.br\/blog\/wp-json\/wp\/v2\/categories?post=28827"},{"taxonomy":"post_tag","embeddable":true,"href":"http:\/\/blogdalucianaoliveira.com.br\/blog\/wp-json\/wp\/v2\/tags?post=28827"}],"curies":[{"name":"wp","href":"https:\/\/api.w.org\/{rel}","templated":true}]}}