{"id":28830,"date":"2020-06-18T07:32:53","date_gmt":"2020-06-18T11:32:53","guid":{"rendered":"http:\/\/blogdalucianaoliveira.com.br\/blog\/?p=28830"},"modified":"2020-06-18T07:33:01","modified_gmt":"2020-06-18T11:33:01","slug":"fabricio-queiroz-e-preso-em-sp-na-casa-de-advogado-de-bolsonaro-e-de-seu-filho-flavio","status":"publish","type":"post","link":"http:\/\/blogdalucianaoliveira.com.br\/blog\/2020\/06\/18\/fabricio-queiroz-e-preso-em-sp-na-casa-de-advogado-de-bolsonaro-e-de-seu-filho-flavio\/","title":{"rendered":"Fabr\u00edcio Queiroz \u00e9 preso em SP na casa de advogado de Bolsonaro e de seu filho Fl\u00e1vio"},"content":{"rendered":"\n<figure class=\"wp-block-image size-large\"><img data-recalc-dims=\"1\" loading=\"lazy\" decoding=\"async\" width=\"600\" height=\"385\" data-attachment-id=\"28831\" data-permalink=\"http:\/\/blogdalucianaoliveira.com.br\/blog\/2020\/06\/18\/fabricio-queiroz-e-preso-em-sp-na-casa-de-advogado-de-bolsonaro-e-de-seu-filho-flavio\/cb4006ac-b8ca-4443-8903-ce42ee176cf2\/\" data-orig-file=\"https:\/\/i0.wp.com\/blogdalucianaoliveira.com.br\/blog\/wp-content\/uploads\/2020\/06\/CB4006AC-B8CA-4443-8903-CE42EE176CF2.jpeg?fit=828%2C531\" data-orig-size=\"828,531\" data-comments-opened=\"0\" data-image-meta=\"{&quot;aperture&quot;:&quot;0&quot;,&quot;credit&quot;:&quot;&quot;,&quot;camera&quot;:&quot;&quot;,&quot;caption&quot;:&quot;&quot;,&quot;created_timestamp&quot;:&quot;0&quot;,&quot;copyright&quot;:&quot;&quot;,&quot;focal_length&quot;:&quot;0&quot;,&quot;iso&quot;:&quot;0&quot;,&quot;shutter_speed&quot;:&quot;0&quot;,&quot;title&quot;:&quot;&quot;,&quot;orientation&quot;:&quot;1&quot;}\" data-image-title=\"CB4006AC-B8CA-4443-8903-CE42EE176CF2\" data-image-description=\"\" data-image-caption=\"\" data-medium-file=\"https:\/\/i0.wp.com\/blogdalucianaoliveira.com.br\/blog\/wp-content\/uploads\/2020\/06\/CB4006AC-B8CA-4443-8903-CE42EE176CF2.jpeg?fit=300%2C192\" data-large-file=\"https:\/\/i0.wp.com\/blogdalucianaoliveira.com.br\/blog\/wp-content\/uploads\/2020\/06\/CB4006AC-B8CA-4443-8903-CE42EE176CF2.jpeg?fit=600%2C385\" src=\"https:\/\/i0.wp.com\/blogdalucianaoliveira.com.br\/blog\/wp-content\/uploads\/2020\/06\/CB4006AC-B8CA-4443-8903-CE42EE176CF2.jpeg?resize=600%2C385\" alt=\"\" class=\"wp-image-28831\" srcset=\"https:\/\/i0.wp.com\/blogdalucianaoliveira.com.br\/blog\/wp-content\/uploads\/2020\/06\/CB4006AC-B8CA-4443-8903-CE42EE176CF2.jpeg?w=828 828w, https:\/\/i0.wp.com\/blogdalucianaoliveira.com.br\/blog\/wp-content\/uploads\/2020\/06\/CB4006AC-B8CA-4443-8903-CE42EE176CF2.jpeg?resize=300%2C192 300w, https:\/\/i0.wp.com\/blogdalucianaoliveira.com.br\/blog\/wp-content\/uploads\/2020\/06\/CB4006AC-B8CA-4443-8903-CE42EE176CF2.jpeg?resize=768%2C493 768w, https:\/\/i0.wp.com\/blogdalucianaoliveira.com.br\/blog\/wp-content\/uploads\/2020\/06\/CB4006AC-B8CA-4443-8903-CE42EE176CF2.jpeg?resize=468%2C300 468w\" sizes=\"auto, (max-width: 600px) 100vw, 600px\" \/><\/figure>\n\n\n\n<p>FSP &#8211; O\u00a0<a href=\"https:\/\/www1.folha.uol.com.br\/poder\/2019\/01\/entenda-as-suspeitas-sobre-flavio-bolsonaro-e-o-ex-assessor-fabricio-queiroz.shtml\">policial militar aposentado Fabr\u00edcio Queiroz<\/a>, ex-assessor do senador Fl\u00e1vio Bolsonaro e amigo do presidente Jair Bolsonaro, foi preso na manh\u00e3 desta quinta-feira (18) em Atibaia, no interior de S\u00e3o Paulo, em uma opera\u00e7\u00e3o conjunta da Pol\u00edcia Civil e do Minist\u00e9rio P\u00fablico de S\u00e3o Paulo.<\/p>\n\n\n\n<!--more-->\n\n\n\n<p>O mandado de pris\u00e3o foi expedido pela Justi\u00e7a do Rio de Janeiro. Segundo informa\u00e7\u00f5es divulgadas at\u00e9 agora, Queiroz estava em um im\u00f3vel do advogado Frederick Wassef, respons\u00e1vel pelas defesas de Fl\u00e1vio e do presidente Bolsonaro. \u00c9 figura constante no Pal\u00e1cio da Alvorada e em eventos no Pal\u00e1cio do Planalto.<\/p>\n\n\n\n<p>Queiroz \u00e9 investigado por participa\u00e7\u00e3o em suposto\u00a0<a href=\"https:\/\/www1.folha.uol.com.br\/poder\/2019\/01\/entenda-as-suspeitas-sobre-flavio-bolsonaro-e-o-ex-assessor-fabricio-queiroz.shtml\">esquema de &#8220;rachadinha&#8221; na Assembleia Legislativa do Rio de Janeiro<\/a>, no gabinete do ent\u00e3o deputado estadual Fl\u00e1vio Bolsonaro. &#8220;Rachadinha&#8221; \u00e9 quando funcion\u00e1rios s\u00e3o coagidos a devolver parte de seus sal\u00e1rios. O filho de Bolsonaro foi deputado estadual de fevereiro de 2003 a janeiro de 2019.<\/p>\n\n\n\n<p>A opera\u00e7\u00e3o que prendeu Queiroz em SP`foi comandada pelo delegado Nico Gon\u00e7alves, chefe do Dope (Departamento de Opera\u00e7\u00f5es Policiais Estrat\u00e9gicas) da Pol\u00edcia Civil.<\/p>\n\n\n\n<p>A unidade foi criada pelo governador Jo\u00e3o Doria (PSDB-SP) em agosto do ano passado para tratar para coordenar a\u00e7\u00f5es em casos sens\u00edveis, como extors\u00e3o mediante sequestro, agrupando policiais de diversas delegacias especializadas. Ela \u00e9 vista dentro da pol\u00edcia como a menina dos olhos do governador na \u00e1rea investigativa no estado.<\/p>\n\n\n\n<p>Al\u00e9m da pris\u00e3o de Queiroz, policiais civis e promotores fazem busca e apreens\u00e3o no im\u00f3vel em que Queiroz foi encontrado e em outros endere\u00e7os de investiga\u00e7\u00f5es no Rio de Janeiro. O ex-assessor de Fl\u00e1vio deve ser transferido para o Rio de Janeiro ainda nesta quinta-feira. A Opera\u00e7\u00e3o Anjo \u00e9 coordenada pelo Minist\u00e9rio P\u00fablico do Rio de Janeiro.<\/p>\n\n\n\n<p>Contra outros suspeitos de participa\u00e7\u00e3o no esquema da &#8220;rachadinha&#8221;, o MP-RJ obteve na Justi\u00e7a a decreta\u00e7\u00e3o de medidas cautelares que incluem busca e apreens\u00e3o, afastamento da fun\u00e7\u00e3o p\u00fablica, o comparecimento mensal em ju\u00edzo e a proibi\u00e7\u00e3o de contato com testemunhas. S\u00e3o eles o servidor da Asssembleia Matheus Azeredo Coutinho, os ex-funcion\u00e1rios Luiza Paes Souza e Alessandra Esteve Marins e o advogado Luis Gustavo Botto Maia.<\/p>\n\n\n\n<p>Fl\u00e1vio \u00e9 investigado desde janeiro de 2018 sob a suspeita de recolher parte do sal\u00e1rio de seus subordinados na Assembleia do Rio de 2007 a 2018. Os crimes em apura\u00e7\u00e3o s\u00e3o peculato, lavagem de dinheiro, oculta\u00e7\u00e3o de patrim\u00f4nio e organiza\u00e7\u00e3o criminosa.<\/p>\n\n\n\n<p>A apura\u00e7\u00e3o relacionada ao senador come\u00e7ou&nbsp;<a href=\"https:\/\/www1.folha.uol.com.br\/poder\/2018\/12\/coaf-aponta-movimentacao-atipica-de-ex-assessor-de-flavio-bolsonaro.shtml\">ap\u00f3s relat\u00f3rio do antigo Coaf,<\/a>&nbsp;hoje ligado ao Banco Central, indicar movimenta\u00e7\u00e3o financeira at\u00edpica de Fabr\u00edcio Queiroz, seu ex-assessor e amigo do presidente Jair Bolsonaro.<\/p>\n\n\n\n<p>Al\u00e9m do volume movimentado, de R$ 1,2 milh\u00e3o em um ano, chamou a aten\u00e7\u00e3o a forma com que as opera\u00e7\u00f5es se davam: dep\u00f3sitos e saques em dinheiro vivo em datas pr\u00f3ximas do pagamento de servidores da Assembleia.<\/p>\n\n\n\n<p>Queiroz afirmou que recebia parte dos valores dos sal\u00e1rios dos colegas de gabinete. Ele diz que usava esse dinheiro para remunerar assessores informais de Fl\u00e1vio, sem conhecimento do ent\u00e3o deputado estadual. A sua defesa, contudo, nunca apontou os benefici\u00e1rios finais dos valores.<\/p>\n\n\n\n<p>Em abril do ano passado, a Justi\u00e7a autorizou as quebras de sigilo banc\u00e1rio de Fl\u00e1vio, sua mulher, Queiroz e outras 101 pessoas f\u00edsicas e jur\u00eddicas. Os alvos eram ex-funcion\u00e1rios e pessoas que compraram ou venderam im\u00f3veis para o senador nos \u00faltimos anos.<\/p>\n\n\n\n<p>Em dezembro, o magistrado autorizou o cumprimento de mandados de busca e apreens\u00e3o em 24 locais, incluindo a franquia da Kopenhagen em que o senador \u00e9 um dos s\u00f3cios.<\/p>\n\n\n\n<p>A Promotoria suspeita que a empresa era usada para lavar dinheiro obtido na \u201crachadinha\u201d. Outro meio de lavagem, avaliam promotores, \u00e9 a compra de venda de im\u00f3veis. De acordo com o MP-RJ, Fl\u00e1vio lavou R$ 2,3 milh\u00f5es cuja origem \u00e9 a &#8220;rachadinha&#8221; operada por Queiroz.<\/p>\n\n\n\n<p>O senador nega desde o fim de 2018 que tenha praticado &#8220;rachadinha&#8221; em seu gabinete. Afirma que n\u00e3o \u00e9 respons\u00e1vel pela movimenta\u00e7\u00e3o financeira de seu ex-assessor.<\/p>\n\n\n\n<h3 class=\"wp-block-heading\">QUEST\u00d5ES AINDA SEM RESPOSTA NO CASO QUEIROZ<\/h3>\n\n\n\n<ul class=\"wp-block-list\"><li>Quem eram os assessores informais que Queiroz afirma ter remunerado com o sal\u00e1rio de outros funcion\u00e1rios do gabinete de Fl\u00e1vio?<\/li><li>Por que o \u00fanico assessor que prestou depoimento ao Minist\u00e9rio P\u00fablico do Rio de Janeiro n\u00e3o confirmou a vers\u00e3o de Queiroz?<\/li><li>Como Fl\u00e1vio desconhecia as atividades de um dos seus principais assessores por dez anos?<\/li><li>Por qual motivo Jair Bolsonaro emprestou dinheiro a algu\u00e9m que costumava movimentar centenas de milhares de reais?<\/li><li>De que forma foi feito esse empr\u00e9stimo pelo presidente e onde est\u00e1 o comprovante da transa\u00e7\u00e3o?<\/li><li>Onde est\u00e3o os comprovantes da venda e compra de carros alegadas por Queiroz?<\/li><li>Por que h\u00e1 diverg\u00eancia entre as datas do sinal descrita na escritura de permuta de im\u00f3veis com o atleta F\u00e1bio Guerra e as de dep\u00f3sito em esp\u00e9cie fracionado na conta de Fl\u00e1vio?<\/li><\/ul>\n\n\n\n<h3 class=\"wp-block-heading\"><strong>INCONSIST\u00caNCIAS NO PEDIDO DO MP-RJ<\/strong><\/h3>\n\n\n\n<p><strong>Pessoas n\u00e3o nomeadas por Fl\u00e1vio Bolsonaro &#8211;&nbsp;<\/strong><a href=\"https:\/\/www1.folha.uol.com.br\/poder\/2019\/05\/promotoria-comete-falhas-em-pedido-para-quebras-de-sigilos-do-caso-flavio.shtml?loggedpaywall\">H\u00e1 tr\u00eas casos de pessoas sem v\u00ednculo pol\u00edtico com Fl\u00e1vio<\/a>&nbsp;que foram alvo de quebra de sigilo. Elas estavam nomeadas no gabinete da lideran\u00e7a do PSL na Assembleia Legislativa do Rio de Janeiro quando o senador assumiu o cargo e, em seguida, as demitiu<\/p>\n\n\n\n<p><strong>Remunera\u00e7\u00e3o de Queiroz\u2002-&nbsp;<\/strong>Ao comparar gastos com vencimentos de Fabr\u00edcio Queiroz, o Minist\u00e9rio P\u00fablico considera apenas sal\u00e1rio da Assembleia e&nbsp;<a href=\"https:\/\/www1.folha.uol.com.br\/poder\/2019\/05\/promotoria-comete-falhas-em-pedido-para-quebras-de-sigilos-do-caso-flavio.shtml?loggedpaywall\">ignora remunera\u00e7\u00e3o que ele recebe<\/a>da Pol\u00edcia Militar<\/p>\n\n\n\n<p><strong>Saques &#8211;&nbsp;<\/strong>H\u00e1&nbsp;<a href=\"https:\/\/www1.folha.uol.com.br\/poder\/2019\/05\/promotoria-comete-falhas-em-pedido-para-quebras-de-sigilos-do-caso-flavio.shtml?loggedpaywall\">erro na indica\u00e7\u00e3o do volume de saques<\/a>&nbsp;feitos por Queiroz em dois dos tr\u00eas per\u00edodos apontados<\/p>\n\n\n\n<p><strong>Laranja potencial\u2002-&nbsp;<\/strong>Promotoria atribui ao gabinete de Fl\u00e1vio servidora da TV Alerj que&nbsp;<a href=\"https:\/\/www1.folha.uol.com.br\/poder\/2019\/05\/promotoria-comete-falhas-em-pedido-para-quebras-de-sigilos-do-caso-flavio.shtml?loggedpaywall\">acumulava cargo com outro emprego<\/a>&nbsp;externo<\/p>\n\n\n\n<p><strong>Patrim\u00f4nio &#8211;&nbsp;<\/strong>Ao falar sobre um neg\u00f3cio que envolve 12 salas comerciais, os promotores do Minist\u00e9rio P\u00fablico do Rio escreveram que Fl\u00e1vio adquiriu os im\u00f3veis por mais de R$ 2,6 milh\u00f5es,&nbsp;<a href=\"https:\/\/www1.folha.uol.com.br\/poder\/2019\/06\/ministerio-publico-do-rio-erra-ao-explicar-negocio-de-flavio-bolsonaro.shtml\">quando, na verdade, ele deteve apenas os direitos sobre os im\u00f3veis<\/a>, que ainda n\u00e3o estavam quitados e continuaram sendo pagos em presta\u00e7\u00f5es por outra empresa que assumiu a d\u00edvida<\/p>\n","protected":false},"excerpt":{"rendered":"<p>FSP &#8211; O\u00a0policial militar aposentado Fabr\u00edcio Queiroz, ex-assessor do senador Fl\u00e1vio Bolsonaro e amigo do presidente Jair Bolsonaro, foi preso na manh\u00e3 desta quinta-feira (18) em Atibaia, no interior de S\u00e3o Paulo, em uma opera\u00e7\u00e3o conjunta da Pol\u00edcia Civil e do Minist\u00e9rio P\u00fablico de S\u00e3o Paulo.<\/p>\n","protected":false},"author":1,"featured_media":0,"comment_status":"closed","ping_status":"open","sticky":false,"template":"","format":"standard","meta":{"_exactmetrics_skip_tracking":false,"_exactmetrics_sitenote_active":false,"_exactmetrics_sitenote_note":"","_exactmetrics_sitenote_category":0,"jetpack_post_was_ever_published":false,"_jetpack_newsletter_access":"","_jetpack_dont_email_post_to_subs":false,"_jetpack_newsletter_tier_id":0,"_jetpack_memberships_contains_paywalled_content":false,"_jetpack_memberships_contains_paid_content":false,"footnotes":"","jetpack_publicize_message":"","jetpack_publicize_feature_enabled":true,"jetpack_social_post_already_shared":true,"jetpack_social_options":{"image_generator_settings":{"template":"highway","enabled":false},"version":2}},"categories":[1],"tags":[],"class_list":["post-28830","post","type-post","status-publish","format-standard","hentry","category-notas"],"jetpack_publicize_connections":[],"jetpack_sharing_enabled":true,"jetpack_featured_media_url":"","jetpack_shortlink":"https:\/\/wp.me\/p7wKYW-7v0","jetpack-related-posts":[],"_links":{"self":[{"href":"http:\/\/blogdalucianaoliveira.com.br\/blog\/wp-json\/wp\/v2\/posts\/28830","targetHints":{"allow":["GET"]}}],"collection":[{"href":"http:\/\/blogdalucianaoliveira.com.br\/blog\/wp-json\/wp\/v2\/posts"}],"about":[{"href":"http:\/\/blogdalucianaoliveira.com.br\/blog\/wp-json\/wp\/v2\/types\/post"}],"author":[{"embeddable":true,"href":"http:\/\/blogdalucianaoliveira.com.br\/blog\/wp-json\/wp\/v2\/users\/1"}],"replies":[{"embeddable":true,"href":"http:\/\/blogdalucianaoliveira.com.br\/blog\/wp-json\/wp\/v2\/comments?post=28830"}],"version-history":[{"count":1,"href":"http:\/\/blogdalucianaoliveira.com.br\/blog\/wp-json\/wp\/v2\/posts\/28830\/revisions"}],"predecessor-version":[{"id":28832,"href":"http:\/\/blogdalucianaoliveira.com.br\/blog\/wp-json\/wp\/v2\/posts\/28830\/revisions\/28832"}],"wp:attachment":[{"href":"http:\/\/blogdalucianaoliveira.com.br\/blog\/wp-json\/wp\/v2\/media?parent=28830"}],"wp:term":[{"taxonomy":"category","embeddable":true,"href":"http:\/\/blogdalucianaoliveira.com.br\/blog\/wp-json\/wp\/v2\/categories?post=28830"},{"taxonomy":"post_tag","embeddable":true,"href":"http:\/\/blogdalucianaoliveira.com.br\/blog\/wp-json\/wp\/v2\/tags?post=28830"}],"curies":[{"name":"wp","href":"https:\/\/api.w.org\/{rel}","templated":true}]}}