{"id":28833,"date":"2020-06-18T11:20:43","date_gmt":"2020-06-18T15:20:43","guid":{"rendered":"http:\/\/blogdalucianaoliveira.com.br\/blog\/?p=28833"},"modified":"2020-06-18T11:20:50","modified_gmt":"2020-06-18T15:20:50","slug":"quem-e-o-advogado-frederick-wassef-dono-da-casa-onde-fabricio-queiroz-foi-preso","status":"publish","type":"post","link":"http:\/\/blogdalucianaoliveira.com.br\/blog\/2020\/06\/18\/quem-e-o-advogado-frederick-wassef-dono-da-casa-onde-fabricio-queiroz-foi-preso\/","title":{"rendered":"Quem \u00e9 o advogado Frederick Wassef, dono da casa onde Fabr\u00edcio Queiroz foi preso"},"content":{"rendered":"\n<figure class=\"wp-block-image size-large\"><img data-recalc-dims=\"1\" loading=\"lazy\" decoding=\"async\" width=\"600\" height=\"437\" data-attachment-id=\"28834\" data-permalink=\"http:\/\/blogdalucianaoliveira.com.br\/blog\/2020\/06\/18\/quem-e-o-advogado-frederick-wassef-dono-da-casa-onde-fabricio-queiroz-foi-preso\/image-53-7\/\" data-orig-file=\"https:\/\/i0.wp.com\/blogdalucianaoliveira.com.br\/blog\/wp-content\/uploads\/2020\/06\/image-53.jpeg?fit=984%2C716\" data-orig-size=\"984,716\" data-comments-opened=\"0\" data-image-meta=\"{&quot;aperture&quot;:&quot;0&quot;,&quot;credit&quot;:&quot;&quot;,&quot;camera&quot;:&quot;&quot;,&quot;caption&quot;:&quot;&quot;,&quot;created_timestamp&quot;:&quot;0&quot;,&quot;copyright&quot;:&quot;&quot;,&quot;focal_length&quot;:&quot;0&quot;,&quot;iso&quot;:&quot;0&quot;,&quot;shutter_speed&quot;:&quot;0&quot;,&quot;title&quot;:&quot;&quot;,&quot;orientation&quot;:&quot;0&quot;}\" data-image-title=\"image-53\" data-image-description=\"\" data-image-caption=\"\" data-medium-file=\"https:\/\/i0.wp.com\/blogdalucianaoliveira.com.br\/blog\/wp-content\/uploads\/2020\/06\/image-53.jpeg?fit=300%2C218\" data-large-file=\"https:\/\/i0.wp.com\/blogdalucianaoliveira.com.br\/blog\/wp-content\/uploads\/2020\/06\/image-53.jpeg?fit=600%2C437\" src=\"https:\/\/i0.wp.com\/blogdalucianaoliveira.com.br\/blog\/wp-content\/uploads\/2020\/06\/image-53.jpeg?resize=600%2C437\" alt=\"\" class=\"wp-image-28834\" srcset=\"https:\/\/i0.wp.com\/blogdalucianaoliveira.com.br\/blog\/wp-content\/uploads\/2020\/06\/image-53.jpeg?w=984 984w, https:\/\/i0.wp.com\/blogdalucianaoliveira.com.br\/blog\/wp-content\/uploads\/2020\/06\/image-53.jpeg?resize=300%2C218 300w, https:\/\/i0.wp.com\/blogdalucianaoliveira.com.br\/blog\/wp-content\/uploads\/2020\/06\/image-53.jpeg?resize=768%2C559 768w, https:\/\/i0.wp.com\/blogdalucianaoliveira.com.br\/blog\/wp-content\/uploads\/2020\/06\/image-53.jpeg?resize=412%2C300 412w\" sizes=\"auto, (max-width: 600px) 100vw, 600px\" \/><\/figure>\n\n\n\n<h4 class=\"wp-block-heading\">Defensor afirmou, em abril deste ano, que &#8216;conhece tudo que tramita na fam\u00edlia Bolsonaro&#8217;, da qual se aproximou em 2014.<\/h4>\n\n\n\n<p>Por G1\u00a0\u2014 S\u00e3o Paulo<\/p>\n\n\n\n<p>A proximidade entre o presidente Jair Bolsonaro e o advogado paulista Frederick Wassef come\u00e7ou em 2014, pouco depois da campanha eleitoral daquele ano \u2014 na ocasi\u00e3o&nbsp;<a href=\"http:\/\/g1.globo.com\/rio-de-janeiro\/eleicoes\/2014\/noticia\/2014\/10\/nao-tento-agradar-diz-bolsonaro-o-deputado-federal-mais-votado-no-rj.html\">Bolsonaro foi eleito deputado federal com a maior vota\u00e7\u00e3o do RJ&nbsp;<\/a>.&nbsp;<\/p>\n\n\n\n<p>Foi Wassef quem procurou o ent\u00e3o deputado federal. Ele mandou um e-mail se dizendo admirador do trabalho de Bolsonaro nas redes sociais, que j\u00e1 tinha visto alguns v\u00eddeos dele e que se alinhava com aquilo que ele defendia como deputado \u2014 quest\u00f5es como armamento, fam\u00edlia e combate \u00e0 corrup\u00e7\u00e3o, discursos que Bolsonaro levou para a campanha eleitoral que o elegeu presidente, em 2018.&nbsp;<\/p>\n\n\n\n<p>Desde ent\u00e3o, a rela\u00e7\u00e3o se estreitou com toda a fam\u00edlia, incluindo os filhos do presidente Bolsonaro.&nbsp;<\/p>\n\n\n\n<blockquote class=\"wp-block-quote is-layout-flow wp-block-quote-is-layout-flow\"><p>&#8220;Eu estou no dia a dia aqui com o presidente e com a fam\u00edlia Bolsonaro. Eu conhe\u00e7o tudo que tramita na fam\u00edlia Bolsonaro\u201d, afirmou Wassaf em 28 de abril de 2020, em entrevista \u00e0 r\u00e1dio &#8220;Ga\u00facha&#8221;.&nbsp;<\/p><\/blockquote>\n\n\n\n<p>Em 2018, Wassef come\u00e7ou a atuar como advogado de Bolsonaro no caso da facada dada por Ad\u00e9lio Bispo de Oliveira em setembro daquele ano, durante ato de campanha eleitoral, em Juiz de Fora (MG).&nbsp;<\/p>\n\n\n\n<p>No ano seguinte, em 2019, Wassef passou a atuar como advogado do filho mais velho do presidente, o senador Fl\u00e1vio Bolsonaro (Republicanos), na investiga\u00e7\u00e3o que apura movimenta\u00e7\u00f5es suspeitas nas contas do parlamentar.&nbsp;<\/p>\n\n\n\n<p>Fl\u00e1vio \u00e9 apontado pelo Minist\u00e9rio P\u00fablico do Rio de Janeiro como chefe de uma organiza\u00e7\u00e3o criminosa que atuou em seu gabinete no per\u00edodo em que foi deputado da Assembleia Legislativa do estado (Alerj). Entre 2003 e 2018, ele cumpriu quatro mandatos parlamentares consecutivos. Ele nega as acusa\u00e7\u00f5es.&nbsp;<\/p>\n\n\n\n<p>A investiga\u00e7\u00e3o tamb\u00e9m envolve o ex-PM Fabr\u00edcio Queiroz, que trabalhou como assessor de Fl\u00e1vio. Apontado pelo MP como operador do esquema, ele empregava funcion\u00e1rios fantasmas e exigia parte do sal\u00e1rio (ou mesmo a integralidade dele) de volta.&nbsp;<\/p>\n\n\n\n<p>Desde que o caso veio \u00e0 tona, o paradeiro de Queiroz era desconhecido. Ele foi encontrado e preso na manh\u00e3 desta quinta-feira (18) em uma opera\u00e7\u00e3o da Pol\u00edcia Federal (PF) na cidade de Atibaia (SP).&nbsp;<\/p>\n\n\n\n<p>\u00c9 de Wassef a casa onde&nbsp;<a href=\"https:\/\/g1.globo.com\/sp\/sao-paulo\/noticia\/2020\/06\/18\/fabricio-de-queiroz-e-preso.ghtml\">Queiroz&nbsp;<\/a>estava. De acordo com o que o caseiro disse a PF,<a href=\"https:\/\/g1.globo.com\/sp\/sao-paulo\/noticia\/2020\/06\/18\/caseiro-informou-a-policia-de-sp-que-queiroz-estava-na-casa-ha-um-ano-diz-delegado.ghtml\">Queiroz estava no im\u00f3vel havia mais de um ano<\/a>.&nbsp;<\/p>\n\n\n\n<p>Durante a entrevista ao programa&nbsp;<a href=\"https:\/\/g1.globo.com\/globonews\/playlist\/videos-reveja-trechos-da-entrevista-com-frederick-wassef-o-homem-por-tras-da-defesa-de-flavio-bolsonaro.ghtml#video-8634887-id\">&#8220;Em Foco com Andr\u00e9ia Sadi&#8221; em abril de 2020, Wassef disse que n\u00e3o sabia do paradeiro de Queiroz e que n\u00e3o advogava para ele<\/a>.&nbsp;<\/p>\n\n\n\n<blockquote class=\"wp-block-quote is-layout-flow wp-block-quote-is-layout-flow\"><p>&#8220;Ent\u00e3o vamos l\u00e1, \u00e9 importante lembrarmos que n\u00e3o existe a frase o sumi\u00e7o do Fabr\u00edcio Queiroz, isso n\u00e3o corresponde a realidade real&#8221;, disse Wassef a Sadi, que ent\u00e3o questiona onde ele estaria. &#8220;Fabr\u00edcio? Eu n\u00e3o sei, eu n\u00e3o sou advogado dele&#8221;, respondeu Wassef.&nbsp;<\/p><\/blockquote>\n\n\n\n<figure class=\"wp-block-image\"><img data-recalc-dims=\"1\" decoding=\"async\" src=\"https:\/\/i0.wp.com\/s2.glbimg.com\/qjLMHkostI5_WpX2YelegSfoaIs%3D\/0x0%3A960x1280\/984x0\/smart\/filters%3Astrip_icc%28%29\/i.s3.glbimg.com\/v1\/AUTH_59edd422c0c84a879bd37670ae4f538a\/internal_photos\/bs\/2020\/o\/i\/77NQDwQ7u2uIFq8jU0Zw\/queiroz6.jpg?w=600&#038;ssl=1\" alt=\"Cartaz com a inscri\u00e7\u00e3o 'AI-5' junto a bonecos de Tony Montana, mafioso do filme 'Scarface' \u2014 Foto: Divulga\u00e7\u00e3o\/Pol\u00edcia Civil \"\/><\/figure>\n\n\n\n<p>Cartaz com a inscri\u00e7\u00e3o &#8216;AI-5&#8217; junto a bonecos de Tony Montana, mafioso do filme &#8216;Scarface&#8217; \u2014 Foto: Divulga\u00e7\u00e3o\/Pol\u00edcia Civil&nbsp;<\/p>\n\n\n\n<h2 class=\"wp-block-heading\">Visitas frequentes ao Planalto<\/h2>\n\n\n\n<p>Wassef \u00e9 frenquentemente visto no Pal\u00e1cio do Planalto e no Pal\u00e1cio da Alvorada, resid\u00eancia oficial do presidente Jair Bolsonaro. Na quarta, um dia antes da pris\u00e3o de Queiroz em uma casa de sua propriedade, Wassef estava no Planalto na cerim\u00f4nia de posse do deputado F\u00e1bio Faria como ministro do novo ministro das Comunica\u00e7\u00f5es.&nbsp;<\/p>\n\n\n\n<figure class=\"wp-block-image\"><img data-recalc-dims=\"1\" decoding=\"async\" src=\"https:\/\/i0.wp.com\/s2.glbimg.com\/ww-JWGodhtmKrmkCtkPBtzsjIGk%3D\/0x0%3A1920x1080\/984x0\/smart\/filters%3Astrip_icc%28%29\/i.s3.glbimg.com\/v1\/AUTH_59edd422c0c84a879bd37670ae4f538a\/internal_photos\/bs\/2020\/A\/a\/fRLvOBQT2gUu2hWgCDvQ\/frame-02-42-45.890.jpg?w=600&#038;ssl=1\" alt=\"Frederick Wassef em Bras\u00edlia na posse do novo ministro do novo Minist\u00e9rio das Comunica\u00e7\u00f5es, em 17 de junho \u2014 Foto: Reprodu\u00e7\u00e3o\/TV Globo\"\/><\/figure>\n\n\n\n<p>Frederick Wassef em Bras\u00edlia na posse do novo ministro do novo Minist\u00e9rio das Comunica\u00e7\u00f5es, em 17 de junho \u2014 Foto: Reprodu\u00e7\u00e3o\/TV Globo&nbsp;<\/p>\n\n\n\n<p>Meses antes, em abril, Wassef foi recebido pelo presidente Bolsonaro em meio \u00e0s tratativas para as substitui\u00e7\u00f5es de Sergio Moro, ex-ministro da Justi\u00e7a, e Mauricio Valeixo, ex-diretor da PF.&nbsp;<\/p>\n\n\n\n<p>Em setembro de 2019, o&nbsp;<a href=\"https:\/\/g1.globo.com\/politica\/noticia\/2019\/09\/28\/fora-da-agenda-oficial-bolsonaro-recebe-advogado-do-filho-flavio.ghtml\">presidente Bolsonaro recebeu Wassef<\/a>&nbsp;por 30 minutos no Pal\u00e1cio da Alvorada.&nbsp;<\/p>\n\n\n\n<figure class=\"wp-block-image\"><img data-recalc-dims=\"1\" decoding=\"async\" src=\"https:\/\/i0.wp.com\/s04.video.glbimg.com\/x240\/8634887.jpg?w=600&#038;ssl=1\" alt=\"Frederick Wassef diz que n\u00e3o sabe onde est\u00e1 Fabr\u00edcio Queiroz: \u2018Eu n\u00e3o seu onde ele est\u00e1\u2019\"\/><\/figure>\n\n\n\n<p>Frederick Wassef diz que n\u00e3o sabe onde est\u00e1 Fabr\u00edcio Queiroz: \u2018Eu n\u00e3o seu onde ele est\u00e1\u2019&nbsp;<\/p>\n\n\n\n<figure class=\"wp-block-image\"><img data-recalc-dims=\"1\" decoding=\"async\" src=\"https:\/\/i0.wp.com\/s04.video.glbimg.com\/x240\/8634779.jpg?w=600&#038;ssl=1\" alt=\"Sadi: Frederick Wassef tem acesso livre ao Planalto e ao Pal\u00e1cio da Alvorada\"\/><\/figure>\n\n\n\n<p>Sadi: Frederick Wassef tem acesso livre ao Planalto e ao Pal\u00e1cio da Alvorada&nbsp;<\/p>\n\n\n\n<figure class=\"wp-block-image\"><img data-recalc-dims=\"1\" decoding=\"async\" src=\"https:\/\/i0.wp.com\/s04.video.glbimg.com\/x240\/7786003.jpg?w=600&#038;ssl=1\" alt=\"O advogado Frederik Wassef disse que Queiroz n\u00e3o tem o que acrescentar \u00e0 investiga\u00e7\u00e3o\"\/><\/figure>\n\n\n\n<p>O advogado Frederik Wassef disse que Queiroz n\u00e3o tem o que acrescentar \u00e0 investiga\u00e7\u00e3o&nbsp;<\/p>\n\n\n\n<p><\/p>\n","protected":false},"excerpt":{"rendered":"<p>Defensor afirmou, em abril deste ano, que &#8216;conhece tudo que tramita na fam\u00edlia Bolsonaro&#8217;, da qual se aproximou em 2014. Por G1\u00a0\u2014 S\u00e3o Paulo A proximidade entre o presidente Jair Bolsonaro e o advogado paulista Frederick Wassef come\u00e7ou em 2014, pouco depois da campanha eleitoral daquele ano \u2014 na ocasi\u00e3o&nbsp;Bolsonaro foi eleito deputado federal com&#8230;<a class=\"more-link\" href=\"http:\/\/blogdalucianaoliveira.com.br\/blog\/2020\/06\/18\/quem-e-o-advogado-frederick-wassef-dono-da-casa-onde-fabricio-queiroz-foi-preso\/\">Continue a leitura <span class=\"meta-nav\">&raquo;<\/span><\/a><\/p>\n","protected":false},"author":1,"featured_media":0,"comment_status":"closed","ping_status":"open","sticky":false,"template":"","format":"standard","meta":{"_exactmetrics_skip_tracking":false,"_exactmetrics_sitenote_active":false,"_exactmetrics_sitenote_note":"","_exactmetrics_sitenote_category":0,"jetpack_post_was_ever_published":false,"_jetpack_newsletter_access":"","_jetpack_dont_email_post_to_subs":false,"_jetpack_newsletter_tier_id":0,"_jetpack_memberships_contains_paywalled_content":false,"_jetpack_memberships_contains_paid_content":false,"footnotes":"","jetpack_publicize_message":"","jetpack_publicize_feature_enabled":true,"jetpack_social_post_already_shared":true,"jetpack_social_options":{"image_generator_settings":{"template":"highway","enabled":false},"version":2}},"categories":[1],"tags":[],"class_list":["post-28833","post","type-post","status-publish","format-standard","hentry","category-notas"],"jetpack_publicize_connections":[],"jetpack_sharing_enabled":true,"jetpack_featured_media_url":"","jetpack_shortlink":"https:\/\/wp.me\/p7wKYW-7v3","jetpack-related-posts":[],"_links":{"self":[{"href":"http:\/\/blogdalucianaoliveira.com.br\/blog\/wp-json\/wp\/v2\/posts\/28833","targetHints":{"allow":["GET"]}}],"collection":[{"href":"http:\/\/blogdalucianaoliveira.com.br\/blog\/wp-json\/wp\/v2\/posts"}],"about":[{"href":"http:\/\/blogdalucianaoliveira.com.br\/blog\/wp-json\/wp\/v2\/types\/post"}],"author":[{"embeddable":true,"href":"http:\/\/blogdalucianaoliveira.com.br\/blog\/wp-json\/wp\/v2\/users\/1"}],"replies":[{"embeddable":true,"href":"http:\/\/blogdalucianaoliveira.com.br\/blog\/wp-json\/wp\/v2\/comments?post=28833"}],"version-history":[{"count":1,"href":"http:\/\/blogdalucianaoliveira.com.br\/blog\/wp-json\/wp\/v2\/posts\/28833\/revisions"}],"predecessor-version":[{"id":28835,"href":"http:\/\/blogdalucianaoliveira.com.br\/blog\/wp-json\/wp\/v2\/posts\/28833\/revisions\/28835"}],"wp:attachment":[{"href":"http:\/\/blogdalucianaoliveira.com.br\/blog\/wp-json\/wp\/v2\/media?parent=28833"}],"wp:term":[{"taxonomy":"category","embeddable":true,"href":"http:\/\/blogdalucianaoliveira.com.br\/blog\/wp-json\/wp\/v2\/categories?post=28833"},{"taxonomy":"post_tag","embeddable":true,"href":"http:\/\/blogdalucianaoliveira.com.br\/blog\/wp-json\/wp\/v2\/tags?post=28833"}],"curies":[{"name":"wp","href":"https:\/\/api.w.org\/{rel}","templated":true}]}}