{"id":28836,"date":"2020-06-18T11:27:12","date_gmt":"2020-06-18T15:27:12","guid":{"rendered":"http:\/\/blogdalucianaoliveira.com.br\/blog\/?p=28836"},"modified":"2020-06-18T11:27:20","modified_gmt":"2020-06-18T15:27:20","slug":"rachadinha-de-flavio-bolsonaro-financiou-predios-da-milicia-no-rio-aponta-mp-rj-em-reportagem-do-the-intercept","status":"publish","type":"post","link":"http:\/\/blogdalucianaoliveira.com.br\/blog\/2020\/06\/18\/rachadinha-de-flavio-bolsonaro-financiou-predios-da-milicia-no-rio-aponta-mp-rj-em-reportagem-do-the-intercept\/","title":{"rendered":"Rachadinha de Fl\u00e1vio Bolsonaro financiou pr\u00e9dios da mil\u00edcia no Rio, aponta MP-RJ em reportagem do \u2018The Intercept\u2019"},"content":{"rendered":"\n<figure class=\"wp-block-image size-large\"><img data-recalc-dims=\"1\" loading=\"lazy\" decoding=\"async\" width=\"600\" height=\"400\" data-attachment-id=\"28837\" data-permalink=\"http:\/\/blogdalucianaoliveira.com.br\/blog\/2020\/06\/18\/rachadinha-de-flavio-bolsonaro-financiou-predios-da-milicia-no-rio-aponta-mp-rj-em-reportagem-do-the-intercept\/image-54-7\/\" data-orig-file=\"https:\/\/i0.wp.com\/blogdalucianaoliveira.com.br\/blog\/wp-content\/uploads\/2020\/06\/image-54.jpeg?fit=640%2C427\" data-orig-size=\"640,427\" data-comments-opened=\"0\" data-image-meta=\"{&quot;aperture&quot;:&quot;0&quot;,&quot;credit&quot;:&quot;&quot;,&quot;camera&quot;:&quot;&quot;,&quot;caption&quot;:&quot;&quot;,&quot;created_timestamp&quot;:&quot;0&quot;,&quot;copyright&quot;:&quot;&quot;,&quot;focal_length&quot;:&quot;0&quot;,&quot;iso&quot;:&quot;0&quot;,&quot;shutter_speed&quot;:&quot;0&quot;,&quot;title&quot;:&quot;&quot;,&quot;orientation&quot;:&quot;0&quot;}\" data-image-title=\"image-54\" data-image-description=\"\" data-image-caption=\"\" data-medium-file=\"https:\/\/i0.wp.com\/blogdalucianaoliveira.com.br\/blog\/wp-content\/uploads\/2020\/06\/image-54.jpeg?fit=300%2C200\" data-large-file=\"https:\/\/i0.wp.com\/blogdalucianaoliveira.com.br\/blog\/wp-content\/uploads\/2020\/06\/image-54.jpeg?fit=600%2C400\" src=\"https:\/\/i0.wp.com\/blogdalucianaoliveira.com.br\/blog\/wp-content\/uploads\/2020\/06\/image-54.jpeg?resize=600%2C400\" alt=\"\" class=\"wp-image-28837\" srcset=\"https:\/\/i0.wp.com\/blogdalucianaoliveira.com.br\/blog\/wp-content\/uploads\/2020\/06\/image-54.jpeg?w=640 640w, https:\/\/i0.wp.com\/blogdalucianaoliveira.com.br\/blog\/wp-content\/uploads\/2020\/06\/image-54.jpeg?resize=300%2C200 300w, https:\/\/i0.wp.com\/blogdalucianaoliveira.com.br\/blog\/wp-content\/uploads\/2020\/06\/image-54.jpeg?resize=450%2C300 450w\" sizes=\"auto, (max-width: 600px) 100vw, 600px\" \/><\/figure>\n\n\n\n<p>Jornal digital divulga documentos do Minist\u00e9rio P\u00fablico do Rio de Janeiro que cruzam informa\u00e7\u00f5es banc\u00e1rias de 86 pessoas suspeitas de envolvimento no esquema ilegal.<\/p>\n\n\n\n<!--more-->\n\n\n\n<p>Joana Oliveira, no El Pa\u00eds <\/p>\n\n\n\n<p><br>O senador<a rel=\"noreferrer noopener\" href=\"https:\/\/brasil.elpais.com\/noticias\/flavio-nantes-bolsonaro\/\" target=\"_blank\">\u00a0Fl\u00e1vio Bolsonaro<\/a>\u00a0(PSL), filho mais velho do presidente\u00a0<a rel=\"noreferrer noopener\" href=\"https:\/\/brasil.elpais.com\/noticias\/jair-messias-bolsonaro\/\" target=\"_blank\">Jair Bolsonaro<\/a>\u00a0financiou com dinheiro p\u00fablico a constru\u00e7\u00e3o de pr\u00e9dios da mil\u00edcia no Rio de Janeiro e lucrou com esquema ilegal, aponta o Minist\u00e9rio P\u00fablico Estadual do Rio de Janeiro (MP-RJ). O site\u00a0<a rel=\"noreferrer noopener\" href=\"https:\/\/theintercept.com\/2020\/04\/25\/flavio-bolsonaro-rachadinha-financiou-milicia\/\" target=\"_blank\"><em>The Intercept\u00a0<\/em>publicou neste s\u00e1bado documentos\u00a0<\/a>e dados sigilosos aos quais teve acesso que mostram que os empreendimentos de tr\u00eas construtoras (S\u00e3o Felipe Constru\u00e7\u00e3o Civil Eireli, S\u00e3o Jorge Constru\u00e7\u00e3o Civil Eireli e ConstruRioMZ) de Rio das Pedras foram feitos com<a rel=\"noreferrer noopener\" href=\"https:\/\/brasil.elpais.com\/brasil\/2019-12-18\/mp-investiga-se-loja-de-flavio-bolsonaro-era-usada-para-disfarcar-dinheiro-de-rachadinha.html\" target=\"_blank\">\u00a0dinheiro de \u201crachadinha\u201d, coletado no antigo gabinete de Fl\u00e1vio Bolsonaro<\/a>\u00a0na Assembleia Legislativa do Rio (Alerj). O MP-RJ chegou a essa conclus\u00e3o depois de cruzar informa\u00e7\u00f5es banc\u00e1rias de 86 pessoas suspeitas de envolvimento no esquema ilegal.<\/p>\n\n\n\n<p>De acordo com os investigadores, que falaram com&nbsp;<em>The Intercept&nbsp;<\/em>em condi\u00e7\u00e3o de anonimato, Fl\u00e1vio Bolsonaro estaria recebendo atualmente o lucro do investimento dos pr\u00e9dios por meio de repasses feitos pelo ex-capit\u00e3o do Bope&nbsp;<a href=\"https:\/\/brasil.elpais.com\/brasil\/2020-02-09\/suspeito-de-envolvimento-no-assassinato-de-marielle-e-morto-em-operacao-policial.html\" target=\"_blank\" rel=\"noreferrer noopener\">Adriano da N\u00f3brega \u2014executado em fevereiro na Bahia<\/a>\u2014 e pelo ex-assessor&nbsp;<a href=\"https:\/\/brasil.elpais.com\/noticias\/fabricio-jose-carlos-de-queiroz\/\" target=\"_blank\" rel=\"noreferrer noopener\">Fabr\u00edcio Queiroz<\/a>.<\/p>\n\n\n\n<p>O andamento dessas investiga\u00e7\u00f5es que fecham o cerco contra o filho do presidente teria sido um dos motivos que fizeram com que Bolsonaro pressionasse no ano passado\u00a0<a rel=\"noreferrer noopener\" href=\"https:\/\/brasil.elpais.com\/brasil\/2020-04-24\/sergio-moro-acusa-bolsonaro-de-interferencia-politica-na-pf-e-deixa-governo.html\" target=\"_blank\">o agora ex-ministro Sergio Moro<\/a>\u00a0pela troca do comando da Pol\u00edcia Federal no Rio, que tamb\u00e9m investiga o caso, e em Bras\u00edlia. Moro deixou, na sexta-feira, o cargo no Minist\u00e9rio da Justi\u00e7a e Seguran\u00e7a P\u00fablica,\u00a0<a rel=\"noreferrer noopener\" href=\"https:\/\/brasil.elpais.com\/brasil\/2020-04-24\/o-presidente-queria-alguem-na-pf-a-quem-pudesse-ligar-colher-informacoes-as-principais-frases-de-moro.html\" target=\"_blank\">acusando o presidente de interferir politicamente na PF<\/a>. Bolsonaro negou a acusa\u00e7\u00e3o, mas disse que pretende colocar\u00a0<a rel=\"noreferrer noopener\" href=\"https:\/\/brasil.elpais.com\/brasil\/2020-04-24\/bolsonaro-nega-interferencia-na-pf-mas-diz-que-quer-nome-com-quem-possa-interagir.html\" target=\"_blank\">algu\u00e9m no cargo \u201ccom quem possa interagir\u201d<\/a>.<\/p>\n\n\n\n<p>De acordo com&nbsp;<em>The Intercept<\/em>, Fl\u00e1vio pagava os sal\u00e1rios de seus funcion\u00e1rios com a verba do seu gabinete na Alerj, e&nbsp;<a href=\"https:\/\/brasil.elpais.com\/brasil\/2019-12-18\/fabricio-queiroz-ex-assessor-de-flavio-bolsonaro-e-alvo-de-operacao-no-rio.html\" target=\"_blank\" rel=\"noreferrer noopener\">Queiroz \u2014apontado como articulador do esquema de \u201crachadinhas\u201d<\/a>\u2014 confiscava cerca de 40% dos vencimentos dos servidores e repassava parte do dinheiro ao ex-capit\u00e3o do Bope,&nbsp;<a href=\"https:\/\/brasil.elpais.com\/brasil\/2020-02-15\/o-policial-criminoso-que-levou-para-o-tumulo-os-segredos-do-submundo-do-rio-de-janeiro.html\" target=\"_blank\" rel=\"noreferrer noopener\">Adriano da N\u00f3brega, apontado como chefe do Escrit\u00f3rio do Crime<\/a>, uma mil\u00edcia especializada em assassinatos por encomenda.<\/p>\n\n\n\n<p>A organiza\u00e7\u00e3o criminosa, que, al\u00e9m de Rios das Pedras, atua tamb\u00e9m em Muzema, cobra \u201ctaxas de seguran\u00e7a\u201d, \u00e1gio na venda de botij\u00f5es de g\u00e1s, garraf\u00f5es de \u00e1gua, explora\u00e7\u00e3o de sinal clandestino de TV, grilagem de terras e na constru\u00e7\u00e3o civil nas duas favelas, que ficam em Jacarepagu\u00e1 (zona oeste do Rio) e onde vivem mais de 80 mil pessoas. A regi\u00e3o teve um boom de constru\u00e7\u00f5es irregulares nos \u00faltimos anos e, em abril de 2019, duas delas desabaram, deixando 24 mortos e 10 feridos.<\/p>\n\n\n\n<p>As investiga\u00e7\u00f5es apontam que o lucro com a constru\u00e7\u00e3o e vendas desses pr\u00e9dios seria dividido com Fl\u00e1vio Bolsonaro, j\u00e1 que ele era o financiador do esquema, usando dinheiro p\u00fablico.<\/p>\n\n\n\n<p>De acordo com o , os repasses da rachadinha para o capit\u00e3o Adriano acontecia por meio das contas da sua m\u00e3e, Raimunda Vera Magalh\u00e3es, e sua mulher, Danielle da Costa N\u00f3brega. Ambas tinham cargos comissionados no gabinete do deputado na Alerj entre 2016 e 2017 e foram nomeadas por Queiroz. A m\u00e3e e a mulher de Adriano movimentaram ao menos 1,1 milh\u00e3o de reais durante esse per\u00edodo e teriam repassado dinheiro para algumas empresas, entre elas dois restaurantes, uma loja de material de constru\u00e7\u00e3o e tr\u00eas pequenas construtoras, que teriam sido registrados em nomes de \u201claranjas\u201d do Escrit\u00f3rio do Crime.<\/p>\n","protected":false},"excerpt":{"rendered":"<p>Jornal digital divulga documentos do Minist\u00e9rio P\u00fablico do Rio de Janeiro que cruzam informa\u00e7\u00f5es banc\u00e1rias de 86 pessoas suspeitas de envolvimento no esquema ilegal.<\/p>\n","protected":false},"author":1,"featured_media":0,"comment_status":"closed","ping_status":"open","sticky":false,"template":"","format":"standard","meta":{"_exactmetrics_skip_tracking":false,"_exactmetrics_sitenote_active":false,"_exactmetrics_sitenote_note":"","_exactmetrics_sitenote_category":0,"jetpack_post_was_ever_published":false,"_jetpack_newsletter_access":"","_jetpack_dont_email_post_to_subs":false,"_jetpack_newsletter_tier_id":0,"_jetpack_memberships_contains_paywalled_content":false,"_jetpack_memberships_contains_paid_content":false,"footnotes":"","jetpack_publicize_message":"","jetpack_publicize_feature_enabled":true,"jetpack_social_post_already_shared":true,"jetpack_social_options":{"image_generator_settings":{"template":"highway","enabled":false},"version":2}},"categories":[1],"tags":[],"class_list":["post-28836","post","type-post","status-publish","format-standard","hentry","category-notas"],"jetpack_publicize_connections":[],"jetpack_sharing_enabled":true,"jetpack_featured_media_url":"","jetpack_shortlink":"https:\/\/wp.me\/p7wKYW-7v6","jetpack-related-posts":[],"_links":{"self":[{"href":"http:\/\/blogdalucianaoliveira.com.br\/blog\/wp-json\/wp\/v2\/posts\/28836","targetHints":{"allow":["GET"]}}],"collection":[{"href":"http:\/\/blogdalucianaoliveira.com.br\/blog\/wp-json\/wp\/v2\/posts"}],"about":[{"href":"http:\/\/blogdalucianaoliveira.com.br\/blog\/wp-json\/wp\/v2\/types\/post"}],"author":[{"embeddable":true,"href":"http:\/\/blogdalucianaoliveira.com.br\/blog\/wp-json\/wp\/v2\/users\/1"}],"replies":[{"embeddable":true,"href":"http:\/\/blogdalucianaoliveira.com.br\/blog\/wp-json\/wp\/v2\/comments?post=28836"}],"version-history":[{"count":1,"href":"http:\/\/blogdalucianaoliveira.com.br\/blog\/wp-json\/wp\/v2\/posts\/28836\/revisions"}],"predecessor-version":[{"id":28838,"href":"http:\/\/blogdalucianaoliveira.com.br\/blog\/wp-json\/wp\/v2\/posts\/28836\/revisions\/28838"}],"wp:attachment":[{"href":"http:\/\/blogdalucianaoliveira.com.br\/blog\/wp-json\/wp\/v2\/media?parent=28836"}],"wp:term":[{"taxonomy":"category","embeddable":true,"href":"http:\/\/blogdalucianaoliveira.com.br\/blog\/wp-json\/wp\/v2\/categories?post=28836"},{"taxonomy":"post_tag","embeddable":true,"href":"http:\/\/blogdalucianaoliveira.com.br\/blog\/wp-json\/wp\/v2\/tags?post=28836"}],"curies":[{"name":"wp","href":"https:\/\/api.w.org\/{rel}","templated":true}]}}