{"id":28839,"date":"2020-06-18T11:33:42","date_gmt":"2020-06-18T15:33:42","guid":{"rendered":"http:\/\/blogdalucianaoliveira.com.br\/blog\/?p=28839"},"modified":"2020-06-18T11:33:49","modified_gmt":"2020-06-18T15:33:49","slug":"ficou-obvio-que-bolsonaro-escondia-e-protegia-queiroz","status":"publish","type":"post","link":"http:\/\/blogdalucianaoliveira.com.br\/blog\/2020\/06\/18\/ficou-obvio-que-bolsonaro-escondia-e-protegia-queiroz\/","title":{"rendered":"Ficou \u00f3bvio que Bolsonaro escondia e protegia Queiroz"},"content":{"rendered":"\n<figure class=\"wp-block-image size-large\"><img data-recalc-dims=\"1\" loading=\"lazy\" decoding=\"async\" width=\"600\" height=\"374\" data-attachment-id=\"28840\" data-permalink=\"http:\/\/blogdalucianaoliveira.com.br\/blog\/2020\/06\/18\/ficou-obvio-que-bolsonaro-escondia-e-protegia-queiroz\/image-55-7\/\" data-orig-file=\"https:\/\/i0.wp.com\/blogdalucianaoliveira.com.br\/blog\/wp-content\/uploads\/2020\/06\/image-55.jpeg?fit=610%2C380\" data-orig-size=\"610,380\" data-comments-opened=\"0\" data-image-meta=\"{&quot;aperture&quot;:&quot;0&quot;,&quot;credit&quot;:&quot;&quot;,&quot;camera&quot;:&quot;&quot;,&quot;caption&quot;:&quot;&quot;,&quot;created_timestamp&quot;:&quot;0&quot;,&quot;copyright&quot;:&quot;&quot;,&quot;focal_length&quot;:&quot;0&quot;,&quot;iso&quot;:&quot;0&quot;,&quot;shutter_speed&quot;:&quot;0&quot;,&quot;title&quot;:&quot;&quot;,&quot;orientation&quot;:&quot;0&quot;}\" data-image-title=\"image-55\" data-image-description=\"\" data-image-caption=\"\" data-medium-file=\"https:\/\/i0.wp.com\/blogdalucianaoliveira.com.br\/blog\/wp-content\/uploads\/2020\/06\/image-55.jpeg?fit=300%2C187\" data-large-file=\"https:\/\/i0.wp.com\/blogdalucianaoliveira.com.br\/blog\/wp-content\/uploads\/2020\/06\/image-55.jpeg?fit=600%2C374\" src=\"https:\/\/i0.wp.com\/blogdalucianaoliveira.com.br\/blog\/wp-content\/uploads\/2020\/06\/image-55.jpeg?resize=600%2C374\" alt=\"\" class=\"wp-image-28840\" srcset=\"https:\/\/i0.wp.com\/blogdalucianaoliveira.com.br\/blog\/wp-content\/uploads\/2020\/06\/image-55.jpeg?w=610 610w, https:\/\/i0.wp.com\/blogdalucianaoliveira.com.br\/blog\/wp-content\/uploads\/2020\/06\/image-55.jpeg?resize=300%2C187 300w, https:\/\/i0.wp.com\/blogdalucianaoliveira.com.br\/blog\/wp-content\/uploads\/2020\/06\/image-55.jpeg?resize=482%2C300 482w\" sizes=\"auto, (max-width: 600px) 100vw, 600px\" \/><\/figure>\n\n\n\n<p>H\u00e1 d\u00e9cadas, desde os anos 1980, Queiroz \u00e9 um dileto amigo e parceiro de churrascadas e pescarias do Jair Bolsonaro. Ele priva da intimidade e da confian\u00e7a do cl\u00e3.<\/p>\n\n\n\n<!--more-->\n\n\n\n<p>247, por Jeferson Miola<\/p>\n\n\n\n<p>At\u00e9 antes de ser descoberto e acobertado na Opera\u00e7\u00e3o Furna da On\u00e7a, em outubro de 2018, Queiroz atuava como uma esp\u00e9cie de gerente dos neg\u00f3cios criminosos da FaMil\u00edcia na pol\u00edtica.<\/p>\n\n\n\n<p>Queiroz \u00e9, tamb\u00e9m, o elo de liga\u00e7\u00e3o do cl\u00e3 com o Escrit\u00f3rio do Crime, a mil\u00edcia de assassinos de aluguel da zona norte da cidade do Rio dedicada \u00e0 grilagem e explora\u00e7\u00e3o imobili\u00e1ria ilegal comandada pelo miliciano Adriano da N\u00f3brega \u2013 cuja esposa e m\u00e3e estavam lotadas no gabinete do ent\u00e3o deputado estadual Fl\u00e1vio Bolsonaro na ALERJ.<\/p>\n\n\n\n<p>A prote\u00e7\u00e3o leonina do Bolsonaro aos seus filhos diante do cerco policial e judicial transcende aquilo que poderia ser considerada uma mostra de fervoroso amor paterno.<\/p>\n\n\n\n<p>\u00c9 at\u00e9 poss\u00edvel que Bolsonaro se mova por algum instinto de prote\u00e7\u00e3o dos filhos; mas tal prote\u00e7\u00e3o \u00e9, antes de qualquer coisa, um ato de auto-defesa e de auto-prote\u00e7\u00e3o, porque Bolsonaro \u00e9 o chefe supremo do cl\u00e3. Se seus filhos forem atingidos, as investiga\u00e7\u00f5es fatalmente chegam nele, Jair.<\/p>\n\n\n\n<p>Bolsonaro \u00e9 o ide\u00f3logo da organiza\u00e7\u00e3o familiar na pol\u00edtica e no crime. Ele planejou a carreira pol\u00edtica de cada integrante do cl\u00e3. Chegou a escalar Carlos, o Zero2, para desalojar a ex-esposa Rog\u00e9ria na verean\u00e7a da cidade do Rio.<\/p>\n\n\n\n<p>E foi ele, Jair, quem designou o comparsa Queiroz para o gabinete de Fl\u00e1vio, o Zero1, na ALERJ, onde o agora ex-fugitivo atuou por quase 20 anos, de 2002 a 2018, e desde onde gerenciava a \u201ctesouraria\u201d dos gabinetes parlamentares do cl\u00e3 e fazia a interface com o submundo miliciano.<\/p>\n\n\n\n<p>Bolsonaro nunca abandonou Fabr\u00edcio Queiroz, em nenhum momento. Na doen\u00e7a, Queiroz foi aconchegado com tratamento no car\u00edssimo hospital Albert Einstein, cujas despesas milion\u00e1rias foram pagas em dinheiro vivo \u2013 n\u00e3o se sabe quem pagou a conta hospitalar, embora se possa supor quem tenha sido o mecenas [ou Messias].<\/p>\n\n\n\n<p>A descoberta do esconderijo de Queiroz em im\u00f3vel de propriedade do advogado do cl\u00e3 Frederick Wassef deixa \u00f3bvio que era Bolsonaro quem escondia e protegia Queiroz.<\/p>\n\n\n\n<p>Em 28 de abril passado Frederick Wassef afirmou em entrevista: \u201c<em>Eu estou no dia a dia aqui com o presidente e com a fam\u00edlia Bolsonaro. Eu conhe\u00e7o tudo que tramita na fam\u00edlia Bolsonaro<\/em>\u201d.<\/p>\n\n\n\n<p>A situa\u00e7\u00e3o do advogado, que obstruiu a justi\u00e7a e foi c\u00famplice dos Bolsonaro no acobertamento da fuga do Queiroz \u00e9 um cap\u00edtulo \u00e0 parte; ele ter\u00e1 de se ver com a pol\u00edcia e a justi\u00e7a, est\u00e1 encalacrado junto com o cl\u00e3.<\/p>\n\n\n\n<p>O essencial a se considerar, portanto, \u00e9 o fato de Queiroz estar escondido h\u00e1 mais de 1 ano em im\u00f3vel deste advogado que est\u00e1 \u201c<em>no dia a dia com a fam\u00edlia<\/em>\u201d e que conhece \u201c<em>tudo que tramita na fam\u00edlia Bolsonaro<\/em>\u201d.<\/p>\n\n\n\n<p>Os telefones celulares apreendidos com Queiroz poder\u00e3o trazer revela\u00e7\u00f5es ainda mais comprometedoras para a organiza\u00e7\u00e3o criminosa investigada pelo MP\/RJ. A continuidade de Bolsonaro na presid\u00eancia do Brasil ficou ainda mais insustent\u00e1vel. Se as institui\u00e7\u00f5es estivessem de fato \u201cfuncionando normalmente\u201d, seria o fim de linha da bandidagem oficial.<\/p>\n","protected":false},"excerpt":{"rendered":"<p>H\u00e1 d\u00e9cadas, desde os anos 1980, Queiroz \u00e9 um dileto amigo e parceiro de churrascadas e pescarias do Jair Bolsonaro. Ele priva da intimidade e da confian\u00e7a do cl\u00e3.<\/p>\n","protected":false},"author":1,"featured_media":0,"comment_status":"closed","ping_status":"open","sticky":false,"template":"","format":"standard","meta":{"_exactmetrics_skip_tracking":false,"_exactmetrics_sitenote_active":false,"_exactmetrics_sitenote_note":"","_exactmetrics_sitenote_category":0,"jetpack_post_was_ever_published":false,"_jetpack_newsletter_access":"","_jetpack_dont_email_post_to_subs":false,"_jetpack_newsletter_tier_id":0,"_jetpack_memberships_contains_paywalled_content":false,"_jetpack_memberships_contains_paid_content":false,"footnotes":"","jetpack_publicize_message":"","jetpack_publicize_feature_enabled":true,"jetpack_social_post_already_shared":true,"jetpack_social_options":{"image_generator_settings":{"template":"highway","enabled":false},"version":2}},"categories":[1],"tags":[],"class_list":["post-28839","post","type-post","status-publish","format-standard","hentry","category-notas"],"jetpack_publicize_connections":[],"jetpack_sharing_enabled":true,"jetpack_featured_media_url":"","jetpack_shortlink":"https:\/\/wp.me\/p7wKYW-7v9","jetpack-related-posts":[],"_links":{"self":[{"href":"http:\/\/blogdalucianaoliveira.com.br\/blog\/wp-json\/wp\/v2\/posts\/28839","targetHints":{"allow":["GET"]}}],"collection":[{"href":"http:\/\/blogdalucianaoliveira.com.br\/blog\/wp-json\/wp\/v2\/posts"}],"about":[{"href":"http:\/\/blogdalucianaoliveira.com.br\/blog\/wp-json\/wp\/v2\/types\/post"}],"author":[{"embeddable":true,"href":"http:\/\/blogdalucianaoliveira.com.br\/blog\/wp-json\/wp\/v2\/users\/1"}],"replies":[{"embeddable":true,"href":"http:\/\/blogdalucianaoliveira.com.br\/blog\/wp-json\/wp\/v2\/comments?post=28839"}],"version-history":[{"count":1,"href":"http:\/\/blogdalucianaoliveira.com.br\/blog\/wp-json\/wp\/v2\/posts\/28839\/revisions"}],"predecessor-version":[{"id":28841,"href":"http:\/\/blogdalucianaoliveira.com.br\/blog\/wp-json\/wp\/v2\/posts\/28839\/revisions\/28841"}],"wp:attachment":[{"href":"http:\/\/blogdalucianaoliveira.com.br\/blog\/wp-json\/wp\/v2\/media?parent=28839"}],"wp:term":[{"taxonomy":"category","embeddable":true,"href":"http:\/\/blogdalucianaoliveira.com.br\/blog\/wp-json\/wp\/v2\/categories?post=28839"},{"taxonomy":"post_tag","embeddable":true,"href":"http:\/\/blogdalucianaoliveira.com.br\/blog\/wp-json\/wp\/v2\/tags?post=28839"}],"curies":[{"name":"wp","href":"https:\/\/api.w.org\/{rel}","templated":true}]}}