{"id":28851,"date":"2020-06-19T07:45:43","date_gmt":"2020-06-19T11:45:43","guid":{"rendered":"http:\/\/blogdalucianaoliveira.com.br\/blog\/?p=28851"},"modified":"2020-06-19T07:45:50","modified_gmt":"2020-06-19T11:45:50","slug":"o-milagre-de-marielle","status":"publish","type":"post","link":"http:\/\/blogdalucianaoliveira.com.br\/blog\/2020\/06\/19\/o-milagre-de-marielle\/","title":{"rendered":"O milagre de Marielle"},"content":{"rendered":"\n<figure class=\"wp-block-image size-large\"><img data-recalc-dims=\"1\" loading=\"lazy\" decoding=\"async\" width=\"600\" height=\"406\" data-attachment-id=\"28852\" data-permalink=\"http:\/\/blogdalucianaoliveira.com.br\/blog\/2020\/06\/19\/o-milagre-de-marielle\/image-58-7\/\" data-orig-file=\"https:\/\/i0.wp.com\/blogdalucianaoliveira.com.br\/blog\/wp-content\/uploads\/2020\/06\/image-58.jpeg?fit=640%2C433\" data-orig-size=\"640,433\" data-comments-opened=\"0\" data-image-meta=\"{&quot;aperture&quot;:&quot;0&quot;,&quot;credit&quot;:&quot;&quot;,&quot;camera&quot;:&quot;&quot;,&quot;caption&quot;:&quot;&quot;,&quot;created_timestamp&quot;:&quot;0&quot;,&quot;copyright&quot;:&quot;&quot;,&quot;focal_length&quot;:&quot;0&quot;,&quot;iso&quot;:&quot;0&quot;,&quot;shutter_speed&quot;:&quot;0&quot;,&quot;title&quot;:&quot;&quot;,&quot;orientation&quot;:&quot;0&quot;}\" data-image-title=\"image-58\" data-image-description=\"\" data-image-caption=\"\" data-medium-file=\"https:\/\/i0.wp.com\/blogdalucianaoliveira.com.br\/blog\/wp-content\/uploads\/2020\/06\/image-58.jpeg?fit=300%2C203\" data-large-file=\"https:\/\/i0.wp.com\/blogdalucianaoliveira.com.br\/blog\/wp-content\/uploads\/2020\/06\/image-58.jpeg?fit=600%2C406\" src=\"https:\/\/i0.wp.com\/blogdalucianaoliveira.com.br\/blog\/wp-content\/uploads\/2020\/06\/image-58.jpeg?resize=600%2C406\" alt=\"\" class=\"wp-image-28852\" srcset=\"https:\/\/i0.wp.com\/blogdalucianaoliveira.com.br\/blog\/wp-content\/uploads\/2020\/06\/image-58.jpeg?w=640 640w, https:\/\/i0.wp.com\/blogdalucianaoliveira.com.br\/blog\/wp-content\/uploads\/2020\/06\/image-58.jpeg?resize=300%2C203 300w, https:\/\/i0.wp.com\/blogdalucianaoliveira.com.br\/blog\/wp-content\/uploads\/2020\/06\/image-58.jpeg?resize=443%2C300 443w\" sizes=\"auto, (max-width: 600px) 100vw, 600px\" \/><\/figure>\n\n\n\n<p>Talvez seja a vereadora e ativista quem consiga, desde o al\u00e9m, acabar com o pesadelo que o pa\u00eds vive.<\/p>\n\n\n\n<!--more-->\n\n\n\n<p>No El Pa\u00eds, por Juan Arias<\/p>\n\n\n\n<p>Tinham escrito que a ativista e vereadora negra assassinada\u00a0<a rel=\"noreferrer noopener\" href=\"https:\/\/brasil.elpais.com\/noticias\/marielle-franco-da-silva\/\" target=\"_blank\">Marielle Franco<\/a>\u00a0poderia acabar sendo\u00a0<a rel=\"noreferrer noopener\" href=\"https:\/\/brasil.elpais.com\/brasil\/2019\/01\/24\/opinion\/1548366291_877712.html\" target=\"_blank\">mais perigosa para a fam\u00edlia Bolsonaro morta do que viva<\/a>. Simbolicamente, ela n\u00e3o tinha morrido porque n\u00e3o se conseguiu apagar sua mem\u00f3ria e era como a voz da consci\u00eancia do Brasil que n\u00e3o aceita barb\u00e1rie.<\/p>\n\n\n\n<p>Hoje, Marielle, com a&nbsp;<a href=\"https:\/\/brasil.elpais.com\/brasil\/2020-06-18\/prisao-de-queiroz-foi-motivada-por-ameacas-a-testemunhas-e-interferencia-nas-investigacoes.html\" target=\"_blank\" rel=\"noreferrer noopener\">pris\u00e3o de Queiroz<\/a>, volta a estar viva e amea\u00e7adora. E \u00e9 poss\u00edvel que por fim o pa\u00eds que n\u00e3o aceita a corrup\u00e7\u00e3o nem a viol\u00eancia pol\u00edtica possa finalmente conhecer a verdade definitiva sobre quem decidiu que a jovem Marielle deveria morrer e por qu\u00ea.<\/p>\n\n\n\n<p>H\u00e1 momentos na hist\u00f3ria de um pa\u00eds que ficam marcados em pedra para que a posteridade n\u00e3o os esque\u00e7a. Uma dessas datas no Brasil ser\u00e1 o dia, hoje mais pr\u00f3ximo do que ontem, em que se saber\u00e1 definitivamente a identidade de quem mandou assassinar Marielle e por qu\u00ea.<\/p>\n\n\n\n<p>\u00c9 verdade que a sociedade acaba se convencendo de que a impunidade pol\u00edtica \u00e9 t\u00e3o grande que tudo acaba sendo esquecido. Talvez desta vez o Brasil tenha a sorte de decifrar um dos enigmas mais bem guardados e cuja solu\u00e7\u00e3o pode levar a decis\u00f5es graves no Governo da na\u00e7\u00e3o.<\/p>\n\n\n\n<p>Talvez seja Marielle quem consiga, desde o al\u00e9m, acabar com o pesadelo que o pa\u00eds vive, governado por uma fam\u00edlia que parece cada vez mais envolvida n\u00e3o apenas em corrup\u00e7\u00e3o, mas em tramas obscuras que lembram as famosas e perigosas m\u00e1fias mundiais.<\/p>\n\n\n\n<p>A Igreja primitiva costumava dizer que \u201co sangue dos m\u00e1rtires era a semente dos crist\u00e3os\u201d. Quem sabe se o sangue de Marielle n\u00e3o acabar\u00e1 sendo a semente da reden\u00e7\u00e3o pol\u00edtica capaz de iluminar novos caminhos de esperan\u00e7a para um pa\u00eds menos torturado por uma pol\u00edtica que ofende a sua dignidade e que vem sendo opr\u00f3bio do mundo.<\/p>\n","protected":false},"excerpt":{"rendered":"<p>Talvez seja a vereadora e ativista quem consiga, desde o al\u00e9m, acabar com o pesadelo que o pa\u00eds vive.<\/p>\n","protected":false},"author":1,"featured_media":0,"comment_status":"closed","ping_status":"open","sticky":false,"template":"","format":"standard","meta":{"_exactmetrics_skip_tracking":false,"_exactmetrics_sitenote_active":false,"_exactmetrics_sitenote_note":"","_exactmetrics_sitenote_category":0,"jetpack_post_was_ever_published":false,"_jetpack_newsletter_access":"","_jetpack_dont_email_post_to_subs":false,"_jetpack_newsletter_tier_id":0,"_jetpack_memberships_contains_paywalled_content":false,"_jetpack_memberships_contains_paid_content":false,"footnotes":"","jetpack_publicize_message":"","jetpack_publicize_feature_enabled":true,"jetpack_social_post_already_shared":true,"jetpack_social_options":{"image_generator_settings":{"template":"highway","enabled":false},"version":2}},"categories":[1],"tags":[],"class_list":["post-28851","post","type-post","status-publish","format-standard","hentry","category-notas"],"jetpack_publicize_connections":[],"jetpack_sharing_enabled":true,"jetpack_featured_media_url":"","jetpack_shortlink":"https:\/\/wp.me\/p7wKYW-7vl","jetpack-related-posts":[],"_links":{"self":[{"href":"http:\/\/blogdalucianaoliveira.com.br\/blog\/wp-json\/wp\/v2\/posts\/28851","targetHints":{"allow":["GET"]}}],"collection":[{"href":"http:\/\/blogdalucianaoliveira.com.br\/blog\/wp-json\/wp\/v2\/posts"}],"about":[{"href":"http:\/\/blogdalucianaoliveira.com.br\/blog\/wp-json\/wp\/v2\/types\/post"}],"author":[{"embeddable":true,"href":"http:\/\/blogdalucianaoliveira.com.br\/blog\/wp-json\/wp\/v2\/users\/1"}],"replies":[{"embeddable":true,"href":"http:\/\/blogdalucianaoliveira.com.br\/blog\/wp-json\/wp\/v2\/comments?post=28851"}],"version-history":[{"count":1,"href":"http:\/\/blogdalucianaoliveira.com.br\/blog\/wp-json\/wp\/v2\/posts\/28851\/revisions"}],"predecessor-version":[{"id":28853,"href":"http:\/\/blogdalucianaoliveira.com.br\/blog\/wp-json\/wp\/v2\/posts\/28851\/revisions\/28853"}],"wp:attachment":[{"href":"http:\/\/blogdalucianaoliveira.com.br\/blog\/wp-json\/wp\/v2\/media?parent=28851"}],"wp:term":[{"taxonomy":"category","embeddable":true,"href":"http:\/\/blogdalucianaoliveira.com.br\/blog\/wp-json\/wp\/v2\/categories?post=28851"},{"taxonomy":"post_tag","embeddable":true,"href":"http:\/\/blogdalucianaoliveira.com.br\/blog\/wp-json\/wp\/v2\/tags?post=28851"}],"curies":[{"name":"wp","href":"https:\/\/api.w.org\/{rel}","templated":true}]}}