{"id":28854,"date":"2020-06-19T13:08:38","date_gmt":"2020-06-19T17:08:38","guid":{"rendered":"http:\/\/blogdalucianaoliveira.com.br\/blog\/?p=28854"},"modified":"2020-06-19T13:08:46","modified_gmt":"2020-06-19T17:08:46","slug":"investidores-europeus-decidem-sair-do-brasil-em-razao-da-destruicao-ambiental-de-bolsonaro-e-salles","status":"publish","type":"post","link":"http:\/\/blogdalucianaoliveira.com.br\/blog\/2020\/06\/19\/investidores-europeus-decidem-sair-do-brasil-em-razao-da-destruicao-ambiental-de-bolsonaro-e-salles\/","title":{"rendered":"Investidores europeus decidem sair do Brasil em raz\u00e3o da destrui\u00e7\u00e3o ambiental de Bolsonaro e Salles"},"content":{"rendered":"\n<figure class=\"wp-block-image size-large\"><img data-recalc-dims=\"1\" loading=\"lazy\" decoding=\"async\" width=\"600\" height=\"374\" data-attachment-id=\"28855\" data-permalink=\"http:\/\/blogdalucianaoliveira.com.br\/blog\/2020\/06\/19\/investidores-europeus-decidem-sair-do-brasil-em-razao-da-destruicao-ambiental-de-bolsonaro-e-salles\/image-59-7\/\" data-orig-file=\"https:\/\/i0.wp.com\/blogdalucianaoliveira.com.br\/blog\/wp-content\/uploads\/2020\/06\/image-59.jpeg?fit=610%2C380\" data-orig-size=\"610,380\" data-comments-opened=\"0\" data-image-meta=\"{&quot;aperture&quot;:&quot;0&quot;,&quot;credit&quot;:&quot;&quot;,&quot;camera&quot;:&quot;&quot;,&quot;caption&quot;:&quot;&quot;,&quot;created_timestamp&quot;:&quot;0&quot;,&quot;copyright&quot;:&quot;&quot;,&quot;focal_length&quot;:&quot;0&quot;,&quot;iso&quot;:&quot;0&quot;,&quot;shutter_speed&quot;:&quot;0&quot;,&quot;title&quot;:&quot;&quot;,&quot;orientation&quot;:&quot;0&quot;}\" data-image-title=\"image-59\" data-image-description=\"\" data-image-caption=\"\" data-medium-file=\"https:\/\/i0.wp.com\/blogdalucianaoliveira.com.br\/blog\/wp-content\/uploads\/2020\/06\/image-59.jpeg?fit=300%2C187\" data-large-file=\"https:\/\/i0.wp.com\/blogdalucianaoliveira.com.br\/blog\/wp-content\/uploads\/2020\/06\/image-59.jpeg?fit=600%2C374\" src=\"https:\/\/i0.wp.com\/blogdalucianaoliveira.com.br\/blog\/wp-content\/uploads\/2020\/06\/image-59.jpeg?resize=600%2C374\" alt=\"\" class=\"wp-image-28855\" srcset=\"https:\/\/i0.wp.com\/blogdalucianaoliveira.com.br\/blog\/wp-content\/uploads\/2020\/06\/image-59.jpeg?w=610 610w, https:\/\/i0.wp.com\/blogdalucianaoliveira.com.br\/blog\/wp-content\/uploads\/2020\/06\/image-59.jpeg?resize=300%2C187 300w, https:\/\/i0.wp.com\/blogdalucianaoliveira.com.br\/blog\/wp-content\/uploads\/2020\/06\/image-59.jpeg?resize=482%2C300 482w\" sizes=\"auto, (max-width: 600px) 100vw, 600px\" \/><\/figure>\n\n\n\n<p><strong>BRAS\u00cdLIA (Reuters)<\/strong>&nbsp;&#8211; Sete grandes empresas de investimento europeias disseram \u00e0 Reuters que desinvestir\u00e3o em produtores de carne, operadoras de gr\u00e3os e at\u00e9 em t\u00edtulos do governo do Brasil se n\u00e3o virem progresso rumo a uma solu\u00e7\u00e3o para a destrui\u00e7\u00e3o crescente da Floresta Amaz\u00f4nica.<\/p>\n\n\n\n<!--more-->\n\n\n\n<p>As amea\u00e7as cada vez maiores de investidores com mais de 2 trilh\u00f5es de d\u00f3lares em ativos administrados, como o finland\u00eas Nordea e a brit\u00e2nica Legal &amp; General Investment Management (LGIM), mostram como o setor privado est\u00e1 adotando a\u00e7\u00f5es globais para proteger a maior floresta tropical do mundo.<\/p>\n\n\n\n<p>O presidente brasileiro, Jair Bolsonaro, d\u00e1 de ombros para a press\u00e3o diplom\u00e1tica a respeito da quest\u00e3o.<\/p>\n\n\n\n<p>O desmatamento na Amaz\u00f4nia brasileira atingiu uma m\u00e1xima de 11 anos em 2019, o primeiro ano de Bolsonaro no cargo, e aumentou outros 34% nos cinco primeiros meses de 2020, de acordo com dados preliminares do Instituto Nacional de Pesquisas Espaciais (Inpe). O presidente afrouxou as prote\u00e7\u00f5es ambientais e pediu mais minera\u00e7\u00e3o e agricultura na regi\u00e3o amaz\u00f4nica.<\/p>\n\n\n\n<p>\u201cAs tend\u00eancias que vemos no Brasil s\u00e3o muito preocupantes\u201d, disse Daniela da Costa-Bulthuis, gerente de portf\u00f3lio para o Brasil da empresa de gerenciamento de ativos holandesa Robeco. \u201cVoc\u00ea tem um desmantelamento dos mecanismos regulat\u00f3rios de controle ambiental desde o ano passado\u201d.<\/p>\n\n\n\n<p>A assessoria de imprensa de Bolsonaro n\u00e3o quis comentar as preocupa\u00e7\u00f5es dos investidores. Ele defendeu o hist\u00f3rico ambiental do pa\u00eds de cr\u00edticas de l\u00edderes mundiais no ano passado enquanto inc\u00eandios devastadores na Amaz\u00f4nia causavam revolta global. At\u00e9 agora, a press\u00e3o corporativa se mostrou mais eficiente para fazer Bras\u00edlia voltar as aten\u00e7\u00f5es ao meio ambiente.<\/p>\n\n\n\n<p>Um projeto de lei proposto originalmente por Bolsonaro para conceder t\u00edtulos de propriedade para terras p\u00fablicas assentadas irregularmente, uma medida vista como um incentivo ao desmatamento, n\u00e3o passou em uma vota\u00e7\u00e3o em maio e foi adiada por tempo indeterminado depois que mais de 40 empresas majoritariamente europeias amea\u00e7aram boicotar exporta\u00e7\u00f5es brasileiras.<\/p>\n\n\n\n<p><strong>QUESTIONAMENTOS<\/strong><\/p>\n\n\n\n<p>Em setembro, 230 investidores institucionais assinaram uma carta pedindo a\u00e7\u00f5es urgentes para combater os inc\u00eandios em crescimento na Floresta Amaz\u00f4nica, capturando a aten\u00e7\u00e3o mundial.<\/p>\n\n\n\n<p>Mas as sete empresas de gerenciamento de ativos que conversaram com a Reuters \u2013 Storebrand, AP7, KLP, DNB Asset Management, Robeco, Nordea Asset Management e LGIM \u2013 foram mais longe ao delinear a amea\u00e7a do desinvestimento se n\u00e3o houver avan\u00e7o. Elas det\u00eam mais de 5 bilh\u00f5es de d\u00f3lares em investimentos ligados ao Brasil, incluindo comerciantes de gr\u00e3os com opera\u00e7\u00f5es de vulto no pa\u00eds.<\/p>\n\n\n\n<p>O KLP, o maior fundo de pens\u00e3o da Noruega, disse que est\u00e1 interagindo com Archer Daniels Midland (ADM), Cargill e Bunge e analisando se suas pol\u00edticas ambientais s\u00e3o adequadas.<\/p>\n\n\n\n<p>\u201cSe nossa conclus\u00e3o for negativa, o desinvestimento pode ser o resultado prov\u00e1vel, possivelmente ainda neste ano, e acreditamos que tal a\u00e7\u00e3o levaria outros investidores a seguir nosso exemplo\u201d, disse Jeanett Bergan, chefe de investimentos respons\u00e1veis da KLP, por email.<\/p>\n\n\n\n<p>Em resposta a perguntas sobre o desinvestimento, Bunge e Cargill descreveram uma gama de esfor\u00e7os para acabar com o desmatamento em suas cadeias de suprimento, citando sua ader\u00eancia \u00e0 \u201cMorat\u00f3ria de Soja da Amaz\u00f4nia\u201d.<\/p>\n\n\n\n<p>Neste acordo volunt\u00e1rio, grandes empresas como Cargill, Bunge e ADM prometeram n\u00e3o comprar soja de partes da Amaz\u00f4nia desmatadas desde 2008. A ADM n\u00e3o respondeu a um pedido de coment\u00e1rio.<\/p>\n\n\n\n<p>A empresa de seguros e pens\u00f5es norueguesa Storebrand e o maior fundo nacional de pens\u00f5es sueco, AP7, tamb\u00e9m disseram que podem desinvestir na ADM e na Bunge se estas n\u00e3o adotarem medidas apropriadas para combater o desmatamento.<\/p>\n\n\n\n<p>Tamb\u00e9m norueguesa, a DNB Asset Management AS disse que os fundos de \u00edndices que administra, que inclui ativos da Bunge, podem excluir companhias que n\u00e3o cumpram seus padr\u00f5es de sustentabilidade.<\/p>\n\n\n\n<p>Outras firmas de investimento mencionaram preocupa\u00e7\u00f5es relacionadas aos processadores de carne brasileiros, que j\u00e1 foram alvo de questionamentos por obter carne de \u00e1reas desmatadas da Amaz\u00f4nia.<\/p>\n\n\n\n<p>A LGIM est\u00e1 pressionando empresas brasileiras, como a JBS, a maior processadora de carne do mundo, e as rivais menores Marfrig e Minerva a adotarem \u201cmetas clim\u00e1ticas robustas e pol\u00edticas de uso de terras, e a ina\u00e7\u00e3o pode levar \u00e0 vota\u00e7\u00e3o de san\u00e7\u00f5es e a desinvestimentos direcionados\u201d, disse Yasmine Svan, analista s\u00eanior de sustentabilidade da LGIM, em um comunicado enviado por email.<\/p>\n\n\n\n<p>JBS, Minerva e Marfrig disseram em comunicados separados que est\u00e3o comprometidas a eliminar o desmatamento amaz\u00f4nico em suas cadeias de suprimento e detalharam suas iniciativas.<\/p>\n\n\n\n<p><strong>DEPOIS DA \u201cQUARENTENA\u201d<\/strong><\/p>\n\n\n\n<p>O bra\u00e7o de gerenciamento de ativos do Nordea, um dos maiores bancos dos pa\u00edses n\u00f3rdicos, suspendeu a compra de t\u00edtulos da d\u00edvida soberana brasileira no ano passado em rea\u00e7\u00e3o aos inc\u00eandios florestais, colocando seus cerca de 100 milh\u00f5es de euros investidos nestes pap\u00e9is em \u201cquarentena\u201d.<\/p>\n\n\n\n<p>Thede Ruest, respons\u00e1vel por d\u00edvidas de mercados emergentes da Nordea Asset Management, disse que a empresa pode ir mais longe.<\/p>\n\n\n\n<p>\u201cO pr\u00f3ximo n\u00edvel da escalada em rela\u00e7\u00e3o \u00e0 quarentena \u00e9 vender nossos t\u00edtulos governamentais do Brasil, o que poderia levar outros fundos a seguir o exemplo\u201d, disse Ruest. \u201cEstamos decepcionados com a falta de progresso da gest\u00e3o atual, j\u00e1 que as taxas de desmatamento continuam a subir antes de outra grande temporada de inc\u00eandios\u201d.<\/p>\n\n\n\n<p>Da Costa-Bulthuis, da Robeco, que administra ao menos 3 bilh\u00f5es de euros em a\u00e7\u00f5es brasileiras e at\u00e9 5 bilh\u00f5es de euros quando inclu\u00eddos t\u00edtulos da d\u00edvida e outros, n\u00e3o quis comentar sobre ativos espec\u00edficos, mas disse que a firma pode reduzir sua exposi\u00e7\u00e3o ao Brasil se seu desempenho ambiental se deteriorar mais.<\/p>\n\n\n\n<p>Da Costa-Bulthuis, assim como Svan, da LGIM, e Ruest, da Nordea, expressaram alarme com o v\u00eddeo recente de uma reuni\u00e3o de gabinete de Bolsonaro que uma investiga\u00e7\u00e3o federal trouxe \u00e0 tona.<\/p>\n\n\n\n<p>Na grava\u00e7\u00e3o, o ministro do Meio Ambiente, Ricardo Salles, sugeriu a Bolsonaro e a outros ministros que o governo deveria acelerar a desregulamenta\u00e7\u00e3o ambiental enquanto o p\u00fablico est\u00e1 distra\u00eddo pela pandemia de coronav\u00edrus.<\/p>\n\n\n\n<p>\u201cEle est\u00e1 trabalhando contra o meio ambiente. O que ele disse \u00e9 inaceit\u00e1vel\u201d, opinou Da Costa-Bulthuis. \u201cSendo eles (o governo) sens\u00edveis ou n\u00e3o a isso, acho que uma maneira de come\u00e7ar seria mudar o ministro do Meio Ambiente, porque este sujeito n\u00e3o tem credibilidade\u201d.<\/p>\n\n\n\n<p>Salles e sua assessoria de imprensa n\u00e3o responderam a pedidos de coment\u00e1rio sobre sua declara\u00e7\u00e3o. \u00c0 \u00e9poca, ele disse que s\u00f3 estava pedindo a redu\u00e7\u00e3o da burocracia desnecess\u00e1ria que cont\u00e9m os investimentos.<\/p>\n\n\n\n<p>No m\u00eas passado, Bolsonaro despachou militares para combater a destrui\u00e7\u00e3o da Amaz\u00f4nia, mas o desmatamento voltou a crescer na compara\u00e7\u00e3o com o ano anterior pelo 13\u00ba m\u00eas seguido.<\/p>\n\n\n\n<p>Da Costa-Bulthuis disse que a mobiliza\u00e7\u00e3o foi \u201co m\u00ednimo\u201d que o governo poderia fazer e que n\u00e3o se trata de uma substitui\u00e7\u00e3o adequada do fortalecimento de ag\u00eancias especializadas na vigil\u00e2ncia ambiental.<\/p>\n","protected":false},"excerpt":{"rendered":"<p>BRAS\u00cdLIA (Reuters)&nbsp;&#8211; Sete grandes empresas de investimento europeias disseram \u00e0 Reuters que desinvestir\u00e3o em produtores de carne, operadoras de gr\u00e3os e at\u00e9 em t\u00edtulos do governo do Brasil se n\u00e3o virem progresso rumo a uma solu\u00e7\u00e3o para a destrui\u00e7\u00e3o crescente da Floresta Amaz\u00f4nica.<\/p>\n","protected":false},"author":1,"featured_media":0,"comment_status":"closed","ping_status":"open","sticky":false,"template":"","format":"standard","meta":{"_exactmetrics_skip_tracking":false,"_exactmetrics_sitenote_active":false,"_exactmetrics_sitenote_note":"","_exactmetrics_sitenote_category":0,"jetpack_post_was_ever_published":false,"_jetpack_newsletter_access":"","_jetpack_dont_email_post_to_subs":false,"_jetpack_newsletter_tier_id":0,"_jetpack_memberships_contains_paywalled_content":false,"_jetpack_memberships_contains_paid_content":false,"footnotes":"","jetpack_publicize_message":"","jetpack_publicize_feature_enabled":true,"jetpack_social_post_already_shared":true,"jetpack_social_options":{"image_generator_settings":{"template":"highway","enabled":false},"version":2}},"categories":[1],"tags":[],"class_list":["post-28854","post","type-post","status-publish","format-standard","hentry","category-notas"],"jetpack_publicize_connections":[],"jetpack_sharing_enabled":true,"jetpack_featured_media_url":"","jetpack_shortlink":"https:\/\/wp.me\/p7wKYW-7vo","jetpack-related-posts":[],"_links":{"self":[{"href":"http:\/\/blogdalucianaoliveira.com.br\/blog\/wp-json\/wp\/v2\/posts\/28854","targetHints":{"allow":["GET"]}}],"collection":[{"href":"http:\/\/blogdalucianaoliveira.com.br\/blog\/wp-json\/wp\/v2\/posts"}],"about":[{"href":"http:\/\/blogdalucianaoliveira.com.br\/blog\/wp-json\/wp\/v2\/types\/post"}],"author":[{"embeddable":true,"href":"http:\/\/blogdalucianaoliveira.com.br\/blog\/wp-json\/wp\/v2\/users\/1"}],"replies":[{"embeddable":true,"href":"http:\/\/blogdalucianaoliveira.com.br\/blog\/wp-json\/wp\/v2\/comments?post=28854"}],"version-history":[{"count":1,"href":"http:\/\/blogdalucianaoliveira.com.br\/blog\/wp-json\/wp\/v2\/posts\/28854\/revisions"}],"predecessor-version":[{"id":28856,"href":"http:\/\/blogdalucianaoliveira.com.br\/blog\/wp-json\/wp\/v2\/posts\/28854\/revisions\/28856"}],"wp:attachment":[{"href":"http:\/\/blogdalucianaoliveira.com.br\/blog\/wp-json\/wp\/v2\/media?parent=28854"}],"wp:term":[{"taxonomy":"category","embeddable":true,"href":"http:\/\/blogdalucianaoliveira.com.br\/blog\/wp-json\/wp\/v2\/categories?post=28854"},{"taxonomy":"post_tag","embeddable":true,"href":"http:\/\/blogdalucianaoliveira.com.br\/blog\/wp-json\/wp\/v2\/tags?post=28854"}],"curies":[{"name":"wp","href":"https:\/\/api.w.org\/{rel}","templated":true}]}}