{"id":28858,"date":"2020-06-19T19:25:49","date_gmt":"2020-06-19T23:25:49","guid":{"rendered":"http:\/\/blogdalucianaoliveira.com.br\/blog\/?p=28858"},"modified":"2020-06-19T19:25:58","modified_gmt":"2020-06-19T23:25:58","slug":"filha-de-queiroz-diz-que-bolsonaro-arruinou-sua-vida-e-que-ela-e-seu-pai-foram-usados","status":"publish","type":"post","link":"http:\/\/blogdalucianaoliveira.com.br\/blog\/2020\/06\/19\/filha-de-queiroz-diz-que-bolsonaro-arruinou-sua-vida-e-que-ela-e-seu-pai-foram-usados\/","title":{"rendered":"Filha de Queiroz diz que Bolsonaro arruinou sua vida e que ela e seu pai foram \u201cusados\u201d"},"content":{"rendered":"\n<figure class=\"wp-block-image size-large\"><img data-recalc-dims=\"1\" loading=\"lazy\" decoding=\"async\" width=\"488\" height=\"275\" data-attachment-id=\"28859\" data-permalink=\"http:\/\/blogdalucianaoliveira.com.br\/blog\/2020\/06\/19\/filha-de-queiroz-diz-que-bolsonaro-arruinou-sua-vida-e-que-ela-e-seu-pai-foram-usados\/image-60-7\/\" data-orig-file=\"https:\/\/i0.wp.com\/blogdalucianaoliveira.com.br\/blog\/wp-content\/uploads\/2020\/06\/image-60.jpeg?fit=488%2C275\" data-orig-size=\"488,275\" data-comments-opened=\"0\" data-image-meta=\"{&quot;aperture&quot;:&quot;0&quot;,&quot;credit&quot;:&quot;&quot;,&quot;camera&quot;:&quot;&quot;,&quot;caption&quot;:&quot;&quot;,&quot;created_timestamp&quot;:&quot;0&quot;,&quot;copyright&quot;:&quot;&quot;,&quot;focal_length&quot;:&quot;0&quot;,&quot;iso&quot;:&quot;0&quot;,&quot;shutter_speed&quot;:&quot;0&quot;,&quot;title&quot;:&quot;&quot;,&quot;orientation&quot;:&quot;0&quot;}\" data-image-title=\"image-60\" data-image-description=\"\" data-image-caption=\"\" data-medium-file=\"https:\/\/i0.wp.com\/blogdalucianaoliveira.com.br\/blog\/wp-content\/uploads\/2020\/06\/image-60.jpeg?fit=300%2C169\" data-large-file=\"https:\/\/i0.wp.com\/blogdalucianaoliveira.com.br\/blog\/wp-content\/uploads\/2020\/06\/image-60.jpeg?fit=488%2C275\" src=\"https:\/\/i0.wp.com\/blogdalucianaoliveira.com.br\/blog\/wp-content\/uploads\/2020\/06\/image-60.jpeg?resize=488%2C275\" alt=\"\" class=\"wp-image-28859\" srcset=\"https:\/\/i0.wp.com\/blogdalucianaoliveira.com.br\/blog\/wp-content\/uploads\/2020\/06\/image-60.jpeg?w=488 488w, https:\/\/i0.wp.com\/blogdalucianaoliveira.com.br\/blog\/wp-content\/uploads\/2020\/06\/image-60.jpeg?resize=300%2C169 300w\" sizes=\"auto, (max-width: 488px) 100vw, 488px\" \/><\/figure>\n\n\n\n<p><strong>247 &#8211;&nbsp;<\/strong>A personal trainer Nathalia Melo de Queiroz, filha mais velha de Fabr\u00edcio Queiroz, teve sua carreira prejudicada pelos esc\u00e2ndalos envolvendo seu pai e a fam\u00edlia Bolsonaro.&nbsp;<\/p>\n\n\n\n<!--more-->\n\n\n\n<p>Ela \u00e9 integrante da equipe de Chico Salgado, que treina famosos como Bruno Gagliasso e Bruna Marquezine, mas acabou perdendo clientes ap\u00f3s a den\u00fancia sobre a \u201crachadinha\u201d na Alerj. As informa\u00e7\u00f5es s\u00e3o da<a href=\"https:\/\/noticias.uol.com.br\/colunas\/thais-oyama\/2020\/06\/19\/o-fio-desencapado-nao-e-queiroz-mas-sua-filha-nathalia.htm\">&nbsp;colunista Tha\u00eds Oyama<\/a>, no Uol.<\/p>\n\n\n\n<p>\u201cH\u00e1 cerca de oito meses, Nath\u00e1lia \u2018explodiu\u2019\u201d, diz a colunista. A filha de Queiroz fez chegar \u00e0 fam\u00edlia Bolsonaro mensagens de que sua vida estava arruinada e de que ela e seu pai haviam sido \u201cusados\u201d por Jair Bolsonaro. Ela tamb\u00e9m foi assessor da Fl\u00e1vio Bolsonaro na Alerj, mas diz que nunca colocou \u201cum centavo no bolso\u201d.<\/p>\n\n\n\n<p>Os ataques de Nathalia obrigou os Bolsonaro a enviar uma equipe para acalm\u00e1-la em sua casa no Rio de Janeiro.<\/p>\n\n\n\n<p>Ela parece ter trabalhado no gabinete de Fl\u00e1vio Bolsonaro a pedido do pai. Nas redes sociais, ela demonstra posicionamento contra o governo, tendo publicado uma arte de \u201cprofessora antifascista\u201d.<\/p>\n\n\n\n<p><\/p>\n","protected":false},"excerpt":{"rendered":"<p>247 &#8211;&nbsp;A personal trainer Nathalia Melo de Queiroz, filha mais velha de Fabr\u00edcio Queiroz, teve sua carreira prejudicada pelos esc\u00e2ndalos envolvendo seu pai e a fam\u00edlia Bolsonaro.&nbsp;<\/p>\n","protected":false},"author":1,"featured_media":0,"comment_status":"closed","ping_status":"open","sticky":false,"template":"","format":"standard","meta":{"_exactmetrics_skip_tracking":false,"_exactmetrics_sitenote_active":false,"_exactmetrics_sitenote_note":"","_exactmetrics_sitenote_category":0,"jetpack_post_was_ever_published":false,"_jetpack_newsletter_access":"","_jetpack_dont_email_post_to_subs":false,"_jetpack_newsletter_tier_id":0,"_jetpack_memberships_contains_paywalled_content":false,"_jetpack_memberships_contains_paid_content":false,"footnotes":"","jetpack_publicize_message":"","jetpack_publicize_feature_enabled":true,"jetpack_social_post_already_shared":true,"jetpack_social_options":{"image_generator_settings":{"template":"highway","enabled":false},"version":2}},"categories":[1],"tags":[],"class_list":["post-28858","post","type-post","status-publish","format-standard","hentry","category-notas"],"jetpack_publicize_connections":[],"jetpack_sharing_enabled":true,"jetpack_featured_media_url":"","jetpack_shortlink":"https:\/\/wp.me\/p7wKYW-7vs","jetpack-related-posts":[],"_links":{"self":[{"href":"http:\/\/blogdalucianaoliveira.com.br\/blog\/wp-json\/wp\/v2\/posts\/28858","targetHints":{"allow":["GET"]}}],"collection":[{"href":"http:\/\/blogdalucianaoliveira.com.br\/blog\/wp-json\/wp\/v2\/posts"}],"about":[{"href":"http:\/\/blogdalucianaoliveira.com.br\/blog\/wp-json\/wp\/v2\/types\/post"}],"author":[{"embeddable":true,"href":"http:\/\/blogdalucianaoliveira.com.br\/blog\/wp-json\/wp\/v2\/users\/1"}],"replies":[{"embeddable":true,"href":"http:\/\/blogdalucianaoliveira.com.br\/blog\/wp-json\/wp\/v2\/comments?post=28858"}],"version-history":[{"count":1,"href":"http:\/\/blogdalucianaoliveira.com.br\/blog\/wp-json\/wp\/v2\/posts\/28858\/revisions"}],"predecessor-version":[{"id":28860,"href":"http:\/\/blogdalucianaoliveira.com.br\/blog\/wp-json\/wp\/v2\/posts\/28858\/revisions\/28860"}],"wp:attachment":[{"href":"http:\/\/blogdalucianaoliveira.com.br\/blog\/wp-json\/wp\/v2\/media?parent=28858"}],"wp:term":[{"taxonomy":"category","embeddable":true,"href":"http:\/\/blogdalucianaoliveira.com.br\/blog\/wp-json\/wp\/v2\/categories?post=28858"},{"taxonomy":"post_tag","embeddable":true,"href":"http:\/\/blogdalucianaoliveira.com.br\/blog\/wp-json\/wp\/v2\/tags?post=28858"}],"curies":[{"name":"wp","href":"https:\/\/api.w.org\/{rel}","templated":true}]}}