{"id":28861,"date":"2020-06-19T19:38:39","date_gmt":"2020-06-19T23:38:39","guid":{"rendered":"http:\/\/blogdalucianaoliveira.com.br\/blog\/?p=28861"},"modified":"2020-06-19T19:38:51","modified_gmt":"2020-06-19T23:38:51","slug":"oms-alerta-que-a-pandemia-do-coronavirus-se-acelera-e-agora-seu-epicentro-esta-na-america","status":"publish","type":"post","link":"http:\/\/blogdalucianaoliveira.com.br\/blog\/2020\/06\/19\/oms-alerta-que-a-pandemia-do-coronavirus-se-acelera-e-agora-seu-epicentro-esta-na-america\/","title":{"rendered":"OMS alerta que a pandemia do coronav\u00edrus \u201cse acelera\u201d e agora seu epicentro est\u00e1 na Am\u00e9rica"},"content":{"rendered":"\n<figure class=\"wp-block-image size-large\"><img data-recalc-dims=\"1\" loading=\"lazy\" decoding=\"async\" width=\"600\" height=\"409\" data-attachment-id=\"28862\" data-permalink=\"http:\/\/blogdalucianaoliveira.com.br\/blog\/2020\/06\/19\/oms-alerta-que-a-pandemia-do-coronavirus-se-acelera-e-agora-seu-epicentro-esta-na-america\/image-61-7\/\" data-orig-file=\"https:\/\/i0.wp.com\/blogdalucianaoliveira.com.br\/blog\/wp-content\/uploads\/2020\/06\/image-61.jpeg?fit=640%2C436\" data-orig-size=\"640,436\" data-comments-opened=\"0\" data-image-meta=\"{&quot;aperture&quot;:&quot;0&quot;,&quot;credit&quot;:&quot;&quot;,&quot;camera&quot;:&quot;&quot;,&quot;caption&quot;:&quot;&quot;,&quot;created_timestamp&quot;:&quot;0&quot;,&quot;copyright&quot;:&quot;&quot;,&quot;focal_length&quot;:&quot;0&quot;,&quot;iso&quot;:&quot;0&quot;,&quot;shutter_speed&quot;:&quot;0&quot;,&quot;title&quot;:&quot;&quot;,&quot;orientation&quot;:&quot;0&quot;}\" data-image-title=\"image-61\" data-image-description=\"\" data-image-caption=\"\" data-medium-file=\"https:\/\/i0.wp.com\/blogdalucianaoliveira.com.br\/blog\/wp-content\/uploads\/2020\/06\/image-61.jpeg?fit=300%2C204\" data-large-file=\"https:\/\/i0.wp.com\/blogdalucianaoliveira.com.br\/blog\/wp-content\/uploads\/2020\/06\/image-61.jpeg?fit=600%2C409\" src=\"https:\/\/i0.wp.com\/blogdalucianaoliveira.com.br\/blog\/wp-content\/uploads\/2020\/06\/image-61.jpeg?resize=600%2C409\" alt=\"\" class=\"wp-image-28862\" srcset=\"https:\/\/i0.wp.com\/blogdalucianaoliveira.com.br\/blog\/wp-content\/uploads\/2020\/06\/image-61.jpeg?w=640 640w, https:\/\/i0.wp.com\/blogdalucianaoliveira.com.br\/blog\/wp-content\/uploads\/2020\/06\/image-61.jpeg?resize=300%2C204 300w, https:\/\/i0.wp.com\/blogdalucianaoliveira.com.br\/blog\/wp-content\/uploads\/2020\/06\/image-61.jpeg?resize=440%2C300 440w\" sizes=\"auto, (max-width: 600px) 100vw, 600px\" \/><\/figure>\n\n\n\n<p>Mundo registra mais de 150.000 novos casos confirmados em um dia, a maior cifra alcan\u00e7ada at\u00e9 agora em 24 horas.<\/p>\n\n\n\n<!--more-->\n\n\n\n<p>El Pa\u00eds, <a href=\"https:\/\/brasil.elpais.com\/autor\/carlos-salinas\/\">CARLOS SALINAS<\/a>|<a href=\"https:\/\/brasil.elpais.com\/autor\/oriol-guell\/\">ORIOL G\u00dcELL<\/a><\/p>\n\n\n\n<p><a rel=\"noreferrer noopener\" href=\"https:\/\/twitter.com\/oriolgd\" target=\"_blank\"><\/a>Cidade Do M\u00e9xico \/ Barcelona\u00a0<\/p>\n\n\n\n<p><\/p>\n\n\n\n<p>A pandemia do novo coronav\u00edrus est\u00e1 longe de refluir. Impulsionada pela\u00a0<a rel=\"noreferrer noopener\" href=\"https:\/\/brasil.elpais.com\/sociedade\/2020-05-24\/crise-do-coronavirus-se-acelera-no-brasil-e-faz-america-latina-concentrar-metade-dos-casos-no-mundo.html\" target=\"_blank\">dissemina\u00e7\u00e3o do pat\u00f3geno na Am\u00e9rica<\/a>\u00a0e pelos constantes surtos em pa\u00edses que j\u00e1 sofreram a primeira onda da doen\u00e7a, como China e Alemanha, a maior crise de sa\u00fade do \u00faltimo s\u00e9culo permanece no centro das preocupa\u00e7\u00f5es da\u00a0<a rel=\"noreferrer noopener\" href=\"https:\/\/brasil.elpais.com\/noticias\/oms-organizacion-mundial-salud\/\" target=\"_blank\">Organiza\u00e7\u00e3o Mundial da Sa\u00fade (OMS)<\/a>.<\/p>\n\n\n\n<p>&#8220;A pandemia est\u00e1 se acelerando&#8221;, alertou nesta sexta-feira o diretor geral da organiza\u00e7\u00e3o, Tedros Adhanom Ghebreyesus. Nesta quinta-feira foram registrados 150.000 cont\u00e1gios no mundo, o n\u00famero mais alto em um dia at\u00e9 agora. Quase metade foi na Am\u00e9rica. At\u00e9 agora, cerca de 8,5 milh\u00f5es de pessoas foram infectadas em todo o mundo e mais de 454.000 morreram, segundo o \u00faltimo balan\u00e7o da Universidade Johns Hopkins. &#8220;O mundo est\u00e1 entrando em uma nova fase perigosa&#8221;, alertou Ghebreyesus. &#8220;O v\u00edrus ainda est\u00e1 se espalhando de forma r\u00e1pida, ainda causa mortes e a maioria da popula\u00e7\u00e3o n\u00e3o est\u00e1 imunizada&#8221;, acrescentou o diretor da entidade.<\/p>\n\n\n\n<p>A OMS alertou nesta sexta-feira para um aumento de casos e mortes por&nbsp;<a href=\"https:\/\/brasil.elpais.com\/noticias\/covid-19\/\" target=\"_blank\" rel=\"noreferrer noopener\">covid-19<\/a>&nbsp;na Am\u00e9rica, a regi\u00e3o que se tornou o epicentro da pandemia. A organiza\u00e7\u00e3o teme que, em vez de as curvas epidemiol\u00f3gicas do continente se achatarem, tenha ocorrido um aumento nas \u00faltimas horas, com aten\u00e7\u00e3o especial ao Brasil, o pa\u00eds latino-americano mais afetado pela covid-19 e onde seu presidente, o ultraconservador Jair Bolsonaro, mant\u00e9m um&nbsp;<a href=\"https:\/\/brasil.elpais.com\/brasil\/2020-06-16\/brasil-amplia-polemico-protocolo-da-cloroquina-para-gravidas-e-criancas-na-contramao-dos-eua.html\" target=\"_blank\" rel=\"noreferrer noopener\">discurso de nega\u00e7\u00e3o<\/a>&nbsp;das conseq\u00fc\u00eancias da pandemia.<\/p>\n\n\n\n<p>Dados da Universidade Johns Hopkins mostram que h\u00e1 mais de quatro milh\u00f5es de infectados no continente e um total de 213.044 mortes. As estat\u00edsticas da OMS revelam que no Brasil houve o registro de 34.918 infec\u00e7\u00f5es por covid-19 e 1.282 mortes entre quarta e quinta-feira, elevando o total para 955.377 casos confirmados e 46.510 mortes, as cifras mais elevadas na Am\u00e9rica Latina. \u201cContinuaremos com esses n\u00fameros por algum tempo\u201d, disse Alexandre Naime, chefe de Infectologia da Universidade Estadual Paulista (Unesp), em declara\u00e7\u00f5es citadas pela Efe.<\/p>\n\n\n\n<p>O outro pa\u00eds mais afetado pela pandemia \u00e9 os Estados Unidos, imersos em uma efervesc\u00eancia de\u00a0<a rel=\"noreferrer noopener\" href=\"https:\/\/brasil.elpais.com\/internacional\/2020-06-17\/homem-e-ferido-a-tiros-durante-manifestacao-antirracista-no-novo-mexico.html\" target=\"_blank\">manifesta\u00e7\u00f5es de protestos por abusos policiais<\/a>\u00a0contra a popula\u00e7\u00e3o afro-americana. A OMS registra nos \u00faltimos dois dias 27.921 novos casos positivos e 722 mortes. Os Estados Unidos somam 2.149.166 de cont\u00e1gios confirmados e 117.472 mortes. Estados como a Calif\u00f3rnia mant\u00eam altos n\u00edveis de cont\u00e1gio e nesta quarta-feira registraram um novo recorde di\u00e1rio, com 4.000 novos casos. Em meio a um confronto pol\u00edtico entre os Estados e o Governo federal pela abertura econ\u00f4mica, o governador do Estado, Gavin Newsom, ordenou nesta quinta-feira que a popula\u00e7\u00e3o use m\u00e1scaras tanto ao sair de casa como em locais p\u00fablicos fechados, relata\u00a0<em>The New York Times<\/em>. Uma decis\u00e3o contr\u00e1ria ao que faz o presidente Donald Trump, que se recusa a usar uma m\u00e1scara, apesar das recomenda\u00e7\u00f5es dos especialistas.<\/p>\n\n\n\n<p>Na quarta-feira, o Chile registrou o maior aumento de casos desde que as autoridades alertaram para as primeiras infec\u00e7\u00f5es. Por causa da demora no processo de atualiza\u00e7\u00e3o de dados, as autoridades adicionaram 31.412 novos cont\u00e1gios \u00e0s suas estat\u00edsticas, elevando o total para 225.103 casos e 3.615 mortes. O pa\u00eds imp\u00f4s duras medidas sanit\u00e1rias em um esfor\u00e7o para conter a propaga\u00e7\u00e3o do v\u00edrus. Nesta sexta-feira, o procurador nacional, Jorge Abbott, anunciou o endurecimento das penalidades para quem n\u00e3o cumprir as orienta\u00e7\u00f5es. Na ter\u00e7a-feira, o Senado chileno aumentou a pena de pris\u00e3o para quem infringe as normas de sa\u00fade de 61 dias para tr\u00eas anos, al\u00e9m de multas que podem chegar a 12 milh\u00f5es de pesos chilenos, aproximadamente 500.000 d\u00f3lares. &#8220;Vamos ser implac\u00e1veis&#8221;, disse Abbott.<\/p>\n\n\n\n<p>A OMS tamb\u00e9m est\u00e1 preocupada com a situa\u00e7\u00e3o no M\u00e9xico, onde o presidente&nbsp;<a href=\"https:\/\/brasil.elpais.com\/noticias\/andres-manuel-lopez-obrador\/\" target=\"_blank\" rel=\"noreferrer noopener\">Andr\u00e9s Manuel L\u00f3pez Obrador<\/a>&nbsp;declarou em diferentes ocasi\u00f5es que seu pa\u00eds \u201cdomou\u201d a curva de cont\u00e1gio. As estat\u00edsticas da ag\u00eancia mostram que entre ter\u00e7a e quarta-feira houve uma \u201cescalada preocupante\u201d, relata a Efe. Na quinta-feira, 5.662 novas infec\u00e7\u00f5es foram registradas no M\u00e9xico, elevando o total para 165.455 casos confirmados e 19.747 mortes. Muitas \u00e1reas do pa\u00eds ainda est\u00e3o com o sinal vermelho, que \u00e9 a refer\u00eancia estabelecida pelas autoridades de sa\u00fade para alertar que a possibilidade de cont\u00e1gio permanece alta. Em raz\u00e3o de um discurso amb\u00edguo, em que se repetiu que n\u00e3o seriam tomadas medidas severas contra quem descumprisse as medidas de restri\u00e7\u00e3o, a popula\u00e7\u00e3o tem retomado as atividades p\u00fablicas.<\/p>\n\n\n\n<p>A Organiza\u00e7\u00e3o Pan-Americana da Sa\u00fade (OPAS) \u2015o bra\u00e7o da OMS no continente\u2015 tamb\u00e9m expressou preocupa\u00e7\u00e3o com o caso da Nicar\u00e1gua, pois seu presidente, Daniel Ortega,&nbsp;<a href=\"https:\/\/brasil.elpais.com\/internacional\/2020-04-16\/daniel-ortega-reaparece-apos-34-dias-e-volta-a-minimizar-o-impacto-da-pandemia-na-nicaragua.html\" target=\"_blank\" rel=\"noreferrer noopener\">inicialmente fez pouco caso do impacto da pandemia<\/a>&nbsp;e ordenou que seus seguidores sa\u00edssem pelas ruas de Man\u00e1gua sob o lema \u201cAmor nos tempos da Covid\u201d. M\u00e9dicos locais criticaram a estrat\u00e9gia das autoridades e alertaram para um aumento consider\u00e1vel de mortes e cont\u00e1gios. Essas den\u00fancias fizeram com que o Minist\u00e9rio da Sa\u00fade local demitisse mais de 15 m\u00e9dicos de hospitais p\u00fablicos, por isso, nesta quinta-feira, mais de 90 escritores, encabe\u00e7ados pelo Pr\u00eamio Nobel Mario Vargas Llosa encaminharam uma carta a Ortega e sua mulher, a vice-presidenta Rosario Murillo, em que exigem a reintegra\u00e7\u00e3o do pessoal m\u00e9dico.<\/p>\n\n\n\n<p>\u201cSeu pa\u00eds tem o maior recorde de mortes de enfermeiros na Am\u00e9rica Central. Mesmo com esse alto risco, o pessoal da sa\u00fade continua a prestar servi\u00e7os, apesar das condi\u00e7\u00f5es inadequadas. Que em vez de agradecimentos recebam cartas de demiss\u00e3o injustificadas, nos obriga a al\u00e7ar a voz em solidariedade a eles e ao povo da Nicar\u00e1gua\u201d, diz a carta, que, entre outras personalidades, \u00e9 assinada por Salman Rushdie, \u00c1ngeles Mastretta, Almudena Grandes, John Carlin, H\u00e9ctor Abad Faciolince, Guadalupe Nettel e a atriz Julie Christie.<\/p>\n\n\n\n<p>No restante do mundo, a Alemanha \u00e9 o pa\u00eds que registrou&nbsp;<a href=\"https:\/\/brasil.elpais.com\/sociedade\/2020-06-19\/as-licoes-de-um-novo-surto-de-covid-19-na-alemanha.html\" target=\"_blank\" rel=\"noreferrer noopener\">o maior surto da doen\u00e7a nos \u00faltimos dias<\/a>, com cerca de 700 trabalhadores de um matadouro e uma f\u00e1brica de embalagens da empresa T\u00f6nnies, na Ren\u00e2nia do Norte-Vestf\u00e1lia. O Governo tamb\u00e9m colocou em quarentena outras 700 pessoas em um pr\u00e9dio em G\u00f6ttingen (centro do pa\u00eds), onde houve dezenas de cont\u00e1gios.<\/p>\n\n\n\n<p>J\u00e1 a China considera que&nbsp;<a href=\"https:\/\/brasil.elpais.com\/internacional\/2020-06-18\/china-declara-que-novo-surto-de-covid-em-pequim-foi-controlado.html\" target=\"_blank\" rel=\"noreferrer noopener\">controlou o surto que deixou Pequim em alerta<\/a>, com um total de 183 pessoas infectadas, depois do registro de 25 novos casos. O pa\u00eds agora est\u00e1 focado em localizar a origem do foco, que os primeiros ind\u00edcios apontam para uma cepa de origem europeia.<\/p>\n\n\n\n<p>Sinais preocupantes tamb\u00e9m v\u00eam de pa\u00edses que at\u00e9 agora vinham conseguindo enfrentar a epidemia de maneira mais benigna, como Portugal. O Governo admite \u201cdificuldades em quebrar as cadeias de transmiss\u00e3o do v\u00edrus\u201d depois de registrar 375 casos em um \u00fanico dia, relata&nbsp;<strong>Javier Mart\u00edn del Barrio<\/strong>.<\/p>\n","protected":false},"excerpt":{"rendered":"<p>Mundo registra mais de 150.000 novos casos confirmados em um dia, a maior cifra alcan\u00e7ada at\u00e9 agora em 24 horas.<\/p>\n","protected":false},"author":1,"featured_media":0,"comment_status":"closed","ping_status":"open","sticky":false,"template":"","format":"standard","meta":{"_exactmetrics_skip_tracking":false,"_exactmetrics_sitenote_active":false,"_exactmetrics_sitenote_note":"","_exactmetrics_sitenote_category":0,"jetpack_post_was_ever_published":false,"_jetpack_newsletter_access":"","_jetpack_dont_email_post_to_subs":false,"_jetpack_newsletter_tier_id":0,"_jetpack_memberships_contains_paywalled_content":false,"_jetpack_memberships_contains_paid_content":false,"footnotes":"","jetpack_publicize_message":"","jetpack_publicize_feature_enabled":true,"jetpack_social_post_already_shared":true,"jetpack_social_options":{"image_generator_settings":{"template":"highway","enabled":false},"version":2}},"categories":[1],"tags":[],"class_list":["post-28861","post","type-post","status-publish","format-standard","hentry","category-notas"],"jetpack_publicize_connections":[],"jetpack_sharing_enabled":true,"jetpack_featured_media_url":"","jetpack_shortlink":"https:\/\/wp.me\/p7wKYW-7vv","jetpack-related-posts":[],"_links":{"self":[{"href":"http:\/\/blogdalucianaoliveira.com.br\/blog\/wp-json\/wp\/v2\/posts\/28861","targetHints":{"allow":["GET"]}}],"collection":[{"href":"http:\/\/blogdalucianaoliveira.com.br\/blog\/wp-json\/wp\/v2\/posts"}],"about":[{"href":"http:\/\/blogdalucianaoliveira.com.br\/blog\/wp-json\/wp\/v2\/types\/post"}],"author":[{"embeddable":true,"href":"http:\/\/blogdalucianaoliveira.com.br\/blog\/wp-json\/wp\/v2\/users\/1"}],"replies":[{"embeddable":true,"href":"http:\/\/blogdalucianaoliveira.com.br\/blog\/wp-json\/wp\/v2\/comments?post=28861"}],"version-history":[{"count":1,"href":"http:\/\/blogdalucianaoliveira.com.br\/blog\/wp-json\/wp\/v2\/posts\/28861\/revisions"}],"predecessor-version":[{"id":28863,"href":"http:\/\/blogdalucianaoliveira.com.br\/blog\/wp-json\/wp\/v2\/posts\/28861\/revisions\/28863"}],"wp:attachment":[{"href":"http:\/\/blogdalucianaoliveira.com.br\/blog\/wp-json\/wp\/v2\/media?parent=28861"}],"wp:term":[{"taxonomy":"category","embeddable":true,"href":"http:\/\/blogdalucianaoliveira.com.br\/blog\/wp-json\/wp\/v2\/categories?post=28861"},{"taxonomy":"post_tag","embeddable":true,"href":"http:\/\/blogdalucianaoliveira.com.br\/blog\/wp-json\/wp\/v2\/tags?post=28861"}],"curies":[{"name":"wp","href":"https:\/\/api.w.org\/{rel}","templated":true}]}}