{"id":28865,"date":"2020-06-20T19:50:21","date_gmt":"2020-06-20T23:50:21","guid":{"rendered":"http:\/\/blogdalucianaoliveira.com.br\/blog\/?p=28865"},"modified":"2020-06-20T19:50:26","modified_gmt":"2020-06-20T23:50:26","slug":"weintraub-acodamento-e-fuga","status":"publish","type":"post","link":"http:\/\/blogdalucianaoliveira.com.br\/blog\/2020\/06\/20\/weintraub-acodamento-e-fuga\/","title":{"rendered":"Weintraub: a\u00e7odamento e fuga"},"content":{"rendered":"\n<figure class=\"wp-block-image size-large\"><img data-recalc-dims=\"1\" loading=\"lazy\" decoding=\"async\" width=\"500\" height=\"240\" data-attachment-id=\"28866\" data-permalink=\"http:\/\/blogdalucianaoliveira.com.br\/blog\/2020\/06\/20\/weintraub-acodamento-e-fuga\/image-62-7\/\" data-orig-file=\"https:\/\/i0.wp.com\/blogdalucianaoliveira.com.br\/blog\/wp-content\/uploads\/2020\/06\/image-62.jpeg?fit=500%2C240\" data-orig-size=\"500,240\" data-comments-opened=\"0\" data-image-meta=\"{&quot;aperture&quot;:&quot;0&quot;,&quot;credit&quot;:&quot;&quot;,&quot;camera&quot;:&quot;&quot;,&quot;caption&quot;:&quot;&quot;,&quot;created_timestamp&quot;:&quot;0&quot;,&quot;copyright&quot;:&quot;&quot;,&quot;focal_length&quot;:&quot;0&quot;,&quot;iso&quot;:&quot;0&quot;,&quot;shutter_speed&quot;:&quot;0&quot;,&quot;title&quot;:&quot;&quot;,&quot;orientation&quot;:&quot;0&quot;}\" data-image-title=\"image-62\" data-image-description=\"\" data-image-caption=\"\" data-medium-file=\"https:\/\/i0.wp.com\/blogdalucianaoliveira.com.br\/blog\/wp-content\/uploads\/2020\/06\/image-62.jpeg?fit=300%2C144\" data-large-file=\"https:\/\/i0.wp.com\/blogdalucianaoliveira.com.br\/blog\/wp-content\/uploads\/2020\/06\/image-62.jpeg?fit=500%2C240\" src=\"https:\/\/i0.wp.com\/blogdalucianaoliveira.com.br\/blog\/wp-content\/uploads\/2020\/06\/image-62.jpeg?resize=500%2C240\" alt=\"\" class=\"wp-image-28866\" srcset=\"https:\/\/i0.wp.com\/blogdalucianaoliveira.com.br\/blog\/wp-content\/uploads\/2020\/06\/image-62.jpeg?w=500 500w, https:\/\/i0.wp.com\/blogdalucianaoliveira.com.br\/blog\/wp-content\/uploads\/2020\/06\/image-62.jpeg?resize=300%2C144 300w\" sizes=\"auto, (max-width: 500px) 100vw, 500px\" \/><\/figure>\n\n\n\n<p>O tempo que decorreu entre a certeza da exonera\u00e7\u00e3o e sua consuma\u00e7\u00e3o n\u00e3o foi para a escolha de substituto, como aventado, mas para dar tempo dele fazer as malas e arquitetar esta escandalosa fuga.<\/p>\n\n\n\n<!--more-->\n\n\n\n<p>No 247<br><\/p>\n\n\n\n<p>Descaradamente o sinistro Abraham Weintraub fugiu do pa\u00eds com o benepl\u00e1cito e at\u00e9 ajuda do governo federal. Os crimes adicionados \u00e0 vasta ficha policial do ex-ministro s\u00e3o v\u00e1rios:<\/p>\n\n\n\n<p>1. Se viajou com passaporte diplom\u00e1tico \u2013 que \u00e9 a conclus\u00e3o mais prov\u00e1vel \u2013 estava em miss\u00e3o oficial, e sua viagem, com detalhes de destino e prop\u00f3sitos, deveria ter sido autorizada e publicada em Di\u00e1rio Oficial, como acontece com todo e qualquer servidor p\u00fablico;<\/p>\n\n\n\n<p>2. Com as restri\u00e7\u00f5es de voos e ingresso de brasileiros nos Estados Unidos, qual foi o meio de transporte usado por ele? Se avi\u00e3o da For\u00e7a A\u00e9rea Brasileira, como tamb\u00e9m parece o mais prov\u00e1vel, remete \u00e0 co-responsabilidade da Presid\u00eancia da Rep\u00fablica em autoriza\u00e7\u00e3o e viabiliza\u00e7\u00e3o de tal ato;<\/p>\n\n\n\n<p>3. Como \u00e9 parte averiguada em dois processos no STF, sua sa\u00edda do pa\u00eds deveria ser devidamente comunicada \u00e0 Justi\u00e7a, com indica\u00e7\u00e3o de endere\u00e7o no exterior e per\u00edodo em que ficar\u00e1 fora. Nada disso foi feito.<\/p>\n\n\n\n<p>4. Crime mais leve, mas n\u00e3o menos constrangedor, afirmou que usaria os pr\u00f3ximos dias para fazer a transi\u00e7\u00e3o para seu sucessor. Uma mentira a mais.<\/p>\n\n\n\n<p>Aquele 18 de junho em foi ele pr\u00f3prio anunciou a sa\u00edda do governo foi uma data marcante. Os Qu\u00edmicos comemoram seu dia e essa foi mais uma das transforma\u00e7\u00f5es havidas, junto com a pris\u00e3o de Fabr\u00edcio Queiroz. Enquanto especulava-se se o operador das rachadinhas seria protagonista de \u2018dela\u00e7\u00e3o premiada\u2019 ou se \u2018queima de arquivo\u2019, vinha a p\u00fablico o estapaf\u00fardio v\u00eddeo em que Weintraub disse o que disse e for\u00e7ava um abra\u00e7o com Bolsonaro. Uma data inesquec\u00edvel na mem\u00f3ria.<\/p>\n\n\n\n<p>Sua sa\u00edda do Minist\u00e9rio da Educa\u00e7\u00e3o \u00e9 comemorada por todos, mas para ser devidamente responsabilizado pelos crimes j\u00e1 praticados, n\u00e3o para fugir de mais essa responsabilidade. O tempo que decorreu entre a certeza da exonera\u00e7\u00e3o e sua consuma\u00e7\u00e3o n\u00e3o foi para a escolha de substituto, como aventado, mas para dar tempo dele fazer as malas e arquitetar esta escandalosa fuga.<\/p>\n\n\n\n<p>Adilson Roberto Gon\u00e7alves, pesquisador da Unesp<\/p>\n\n\n\n<p><\/p>\n","protected":false},"excerpt":{"rendered":"<p>O tempo que decorreu entre a certeza da exonera\u00e7\u00e3o e sua consuma\u00e7\u00e3o n\u00e3o foi para a escolha de substituto, como aventado, mas para dar tempo dele fazer as malas e arquitetar esta escandalosa fuga.<\/p>\n","protected":false},"author":1,"featured_media":0,"comment_status":"closed","ping_status":"open","sticky":false,"template":"","format":"standard","meta":{"_exactmetrics_skip_tracking":false,"_exactmetrics_sitenote_active":false,"_exactmetrics_sitenote_note":"","_exactmetrics_sitenote_category":0,"jetpack_post_was_ever_published":false,"_jetpack_newsletter_access":"","_jetpack_dont_email_post_to_subs":false,"_jetpack_newsletter_tier_id":0,"_jetpack_memberships_contains_paywalled_content":false,"_jetpack_memberships_contains_paid_content":false,"footnotes":"","jetpack_publicize_message":"","jetpack_publicize_feature_enabled":true,"jetpack_social_post_already_shared":true,"jetpack_social_options":{"image_generator_settings":{"template":"highway","enabled":false},"version":2}},"categories":[1],"tags":[],"class_list":["post-28865","post","type-post","status-publish","format-standard","hentry","category-notas"],"jetpack_publicize_connections":[],"jetpack_sharing_enabled":true,"jetpack_featured_media_url":"","jetpack_shortlink":"https:\/\/wp.me\/p7wKYW-7vz","jetpack-related-posts":[],"_links":{"self":[{"href":"http:\/\/blogdalucianaoliveira.com.br\/blog\/wp-json\/wp\/v2\/posts\/28865","targetHints":{"allow":["GET"]}}],"collection":[{"href":"http:\/\/blogdalucianaoliveira.com.br\/blog\/wp-json\/wp\/v2\/posts"}],"about":[{"href":"http:\/\/blogdalucianaoliveira.com.br\/blog\/wp-json\/wp\/v2\/types\/post"}],"author":[{"embeddable":true,"href":"http:\/\/blogdalucianaoliveira.com.br\/blog\/wp-json\/wp\/v2\/users\/1"}],"replies":[{"embeddable":true,"href":"http:\/\/blogdalucianaoliveira.com.br\/blog\/wp-json\/wp\/v2\/comments?post=28865"}],"version-history":[{"count":1,"href":"http:\/\/blogdalucianaoliveira.com.br\/blog\/wp-json\/wp\/v2\/posts\/28865\/revisions"}],"predecessor-version":[{"id":28867,"href":"http:\/\/blogdalucianaoliveira.com.br\/blog\/wp-json\/wp\/v2\/posts\/28865\/revisions\/28867"}],"wp:attachment":[{"href":"http:\/\/blogdalucianaoliveira.com.br\/blog\/wp-json\/wp\/v2\/media?parent=28865"}],"wp:term":[{"taxonomy":"category","embeddable":true,"href":"http:\/\/blogdalucianaoliveira.com.br\/blog\/wp-json\/wp\/v2\/categories?post=28865"},{"taxonomy":"post_tag","embeddable":true,"href":"http:\/\/blogdalucianaoliveira.com.br\/blog\/wp-json\/wp\/v2\/tags?post=28865"}],"curies":[{"name":"wp","href":"https:\/\/api.w.org\/{rel}","templated":true}]}}