{"id":28869,"date":"2020-06-20T22:26:03","date_gmt":"2020-06-21T02:26:03","guid":{"rendered":"http:\/\/blogdalucianaoliveira.com.br\/blog\/?p=28869"},"modified":"2020-06-20T22:26:11","modified_gmt":"2020-06-21T02:26:11","slug":"brasil-chega-a-quase-50-mil-mortes-por-covid-19-neste-sabado-20","status":"publish","type":"post","link":"http:\/\/blogdalucianaoliveira.com.br\/blog\/2020\/06\/20\/brasil-chega-a-quase-50-mil-mortes-por-covid-19-neste-sabado-20\/","title":{"rendered":"Brasil chega a quase 50 mil mortes por covid-19 neste s\u00e1bado (20)"},"content":{"rendered":"\n<figure class=\"wp-block-image\"><img data-recalc-dims=\"1\" decoding=\"async\" src=\"https:\/\/i0.wp.com\/images01.brasildefato.com.br\/4f7a0a365f148c2641391d2f2dd33b12.jpeg?w=600&#038;ssl=1\" alt=\"\"\/><\/figure>\n\n\n\n<h4 class=\"wp-block-heading\">Dados fornecidos pelo Conselho de Secretarias de Sa\u00fade aponta um total de 1.022 novas mortes e 34.666 infec\u00e7\u00f5es<\/h4>\n\n\n\n<!--more-->\n\n\n\n<p>Reda\u00e7\u00e3o Brasil de Fato<\/p>\n\n\n\n<p>O Brasil registrou 1.022 novas mortes por&nbsp;<a href=\"https:\/\/www.brasildefato.com.br\/minuto-a-minuto\/coronavirus-no-brasil\" target=\"_blank\" rel=\"noreferrer noopener\">covid-19<\/a>&nbsp;neste s\u00e1bado (20), segundo dados divulgados pelo&nbsp;<a href=\"http:\/\/www.conass.org.br\/painelconasscovid19\/\" target=\"_blank\" rel=\"noreferrer noopener\">Conselho Nacional de Secretarias de Sa\u00fade (Conas)<\/a>. O pa\u00eds est\u00e1 pr\u00f3ximo de alcan\u00e7ar a triste marca de 50 mil \u00f3bitos (j\u00e1 s\u00e3o 49.976 no total). E os dados podem ser ainda maiores, j\u00e1 que h\u00e1 subnotifica\u00e7\u00e3o de casos em todo o pa\u00eds.<\/p>\n\n\n\n<p>Nas \u00faltimas 24 horas foram registradas 34.666 novas infec\u00e7\u00f5es. O pa\u00eds j\u00e1 havia ultrapassado a marca de&nbsp;<a href=\"https:\/\/www.brasildefato.com.br\/2020\/06\/19\/brasil-tem-um-milhao-de-infectados-pela-covid-19-e-mais-de-50-mil-registros-em-um-dia\" target=\"_blank\" rel=\"noreferrer noopener\">um milh\u00e3o de infectados na \u00faltima sexta-feira( 19)<\/a>. Os expressivos n\u00fameros registrados neste s\u00e1bado alarmam autoridades, j\u00e1 que os registros dos fins de semana, em geral, s\u00e3o mais baixos pela aus\u00eancia de repasses de algumas secretarias de sa\u00fade.&nbsp;<\/p>\n\n\n\n<p>S\u00e3o Paulo, o estado com mais casos absolutos no pa\u00eds, tem hoje 215.793 infectados e contabiliza 12.494 mortes. Foram 262 mortes e 4.135 novos casos nas \u00faltimas 24 horas, em meio a uma reabertura gradual de shoppings e com\u00e9rcios de rua.<\/p>\n\n\n\n<p>Na sequ\u00eancia est\u00e1 o Rio de Janeiro, com 95.537 confirma\u00e7\u00f5es da doen\u00e7a e 8.824 \u00f3bitos. No Cear\u00e1, terceiro da lista, os pacientes que pegaram a doen\u00e7a somam 92.156 e os casos fatais chegam a 5.518.<\/p>\n\n\n\n<p>O Brasil segue como o segundo maior foco da doen\u00e7a no mundo, atr\u00e1s apenas dos Estados Unidos, que tem mais de 2 milh\u00f5es de infectados e 119.551 mortes. O pa\u00eds, inclusive, interrompeu os estudos sobre a efic\u00e1cia do hidroxicloroquina no tratamento de covid-19. Segundo o Instituto Nacional de Sa\u00fade estadunidense, ap\u00f3s os testes, o medicamento n\u00e3o proporcionou nenhum benef\u00edcio aos pacientes.<\/p>\n\n\n\n<p><a href=\"https:\/\/www.brasildefato.com.br\/2020\/06\/18\/ministerio-publico-pede-apuracao-sobre-superfaturamento-de-cloroquina-pelo-exercito\" target=\"_blank\" rel=\"noreferrer noopener\">::Minist\u00e9rio P\u00fablico pede apura\u00e7\u00e3o sobre superfaturamento de cloroquina pelo Ex\u00e9rcito::<\/a><\/p>\n\n\n\n<p><strong>O que \u00e9 o novo coronav\u00edrus?<\/strong><\/p>\n\n\n\n<p>\u00c9 uma extensa fam\u00edlia de v\u00edrus causadores de doen\u00e7as tanto em animais como em humanos. De acordo com a Organiza\u00e7\u00e3o Mundial de Sa\u00fade (OMS), em humanos, os v\u00e1rios tipos de v\u00edrus podem provocar infec\u00e7\u00f5es respirat\u00f3rias que v\u00e3o de resfriados comuns, como a s\u00edndrome respirat\u00f3rio do Oriente M\u00e9dio (MERS), a crises mais graves, como a s\u00edndrome respirat\u00f3ria aguda severa (SRAS). O coronav\u00edrus descoberto mais recentemente causa a doen\u00e7a covid-19.<\/p>\n\n\n\n<p><strong>Como ajudar quem precisa?<\/strong><\/p>\n\n\n\n<p>A campanha&nbsp;<a href=\"https:\/\/todomundo.org\/\" target=\"_blank\" rel=\"noreferrer noopener\">\u201cVamos precisar de todo mundo\u201d<\/a>&nbsp;\u00e9 uma a\u00e7\u00e3o de solidariedade articulada pela Frente Brasil Popular e pela Frente Povo Sem Medo. A plataforma foi criada para ajudar pessoas impactadas pela pandemia da covid-19. De acordo com os organizadores, o objetivo \u00e9 dar visibilidade e fortalecer as iniciativas populares de coopera\u00e7\u00e3o.<\/p>\n\n\n\n<p>Edi\u00e7\u00e3o: Jos\u00e9 Eduardo Bernardes<a><\/a><a><\/a><a><\/a><\/p>\n\n\n\n<p> <\/p>\n","protected":false},"excerpt":{"rendered":"<p>Dados fornecidos pelo Conselho de Secretarias de Sa\u00fade aponta um total de 1.022 novas mortes e 34.666 infec\u00e7\u00f5es<\/p>\n","protected":false},"author":1,"featured_media":0,"comment_status":"closed","ping_status":"open","sticky":false,"template":"","format":"standard","meta":{"_exactmetrics_skip_tracking":false,"_exactmetrics_sitenote_active":false,"_exactmetrics_sitenote_note":"","_exactmetrics_sitenote_category":0,"jetpack_post_was_ever_published":false,"_jetpack_newsletter_access":"","_jetpack_dont_email_post_to_subs":false,"_jetpack_newsletter_tier_id":0,"_jetpack_memberships_contains_paywalled_content":false,"_jetpack_memberships_contains_paid_content":false,"footnotes":"","jetpack_publicize_message":"","jetpack_publicize_feature_enabled":true,"jetpack_social_post_already_shared":true,"jetpack_social_options":{"image_generator_settings":{"template":"highway","enabled":false},"version":2}},"categories":[1],"tags":[],"class_list":["post-28869","post","type-post","status-publish","format-standard","hentry","category-notas"],"jetpack_publicize_connections":[],"jetpack_sharing_enabled":true,"jetpack_featured_media_url":"","jetpack_shortlink":"https:\/\/wp.me\/p7wKYW-7vD","jetpack-related-posts":[],"_links":{"self":[{"href":"http:\/\/blogdalucianaoliveira.com.br\/blog\/wp-json\/wp\/v2\/posts\/28869","targetHints":{"allow":["GET"]}}],"collection":[{"href":"http:\/\/blogdalucianaoliveira.com.br\/blog\/wp-json\/wp\/v2\/posts"}],"about":[{"href":"http:\/\/blogdalucianaoliveira.com.br\/blog\/wp-json\/wp\/v2\/types\/post"}],"author":[{"embeddable":true,"href":"http:\/\/blogdalucianaoliveira.com.br\/blog\/wp-json\/wp\/v2\/users\/1"}],"replies":[{"embeddable":true,"href":"http:\/\/blogdalucianaoliveira.com.br\/blog\/wp-json\/wp\/v2\/comments?post=28869"}],"version-history":[{"count":1,"href":"http:\/\/blogdalucianaoliveira.com.br\/blog\/wp-json\/wp\/v2\/posts\/28869\/revisions"}],"predecessor-version":[{"id":28870,"href":"http:\/\/blogdalucianaoliveira.com.br\/blog\/wp-json\/wp\/v2\/posts\/28869\/revisions\/28870"}],"wp:attachment":[{"href":"http:\/\/blogdalucianaoliveira.com.br\/blog\/wp-json\/wp\/v2\/media?parent=28869"}],"wp:term":[{"taxonomy":"category","embeddable":true,"href":"http:\/\/blogdalucianaoliveira.com.br\/blog\/wp-json\/wp\/v2\/categories?post=28869"},{"taxonomy":"post_tag","embeddable":true,"href":"http:\/\/blogdalucianaoliveira.com.br\/blog\/wp-json\/wp\/v2\/tags?post=28869"}],"curies":[{"name":"wp","href":"https:\/\/api.w.org\/{rel}","templated":true}]}}