{"id":28874,"date":"2020-06-21T10:32:29","date_gmt":"2020-06-21T14:32:29","guid":{"rendered":"http:\/\/blogdalucianaoliveira.com.br\/blog\/?p=28874"},"modified":"2020-06-21T10:32:33","modified_gmt":"2020-06-21T14:32:33","slug":"indigenas-isolados-aparecem-em-rancho-e-funai-atua-para-evitar-contagio","status":"publish","type":"post","link":"http:\/\/blogdalucianaoliveira.com.br\/blog\/2020\/06\/21\/indigenas-isolados-aparecem-em-rancho-e-funai-atua-para-evitar-contagio\/","title":{"rendered":"Ind\u00edgenas isolados aparecem em rancho e Funai atua para evitar cont\u00e1gio"},"content":{"rendered":"\n<figure class=\"wp-block-image size-large\"><img data-recalc-dims=\"1\" loading=\"lazy\" decoding=\"async\" width=\"600\" height=\"428\" data-attachment-id=\"28875\" data-permalink=\"http:\/\/blogdalucianaoliveira.com.br\/blog\/2020\/06\/21\/indigenas-isolados-aparecem-em-rancho-e-funai-atua-para-evitar-contagio\/38130a78-7435-4723-b93f-c870e0813d94\/\" data-orig-file=\"https:\/\/i0.wp.com\/blogdalucianaoliveira.com.br\/blog\/wp-content\/uploads\/2020\/06\/38130A78-7435-4723-B93F-C870E0813D94.jpeg?fit=828%2C590\" data-orig-size=\"828,590\" data-comments-opened=\"0\" data-image-meta=\"{&quot;aperture&quot;:&quot;0&quot;,&quot;credit&quot;:&quot;&quot;,&quot;camera&quot;:&quot;&quot;,&quot;caption&quot;:&quot;&quot;,&quot;created_timestamp&quot;:&quot;0&quot;,&quot;copyright&quot;:&quot;&quot;,&quot;focal_length&quot;:&quot;0&quot;,&quot;iso&quot;:&quot;0&quot;,&quot;shutter_speed&quot;:&quot;0&quot;,&quot;title&quot;:&quot;&quot;,&quot;orientation&quot;:&quot;1&quot;}\" data-image-title=\"38130A78-7435-4723-B93F-C870E0813D94\" data-image-description=\"\" data-image-caption=\"\" data-medium-file=\"https:\/\/i0.wp.com\/blogdalucianaoliveira.com.br\/blog\/wp-content\/uploads\/2020\/06\/38130A78-7435-4723-B93F-C870E0813D94.jpeg?fit=300%2C214\" data-large-file=\"https:\/\/i0.wp.com\/blogdalucianaoliveira.com.br\/blog\/wp-content\/uploads\/2020\/06\/38130A78-7435-4723-B93F-C870E0813D94.jpeg?fit=600%2C428\" src=\"https:\/\/i0.wp.com\/blogdalucianaoliveira.com.br\/blog\/wp-content\/uploads\/2020\/06\/38130A78-7435-4723-B93F-C870E0813D94.jpeg?resize=600%2C428\" alt=\"\" class=\"wp-image-28875\" srcset=\"https:\/\/i0.wp.com\/blogdalucianaoliveira.com.br\/blog\/wp-content\/uploads\/2020\/06\/38130A78-7435-4723-B93F-C870E0813D94.jpeg?w=828 828w, https:\/\/i0.wp.com\/blogdalucianaoliveira.com.br\/blog\/wp-content\/uploads\/2020\/06\/38130A78-7435-4723-B93F-C870E0813D94.jpeg?resize=300%2C214 300w, https:\/\/i0.wp.com\/blogdalucianaoliveira.com.br\/blog\/wp-content\/uploads\/2020\/06\/38130A78-7435-4723-B93F-C870E0813D94.jpeg?resize=768%2C547 768w, https:\/\/i0.wp.com\/blogdalucianaoliveira.com.br\/blog\/wp-content\/uploads\/2020\/06\/38130A78-7435-4723-B93F-C870E0813D94.jpeg?resize=421%2C300 421w\" sizes=\"auto, (max-width: 600px) 100vw, 600px\" \/><\/figure>\n\n\n\n<p>Por Rubens Valente, no UOL &#8211; Um grupo de ind\u00edgenas isolados apareceu nesta sexta-feira (19) em um rancho na zona rural de Seringueiras, a cerca de 560 km de Porto Velho (RO), fazendo disparar o alarme entre indigenistas da Funai (Funda\u00e7\u00e3o Nacional do \u00cdndio) em tempos de pandemia do novo\u00a0<a href=\"https:\/\/www.uol.com.br\/vivabem\/noticias\/redacao\/2020\/01\/25\/tire-suas-principais-duvidas-sobre-o-coronavirus-que-se-espalha-pelo-mundo.htm\">coronav\u00edrus<\/a>. Ap\u00f3s deixar peda\u00e7os de carne de ca\u00e7a e pegar um machado e uma galinha, os ind\u00edgenas voltaram para a floresta.<\/p>\n\n\n\n<!--more-->\n\n\n\n<p>A not\u00edcia sobre o aparecimento in\u00e9dito rapidamente se espalhou entre os cerca de 12 mil moradores do munic\u00edpio. De forma emergencial, para tentar evitar que os ind\u00edgenas sejam contaminados por qualquer doen\u00e7a, os t\u00e9cnicos da Funai tiveram que entrar ao vivo na emissora de r\u00e1dio local para acalmar os moradores locais e pedir que se afastem e n\u00e3o deem nenhum objeto aos \u00edndios, caso eles voltem a aparecer.<\/p>\n\n\n\n<p>Organismos de ind\u00edgenas isolados s\u00e3o vulner\u00e1veis a todo tipo de doen\u00e7as j\u00e1 comuns entre n\u00e3o ind\u00edgenas. Uma simples&nbsp;<a href=\"https:\/\/uol.com.br\/vivabem\/noticias\/redacao\/2018\/07\/31\/sao-sintomas-de-gripe-febre-dor-de-cabeca-dor-de-garganta-e-tosse-seca.htm\">gripe<\/a>, por exemplo, se n\u00e3o tratada pode evoluir para uma pneumonia fatal em poucos dias.<\/p>\n\n\n\n<p>Foi a primeira vez &#8211; pelo menos nos \u00faltimos 32 anos, desde que a Funai criou um setor para o tema dos isolados, em Bras\u00edlia &#8211; que esse grupo de ind\u00edgenas, conhecido nos registros oficiais como &#8220;Isolados do Caut\u00e1rio&#8221;, em refer\u00eancia a um rio da regi\u00e3o, faz contato com n\u00e3o ind\u00edgenas. A Funai sabe da exist\u00eancia dos ind\u00edgenas desde os anos 90, mas \u00e9 a primeira vez que um n\u00e3o ind\u00edgena e fora dos quadros da Funai confirma a exist\u00eancia dos isolados.<\/p>\n\n\n\n<p>Dastin Nascimento, auxiliar de indigenismo da Funai que foi ouvido pela r\u00e1dio local a fim de orientar a popula\u00e7\u00e3o, estima que possam existir na regi\u00e3o mais de 400 \u00edndios isolados, divididos em tr\u00eas grandes fam\u00edlias. N\u00e3o h\u00e1 confirma\u00e7\u00e3o oficial sobre essa estimativa.<\/p>\n\n\n\n<p>Pela observa\u00e7\u00e3o que a Funai tem feito \u00e0 dist\u00e2ncia nos \u00faltimos anos, eles dormem em redes e se alimentam da ca\u00e7a e da pesca dentro da Terra Ind\u00edgena Uru-Eu-Wau-Wau. T\u00eam o cabelo cortado em forma de cuia. Nascimento disse que ainda \u00e9 imposs\u00edvel saber o motivo do contato dos ind\u00edgenas.<\/p>\n\n\n\n<p>O contato partiu de um grupo estimado de oito a dez \u00edndios. A dona do rancho, situado a cerca de 3 km do limite da terra ind\u00edgena demarcada e a 30 km do centro urbano de Seringueiras, primeiro viu um dos ind\u00edgenas, nu, no quintal do s\u00edtio. Assustada, ela correu e se trancou no banheiro da casa. Disse depois que ouviu cerca de uma dezena de vozes diferentes, inclusive de crian\u00e7as. Logo depois os ind\u00edgenas foram embora, levando um machado e uma galinha. Deixaram para tr\u00e1s peda\u00e7os de carnes de ca\u00e7a de um porco de mato e uma paca. Como s\u00e3o carnes valiosas para os ind\u00edgenas, o gesto foi interpretado como uma amistosa troca de mantimentos.<\/p>\n\n\n\n<p>A Pol\u00edcia Militar acionou a Funai, que j\u00e1 atua na regi\u00e3o e mandou uma equipe ao munic\u00edpio. &#8220;A preocupa\u00e7\u00e3o maior \u00e9 o contato com a sociedade n\u00e3o ind\u00edgena, ainda mais agora em tempos de covid-19. A nossa inten\u00e7\u00e3o foi alertar a popula\u00e7\u00e3o sobre a preocupa\u00e7\u00e3o de que, por curiosidade, j\u00e1 que a informa\u00e7\u00e3o estava espalhada, algu\u00e9m pudesse querer fazer um contato, ou querer ajudar, e de alguma forma estabelecer um di\u00e1logo que n\u00e3o pode ocorrer. Isso de forma alguma \u00e9 saud\u00e1vel para os ind\u00edgenas. Queremos acalmar os moradores. A orienta\u00e7\u00e3o \u00e9 que telefonem para a Funai ou para a Pol\u00edcia Militar e se afastem&#8221;, disse Nascimento.<\/p>\n\n\n\n<p>Os trabalhos da Funai na regi\u00e3o t\u00eam a participa\u00e7\u00e3o de Rieli Franciscato, um experiente e conhecido indigenista da Funai, com muitos anos de atua\u00e7\u00e3o no tema dos isolados, que dever\u00e1 fazer uma expedi\u00e7\u00e3o para tentar monitorar a situa\u00e7\u00e3o dos isolados.<\/p>\n","protected":false},"excerpt":{"rendered":"<p>Por Rubens Valente, no UOL &#8211; Um grupo de ind\u00edgenas isolados apareceu nesta sexta-feira (19) em um rancho na zona rural de Seringueiras, a cerca de 560 km de Porto Velho (RO), fazendo disparar o alarme entre indigenistas da Funai (Funda\u00e7\u00e3o Nacional do \u00cdndio) em tempos de pandemia do novo\u00a0coronav\u00edrus. Ap\u00f3s deixar peda\u00e7os de carne&#8230;<a class=\"more-link\" href=\"http:\/\/blogdalucianaoliveira.com.br\/blog\/2020\/06\/21\/indigenas-isolados-aparecem-em-rancho-e-funai-atua-para-evitar-contagio\/\">Continue a leitura <span class=\"meta-nav\">&raquo;<\/span><\/a><\/p>\n","protected":false},"author":1,"featured_media":0,"comment_status":"closed","ping_status":"open","sticky":false,"template":"","format":"standard","meta":{"_exactmetrics_skip_tracking":false,"_exactmetrics_sitenote_active":false,"_exactmetrics_sitenote_note":"","_exactmetrics_sitenote_category":0,"jetpack_post_was_ever_published":false,"_jetpack_newsletter_access":"","_jetpack_dont_email_post_to_subs":false,"_jetpack_newsletter_tier_id":0,"_jetpack_memberships_contains_paywalled_content":false,"_jetpack_memberships_contains_paid_content":false,"footnotes":"","jetpack_publicize_message":"","jetpack_publicize_feature_enabled":true,"jetpack_social_post_already_shared":true,"jetpack_social_options":{"image_generator_settings":{"template":"highway","enabled":false},"version":2}},"categories":[1],"tags":[],"class_list":["post-28874","post","type-post","status-publish","format-standard","hentry","category-notas"],"jetpack_publicize_connections":[],"jetpack_sharing_enabled":true,"jetpack_featured_media_url":"","jetpack_shortlink":"https:\/\/wp.me\/p7wKYW-7vI","jetpack-related-posts":[],"_links":{"self":[{"href":"http:\/\/blogdalucianaoliveira.com.br\/blog\/wp-json\/wp\/v2\/posts\/28874","targetHints":{"allow":["GET"]}}],"collection":[{"href":"http:\/\/blogdalucianaoliveira.com.br\/blog\/wp-json\/wp\/v2\/posts"}],"about":[{"href":"http:\/\/blogdalucianaoliveira.com.br\/blog\/wp-json\/wp\/v2\/types\/post"}],"author":[{"embeddable":true,"href":"http:\/\/blogdalucianaoliveira.com.br\/blog\/wp-json\/wp\/v2\/users\/1"}],"replies":[{"embeddable":true,"href":"http:\/\/blogdalucianaoliveira.com.br\/blog\/wp-json\/wp\/v2\/comments?post=28874"}],"version-history":[{"count":1,"href":"http:\/\/blogdalucianaoliveira.com.br\/blog\/wp-json\/wp\/v2\/posts\/28874\/revisions"}],"predecessor-version":[{"id":28876,"href":"http:\/\/blogdalucianaoliveira.com.br\/blog\/wp-json\/wp\/v2\/posts\/28874\/revisions\/28876"}],"wp:attachment":[{"href":"http:\/\/blogdalucianaoliveira.com.br\/blog\/wp-json\/wp\/v2\/media?parent=28874"}],"wp:term":[{"taxonomy":"category","embeddable":true,"href":"http:\/\/blogdalucianaoliveira.com.br\/blog\/wp-json\/wp\/v2\/categories?post=28874"},{"taxonomy":"post_tag","embeddable":true,"href":"http:\/\/blogdalucianaoliveira.com.br\/blog\/wp-json\/wp\/v2\/tags?post=28874"}],"curies":[{"name":"wp","href":"https:\/\/api.w.org\/{rel}","templated":true}]}}