{"id":28877,"date":"2020-06-21T10:50:37","date_gmt":"2020-06-21T14:50:37","guid":{"rendered":"http:\/\/blogdalucianaoliveira.com.br\/blog\/?p=28877"},"modified":"2020-06-21T10:52:18","modified_gmt":"2020-06-21T14:52:18","slug":"prisao-de-queiroz-acelera-degradacao-de-status-criminal-de-flavio-bolsonaro","status":"publish","type":"post","link":"http:\/\/blogdalucianaoliveira.com.br\/blog\/2020\/06\/21\/prisao-de-queiroz-acelera-degradacao-de-status-criminal-de-flavio-bolsonaro\/","title":{"rendered":"Pris\u00e3o de Queiroz acelera degrada\u00e7\u00e3o de status criminal de Fl\u00e1vio Bolsonaro"},"content":{"rendered":"\n<figure class=\"wp-block-image size-large\"><img data-recalc-dims=\"1\" loading=\"lazy\" decoding=\"async\" width=\"600\" height=\"374\" data-attachment-id=\"28828\" data-permalink=\"http:\/\/blogdalucianaoliveira.com.br\/blog\/2020\/06\/18\/queiroz-e-preso-no-interior-de-sao-paulo\/image-52-7\/\" data-orig-file=\"https:\/\/i0.wp.com\/blogdalucianaoliveira.com.br\/blog\/wp-content\/uploads\/2020\/06\/image-52.jpeg?fit=610%2C380\" data-orig-size=\"610,380\" data-comments-opened=\"0\" data-image-meta=\"{&quot;aperture&quot;:&quot;0&quot;,&quot;credit&quot;:&quot;&quot;,&quot;camera&quot;:&quot;&quot;,&quot;caption&quot;:&quot;&quot;,&quot;created_timestamp&quot;:&quot;0&quot;,&quot;copyright&quot;:&quot;&quot;,&quot;focal_length&quot;:&quot;0&quot;,&quot;iso&quot;:&quot;0&quot;,&quot;shutter_speed&quot;:&quot;0&quot;,&quot;title&quot;:&quot;&quot;,&quot;orientation&quot;:&quot;0&quot;}\" data-image-title=\"image-52\" data-image-description=\"\" data-image-caption=\"\" data-medium-file=\"https:\/\/i0.wp.com\/blogdalucianaoliveira.com.br\/blog\/wp-content\/uploads\/2020\/06\/image-52.jpeg?fit=300%2C187\" data-large-file=\"https:\/\/i0.wp.com\/blogdalucianaoliveira.com.br\/blog\/wp-content\/uploads\/2020\/06\/image-52.jpeg?fit=600%2C374\" src=\"https:\/\/i0.wp.com\/blogdalucianaoliveira.com.br\/blog\/wp-content\/uploads\/2020\/06\/image-52.jpeg?resize=600%2C374\" alt=\"\" class=\"wp-image-28828\" srcset=\"https:\/\/i0.wp.com\/blogdalucianaoliveira.com.br\/blog\/wp-content\/uploads\/2020\/06\/image-52.jpeg?w=610 610w, https:\/\/i0.wp.com\/blogdalucianaoliveira.com.br\/blog\/wp-content\/uploads\/2020\/06\/image-52.jpeg?resize=300%2C187 300w, https:\/\/i0.wp.com\/blogdalucianaoliveira.com.br\/blog\/wp-content\/uploads\/2020\/06\/image-52.jpeg?resize=482%2C300 482w\" sizes=\"auto, (max-width: 600px) 100vw, 600px\" \/><\/figure>\n\n\n\n<p>A pris\u00e3o do policial militar aposentado Fabr\u00edcio Queiroz\u00a0torna iminente a den\u00fancia a ser apresentada contra o senador Fl\u00e1vio Bolsonaro (Republicanos-RJ). Dessa forma, o filho do presidente Jair Bolsonaro deixar\u00e1 o \u201cstatus\u201d de investigado para se tornar acusado.<\/p>\n\n\n\n<!--more-->\n\n\n\n<p><strong><a href=\"https:\/\/www1.folha.uol.com.br\/autores\/italo-nogueira.shtml\">\u00cdtalo Nogueira<\/a><\/strong>, na FSP<\/p>\n\n\n\n<p>As&nbsp;<a href=\"https:\/\/www1.folha.uol.com.br\/poder\/2020\/06\/prisao-de-queiroz-teve-como-base-influencia-sobre-milicianos-e-orientacao-de-testemunhas.shtml\">decis\u00f5es j\u00e1 proferidas<\/a>&nbsp;pelo juiz Fl\u00e1vio Itabaiana, da 27\u00aa Vara Criminal, indicam que o magistrado entende haver provas suficientes para aceitar uma pe\u00e7a acusat\u00f3ria, o que tornaria Fl\u00e1vio r\u00e9u pelos crimes de peculato, lavagem de dinheiro e organiza\u00e7\u00e3o criminosa, da qual seria o l\u00edder.<\/p>\n\n\n\n<p>&#8220;Analisando as provas constantes da investiga\u00e7\u00e3o, em especial os relat\u00f3rios de intelig\u00eancia financeira produzidos pelo Coaf, os extratos banc\u00e1rios e demais dilig\u00eancias produzidas, verifica-se que h\u00e1 prova da exist\u00eancia do crime de peculato, materializado no esquema de &#8216;rachadinhas&#8217; dos sal\u00e1rios de servidores da Alerj&#8221;, escreveu Itabaiana, na decis\u00e3o que mandou prender Queiroz.<\/p>\n\n\n\n<p>O C\u00f3digo de Processo Penal prev\u00ea apresenta\u00e7\u00e3o de den\u00fancia contra investigados presos em dez dias. O prazo n\u00e3o costuma ser respeitado com rigor, mas o Minist\u00e9rio P\u00fablico do Rio de Janeiro raramente extrapola mais de dois meses de intervalo.<\/p>\n\n\n\n<p>O procedimento&nbsp;<a href=\"https:\/\/www1.folha.uol.com.br\/poder\/2019\/02\/apuracao-sobre-gabinete-de-flavio-bolsonaro-desacelerou-durante-as-eleicoes.shtml\">tramita h\u00e1 dois anos e meio<\/a>&nbsp;no MP-RJ, tendo&nbsp;<a href=\"https:\/\/www1.folha.uol.com.br\/poder\/2019\/12\/supremo-conclui-julgamento-e-fixa-tese-que-libera-repasse-de-dados-sigilosos.shtml\">ficado parado<\/a>&nbsp;por quase cinco meses em raz\u00e3o de decis\u00f5es monocr\u00e1ticas dos ministros&nbsp;<a href=\"https:\/\/www1.folha.uol.com.br\/poder\/2019\/01\/supremo-concede-liminar-e-suspende-investigacao-sobre-queiroz.shtml\">Luiz Fux<\/a>&nbsp;e&nbsp;<a href=\"https:\/\/www1.folha.uol.com.br\/poder\/2019\/07\/toffoli-atende-a-pedido-de-flavio-bolsonaro-e-suspende-inquerito-com-dados-do-coaf.shtml\">Dias Toffoli<\/a>, do STF (Supremo Tribunal Federal).<\/p>\n\n\n\n<p>Em \u00e1udio revelado pela&nbsp;<strong>Folha<\/strong>,&nbsp;<a href=\"https:\/\/www1.folha.uol.com.br\/poder\/2019\/10\/ministerio-publico-tem-um-cometa-para-enterrar-na-gente-diz-queiroz-em-audio.shtml\">Queiroz definiu<\/a>&nbsp;o perigo das investiga\u00e7\u00f5es como \u201cuma pica do tamanho de um cometa\u201d.<\/p>\n\n\n\n<p>A din\u00e2mica descrita pelo Minist\u00e9rio P\u00fablico sobre o&nbsp;<a href=\"https:\/\/www1.folha.uol.com.br\/poder\/2019\/12\/flavio-lavou-ate-r-23-milhoes-com-imoveis-e-loja-de-chocolate-diz-promotoria.shtml\">funcionamento da &#8220;rachadinha&#8221;<\/a>&nbsp;j\u00e1 foi desenhada nos tr\u00eas pedidos de medidas cautelares apresentados pelos promotores \u00e0 Justi\u00e7a. Ainda falta saber a dimens\u00e3o do total de pessoas e valores envolvidos.<\/p>\n\n\n\n<p>De acordo com as investiga\u00e7\u00f5es, Queiroz era o operador financeiro do senador no esquema. Ele recebia parte do sal\u00e1rio de alguns assessores de Fl\u00e1vio por meio de dep\u00f3sitos em esp\u00e9cie, transfer\u00eancia banc\u00e1ria ou dinheiro vivo. Promotores afirmam que parte do recurso recolhido era destinado para&nbsp;<a href=\"https:\/\/www1.folha.uol.com.br\/poder\/2020\/06\/queiroz-pagou-com-dinheiro-vivo-mensalidade-de-filhas-de-flavio-diz-mp-rj.shtml\">pagar despesas pessoais<\/a>&nbsp;do senador.<\/p>\n\n\n\n<p>No pedido de pris\u00e3o de Queiroz, o Gaecc (Grupo de Atua\u00e7\u00e3o Especializada de Combate \u00e0 Corrup\u00e7\u00e3o) aponta 11 assessores que fizeram pagamentos para Queiroz identific\u00e1veis na quebra de sigilo banc\u00e1rio autorizada em abril. No total, esse grupo repassou R$ 2 milh\u00f5es a Queiroz entre 2007 e 2018.<\/p>\n\n\n\n<p>Contudo, os promotores escrevem que o ex-assessor de Fl\u00e1vio sacou R$ 2,9 milh\u00f5es no per\u00edodo, indicando que o volume entregue a ele pode ser maior. As quebras de sigilo atingiram 78 ex-servidores da Assembleia ligadas a Fl\u00e1vio, segundo o MP-RJ.<\/p>\n\n\n\n<p>A peti\u00e7\u00e3o deste m\u00eas do Gaecc tamb\u00e9m indica como os promotores devem vincular os pagamentos em esp\u00e9cie feitos por Queiroz para Fl\u00e1vio com o esquema da rachadinha.<\/p>\n\n\n\n<p>Ao analisar a quita\u00e7\u00e3o de boletos de mensalidade escolar e plano de sa\u00fade em nome do senador, os investigadores apontam para o fato dele e da mulher n\u00e3o terem realizado saques no per\u00edodo correspondentes.<\/p>\n\n\n\n<p>At\u00e9 2015, Fl\u00e1vio n\u00e3o tinha outra fonte de renda al\u00e9m do sal\u00e1rio da Assembleia depositado em conta. Foi neste ano que o senador abriu sua loja de chocolate, estabelecimento que costuma receber pagamentos em esp\u00e9cie e \u00e9 apontada como uma outra forma de lavar dinheiro da rachadinha. A outra \u00e9 a compra e venda de im\u00f3veis, segundo o MP-RJ.<\/p>\n\n\n\n<p>A explica\u00e7\u00e3o ainda n\u00e3o apresentada \u00e9 o benef\u00edcio recebido por Queiroz para ser um operador do esquema. A \u00faltima peti\u00e7\u00e3o do MP-RJ \u00e0 Justi\u00e7a d\u00e1 uma sinaliza\u00e7\u00e3o ao dizer que M\u00e1rcia Aguiar, mulher do ex-assessor de Fl\u00e1vio, e uma vizinha n\u00e3o identificada cediam seus dados em troca de uma esp\u00e9cie de \u201cmesada\u201d.<\/p>\n\n\n\n<p>Outra quest\u00e3o que adv\u00e9m deste questionamento \u00e9 sobre onde Queiroz guardava ou investia seu dinheiro em esp\u00e9cie. Sua mulher obteve R$ 174 mil em esp\u00e9cie, segundo os investigadores de origem desconhecida. O valor foi usado para pagar o tratamento do PM aposentado.<\/p>\n\n\n\n<p>As transa\u00e7\u00f5es financeiras de Queiroz e o miliciano Adriano da N\u00f3brega devem ser tamb\u00e9m mais detalhadas. O MP-RJ estimou que o PM aposentado recebeu mais de R$ 400 mil do ex-colega de farda, sem detalhar a fonte de todo os recurso no pedido de pris\u00e3o. No documento, por\u00e9m, os promotores ressaltaram o que consideram uma \u201cinflu\u00eancia sobre milicianos\u201d de Rio das Pedras.<\/p>\n\n\n\n<p>As provas at\u00e9 aqui recolhidas n\u00e3o indicam a participa\u00e7\u00e3o do senador na tentativa de dificultar as investiga\u00e7\u00f5es, o que inviabilizaria algum pedido de pris\u00e3o.<\/p>\n\n\n\n<p>A pol\u00edcia apreendeu dois celulares com Queiroz e um com o advogado Luis Botto Maia, muito ligado ao senador. O resultado dessa an\u00e1lise pode vir a levantar o questionamento sobre eventual continuidade delitiva de Fl\u00e1vio, o que poderia levar o caso \u00e0 Procuradoria-Geral da Rep\u00fablica, em raz\u00e3o do foro especial.<\/p>\n\n\n\n<p>O senador \u00e9 investigado em primeira inst\u00e2ncia porque os fatos n\u00e3o tem rela\u00e7\u00e3o com o cargo que ocupa atualmente.<\/p>\n\n\n\n<p>A apura\u00e7\u00e3o contra Fl\u00e1vio come\u00e7ou em janeiro de 2018, quando um relat\u00f3rio do Coaf apontou uma movimenta\u00e7\u00e3o financeira considerada at\u00edpica nas contas banc\u00e1rias de Queiroz de R$ 1,2 milh\u00e3o entre janeiro de 2016 e janeiro de 2017.<\/p>\n\n\n\n<p>Al\u00e9m do volume movimentado, chamou a aten\u00e7\u00e3o a forma com que as opera\u00e7\u00f5es se davam: dep\u00f3sitos e saques em dinheiro vivo em datas pr\u00f3ximas do pagamento de servidores da Assembleia.<\/p>\n\n\n\n<p>Queiroz faltou a quatro depoimentos marcados no Minist\u00e9rio P\u00fablico entre novembro de 2018 e janeiro de 2019 para explicar sua movimenta\u00e7\u00e3o financeira. Ap\u00f3s faltar \u00e0s oitivas, afirmou que iria se submeter uma cirurgia em decorr\u00eancia de um c\u00e2ncer no intestino e nunca mais foi localizado at\u00e9 o dia de sua pris\u00e3o.<\/p>\n\n\n\n<p>Numa manifesta\u00e7\u00e3o escrita em fevereiro de 2019, o PM aposentado afirmou que recebia parte dos valores dos sal\u00e1rios dos colegas de gabinete. Ele disse que usava esse dinheiro para remunerar assessores informais de Fl\u00e1vio, sem conhecimento do ent\u00e3o deputado estadual. A sua defesa, contudo, nunca apontou os benefici\u00e1rios finais dos valores.<\/p>\n\n\n\n<p>Jair Bolsonaro e Queiroz se conhecem desde 1984. Queiroz foi recruta do agora presidente na Brigada de Infantaria Paraquedista, do Ex\u00e9rcito. Depois, Bolsonaro seguiu a carreira pol\u00edtica, e Queiroz entrou para a Pol\u00edcia Militar do Rio de Janeiro, de onde j\u00e1 se aposentou.<\/p>\n\n\n\n<p>Queiroz, que foi nomeado em 2007 e deixou o gabinete de Fl\u00e1vio no dia 15 de outubro de 2018, \u00e9 amigo de longa data do atual presidente. Entre as movimenta\u00e7\u00f5es milion\u00e1rias que chamaram a aten\u00e7\u00e3o na conta de Queiroz est\u00e1 um cheque de R$ 24 mil repassado \u00e0 primeira-dama, Michelle Bolsonaro.<\/p>\n\n\n\n<p>Segundo o presidente, esse montante chegava a R$ 40 mil e o dinheiro se destinava a ele. Essa d\u00edvida n\u00e3o foi declarada no Imposto de Renda. Bolsonaro afirmou ainda que os recursos foram para a conta de Michelle porque ele n\u00e3o tem &#8220;tempo de sair&#8221;.<\/p>\n","protected":false},"excerpt":{"rendered":"<p>A pris\u00e3o do policial militar aposentado Fabr\u00edcio Queiroz\u00a0torna iminente a den\u00fancia a ser apresentada contra o senador Fl\u00e1vio Bolsonaro (Republicanos-RJ). Dessa forma, o filho do presidente Jair Bolsonaro deixar\u00e1 o \u201cstatus\u201d de investigado para se tornar acusado.<\/p>\n","protected":false},"author":1,"featured_media":0,"comment_status":"closed","ping_status":"open","sticky":false,"template":"","format":"standard","meta":{"_exactmetrics_skip_tracking":false,"_exactmetrics_sitenote_active":false,"_exactmetrics_sitenote_note":"","_exactmetrics_sitenote_category":0,"jetpack_post_was_ever_published":false,"_jetpack_newsletter_access":"","_jetpack_dont_email_post_to_subs":false,"_jetpack_newsletter_tier_id":0,"_jetpack_memberships_contains_paywalled_content":false,"_jetpack_memberships_contains_paid_content":false,"footnotes":"","jetpack_publicize_message":"","jetpack_publicize_feature_enabled":true,"jetpack_social_post_already_shared":true,"jetpack_social_options":{"image_generator_settings":{"template":"highway","enabled":false},"version":2}},"categories":[1],"tags":[],"class_list":["post-28877","post","type-post","status-publish","format-standard","hentry","category-notas"],"jetpack_publicize_connections":[],"jetpack_sharing_enabled":true,"jetpack_featured_media_url":"","jetpack_shortlink":"https:\/\/wp.me\/p7wKYW-7vL","jetpack-related-posts":[],"_links":{"self":[{"href":"http:\/\/blogdalucianaoliveira.com.br\/blog\/wp-json\/wp\/v2\/posts\/28877","targetHints":{"allow":["GET"]}}],"collection":[{"href":"http:\/\/blogdalucianaoliveira.com.br\/blog\/wp-json\/wp\/v2\/posts"}],"about":[{"href":"http:\/\/blogdalucianaoliveira.com.br\/blog\/wp-json\/wp\/v2\/types\/post"}],"author":[{"embeddable":true,"href":"http:\/\/blogdalucianaoliveira.com.br\/blog\/wp-json\/wp\/v2\/users\/1"}],"replies":[{"embeddable":true,"href":"http:\/\/blogdalucianaoliveira.com.br\/blog\/wp-json\/wp\/v2\/comments?post=28877"}],"version-history":[{"count":2,"href":"http:\/\/blogdalucianaoliveira.com.br\/blog\/wp-json\/wp\/v2\/posts\/28877\/revisions"}],"predecessor-version":[{"id":28879,"href":"http:\/\/blogdalucianaoliveira.com.br\/blog\/wp-json\/wp\/v2\/posts\/28877\/revisions\/28879"}],"wp:attachment":[{"href":"http:\/\/blogdalucianaoliveira.com.br\/blog\/wp-json\/wp\/v2\/media?parent=28877"}],"wp:term":[{"taxonomy":"category","embeddable":true,"href":"http:\/\/blogdalucianaoliveira.com.br\/blog\/wp-json\/wp\/v2\/categories?post=28877"},{"taxonomy":"post_tag","embeddable":true,"href":"http:\/\/blogdalucianaoliveira.com.br\/blog\/wp-json\/wp\/v2\/tags?post=28877"}],"curies":[{"name":"wp","href":"https:\/\/api.w.org\/{rel}","templated":true}]}}