{"id":28880,"date":"2020-06-21T23:02:46","date_gmt":"2020-06-22T03:02:46","guid":{"rendered":"http:\/\/blogdalucianaoliveira.com.br\/blog\/?p=28880"},"modified":"2020-06-21T23:02:53","modified_gmt":"2020-06-22T03:02:53","slug":"com-mais-de-8-000-mortos-por-covid-19-no-peru-machu-picchu-nao-reabrira-em-julho","status":"publish","type":"post","link":"http:\/\/blogdalucianaoliveira.com.br\/blog\/2020\/06\/21\/com-mais-de-8-000-mortos-por-covid-19-no-peru-machu-picchu-nao-reabrira-em-julho\/","title":{"rendered":"Com mais de 8.000 mortos por COVID-19 no Peru, Machu Picchu n\u00e3o reabrir\u00e1 em julho"},"content":{"rendered":"\n<figure class=\"wp-block-image size-large\"><img data-recalc-dims=\"1\" loading=\"lazy\" decoding=\"async\" width=\"600\" height=\"398\" data-attachment-id=\"28881\" data-permalink=\"http:\/\/blogdalucianaoliveira.com.br\/blog\/2020\/06\/21\/com-mais-de-8-000-mortos-por-covid-19-no-peru-machu-picchu-nao-reabrira-em-julho\/image-64-6\/\" data-orig-file=\"https:\/\/i0.wp.com\/blogdalucianaoliveira.com.br\/blog\/wp-content\/uploads\/2020\/06\/image-64.jpeg?fit=768%2C510\" data-orig-size=\"768,510\" data-comments-opened=\"0\" data-image-meta=\"{&quot;aperture&quot;:&quot;0&quot;,&quot;credit&quot;:&quot;&quot;,&quot;camera&quot;:&quot;&quot;,&quot;caption&quot;:&quot;&quot;,&quot;created_timestamp&quot;:&quot;0&quot;,&quot;copyright&quot;:&quot;&quot;,&quot;focal_length&quot;:&quot;0&quot;,&quot;iso&quot;:&quot;0&quot;,&quot;shutter_speed&quot;:&quot;0&quot;,&quot;title&quot;:&quot;&quot;,&quot;orientation&quot;:&quot;0&quot;}\" data-image-title=\"image-64\" data-image-description=\"\" data-image-caption=\"\" data-medium-file=\"https:\/\/i0.wp.com\/blogdalucianaoliveira.com.br\/blog\/wp-content\/uploads\/2020\/06\/image-64.jpeg?fit=300%2C199\" data-large-file=\"https:\/\/i0.wp.com\/blogdalucianaoliveira.com.br\/blog\/wp-content\/uploads\/2020\/06\/image-64.jpeg?fit=600%2C398\" src=\"https:\/\/i0.wp.com\/blogdalucianaoliveira.com.br\/blog\/wp-content\/uploads\/2020\/06\/image-64.jpeg?resize=600%2C398\" alt=\"\" class=\"wp-image-28881\" srcset=\"https:\/\/i0.wp.com\/blogdalucianaoliveira.com.br\/blog\/wp-content\/uploads\/2020\/06\/image-64.jpeg?w=768 768w, https:\/\/i0.wp.com\/blogdalucianaoliveira.com.br\/blog\/wp-content\/uploads\/2020\/06\/image-64.jpeg?resize=300%2C199 300w, https:\/\/i0.wp.com\/blogdalucianaoliveira.com.br\/blog\/wp-content\/uploads\/2020\/06\/image-64.jpeg?resize=452%2C300 452w\" sizes=\"auto, (max-width: 600px) 100vw, 600px\" \/><\/figure>\n\n\n\n<p>AFP &#8211; Machu Picchu, a cidadela inca que \u00e9 um dos principais pontos tur\u00edsticos do Peru, continuar\u00e1 fechada \u00e0 visita\u00e7\u00e3o devido a atrasos na implementa\u00e7\u00e3o de medidas de biosseguran\u00e7a e ao medo das\u00a0popula\u00e7\u00f5es em torno do novo coronav\u00edrus, que matou mais de 8.000 pessoas no pa\u00eds, informou a imprensa local neste domingo.<\/p>\n\n\n\n<!--more-->\n\n\n\n<p>Ap\u00f3s a divulga\u00e7\u00e3o que seria reaberta em julho, a Unidade de Gest\u00e3o de Machupicchu (UGM) tomou a decis\u00e3o com base em relat\u00f3rios das autoridades da regi\u00e3o de Cusco, onde est\u00e1 localizada a famosa cidadela.<\/p>\n\n\n\n<p>Segundo o prefeito do distrito de Machupicchu, Darwin Baca, que tamb\u00e9m integra a UGM, ainda est\u00e1 pendente uma s\u00e9rie de medidas sanit\u00e1rias na \u00e1rea, como a realiza\u00e7\u00e3o de testes.&nbsp;<\/p>\n\n\n\n<p>O governador regional de Cusco, Jean Paul Benavente, indicou que o governo nacional ainda n\u00e3o aprovou alguns protocolos de reabertura.<\/p>\n\n\n\n<p>Apesar de viver do turismo, a cidade de Machu Picchu se op\u00f5e \u00e0 reabertura, alegando que os visitantes podem trazer mais infec\u00e7\u00f5es da COVID-19 para uma regi\u00e3o onde h\u00e1 poucos casos registrados<\/p>\n\n\n\n<p>O governo peruano anunciou na semana passada que reabriria em julho a cidadela inca com acesso limitado, permitindo a entrada de &#8220;675 visitantes nacionais e estrangeiros por dia&#8221;.<\/p>\n\n\n\n<p>No Peru, os aeroportos est\u00e3o fechados e o com\u00e9rcio est\u00e1 com restri\u00e7\u00f5es como parte das medidas para conter o coronav\u00edrus no pa\u00eds, o segundo com mais casos da doen\u00e7a na Am\u00e9rica Latina, com 254.936 infec\u00e7\u00f5es e quase 8.045 mortes, com 184 falecimentos registrados entre s\u00e1bado e domingo.<\/p>\n\n\n\n<p><\/p>\n","protected":false},"excerpt":{"rendered":"<p>AFP &#8211; Machu Picchu, a cidadela inca que \u00e9 um dos principais pontos tur\u00edsticos do Peru, continuar\u00e1 fechada \u00e0 visita\u00e7\u00e3o devido a atrasos na implementa\u00e7\u00e3o de medidas de biosseguran\u00e7a e ao medo das\u00a0popula\u00e7\u00f5es em torno do novo coronav\u00edrus, que matou mais de 8.000 pessoas no pa\u00eds, informou a imprensa local neste domingo.<\/p>\n","protected":false},"author":1,"featured_media":0,"comment_status":"closed","ping_status":"open","sticky":false,"template":"","format":"standard","meta":{"_exactmetrics_skip_tracking":false,"_exactmetrics_sitenote_active":false,"_exactmetrics_sitenote_note":"","_exactmetrics_sitenote_category":0,"jetpack_post_was_ever_published":false,"_jetpack_newsletter_access":"","_jetpack_dont_email_post_to_subs":false,"_jetpack_newsletter_tier_id":0,"_jetpack_memberships_contains_paywalled_content":false,"_jetpack_memberships_contains_paid_content":false,"footnotes":"","jetpack_publicize_message":"","jetpack_publicize_feature_enabled":true,"jetpack_social_post_already_shared":true,"jetpack_social_options":{"image_generator_settings":{"template":"highway","enabled":false},"version":2}},"categories":[1],"tags":[],"class_list":["post-28880","post","type-post","status-publish","format-standard","hentry","category-notas"],"jetpack_publicize_connections":[],"jetpack_sharing_enabled":true,"jetpack_featured_media_url":"","jetpack_shortlink":"https:\/\/wp.me\/p7wKYW-7vO","jetpack-related-posts":[],"_links":{"self":[{"href":"http:\/\/blogdalucianaoliveira.com.br\/blog\/wp-json\/wp\/v2\/posts\/28880","targetHints":{"allow":["GET"]}}],"collection":[{"href":"http:\/\/blogdalucianaoliveira.com.br\/blog\/wp-json\/wp\/v2\/posts"}],"about":[{"href":"http:\/\/blogdalucianaoliveira.com.br\/blog\/wp-json\/wp\/v2\/types\/post"}],"author":[{"embeddable":true,"href":"http:\/\/blogdalucianaoliveira.com.br\/blog\/wp-json\/wp\/v2\/users\/1"}],"replies":[{"embeddable":true,"href":"http:\/\/blogdalucianaoliveira.com.br\/blog\/wp-json\/wp\/v2\/comments?post=28880"}],"version-history":[{"count":1,"href":"http:\/\/blogdalucianaoliveira.com.br\/blog\/wp-json\/wp\/v2\/posts\/28880\/revisions"}],"predecessor-version":[{"id":28882,"href":"http:\/\/blogdalucianaoliveira.com.br\/blog\/wp-json\/wp\/v2\/posts\/28880\/revisions\/28882"}],"wp:attachment":[{"href":"http:\/\/blogdalucianaoliveira.com.br\/blog\/wp-json\/wp\/v2\/media?parent=28880"}],"wp:term":[{"taxonomy":"category","embeddable":true,"href":"http:\/\/blogdalucianaoliveira.com.br\/blog\/wp-json\/wp\/v2\/categories?post=28880"},{"taxonomy":"post_tag","embeddable":true,"href":"http:\/\/blogdalucianaoliveira.com.br\/blog\/wp-json\/wp\/v2\/tags?post=28880"}],"curies":[{"name":"wp","href":"https:\/\/api.w.org\/{rel}","templated":true}]}}