{"id":28883,"date":"2020-06-22T10:50:10","date_gmt":"2020-06-22T14:50:10","guid":{"rendered":"http:\/\/blogdalucianaoliveira.com.br\/blog\/?p=28883"},"modified":"2020-06-22T10:50:14","modified_gmt":"2020-06-22T14:50:14","slug":"gestao-bolsonaro-acumula-ao-menos-13-medidas-para-reduzir-transparencia-oficial","status":"publish","type":"post","link":"http:\/\/blogdalucianaoliveira.com.br\/blog\/2020\/06\/22\/gestao-bolsonaro-acumula-ao-menos-13-medidas-para-reduzir-transparencia-oficial\/","title":{"rendered":"Gest\u00e3o Bolsonaro acumula ao menos 13 medidas para reduzir transpar\u00eancia oficial"},"content":{"rendered":"\n<figure class=\"wp-block-image size-large\"><img data-recalc-dims=\"1\" loading=\"lazy\" decoding=\"async\" width=\"600\" height=\"400\" data-attachment-id=\"28887\" data-permalink=\"http:\/\/blogdalucianaoliveira.com.br\/blog\/2020\/06\/22\/gestao-bolsonaro-acumula-ao-menos-13-medidas-para-reduzir-transparencia-oficial\/image-65-6\/\" data-orig-file=\"https:\/\/i0.wp.com\/blogdalucianaoliveira.com.br\/blog\/wp-content\/uploads\/2020\/06\/image-65.jpeg?fit=678%2C452\" data-orig-size=\"678,452\" data-comments-opened=\"0\" data-image-meta=\"{&quot;aperture&quot;:&quot;0&quot;,&quot;credit&quot;:&quot;&quot;,&quot;camera&quot;:&quot;&quot;,&quot;caption&quot;:&quot;&quot;,&quot;created_timestamp&quot;:&quot;0&quot;,&quot;copyright&quot;:&quot;&quot;,&quot;focal_length&quot;:&quot;0&quot;,&quot;iso&quot;:&quot;0&quot;,&quot;shutter_speed&quot;:&quot;0&quot;,&quot;title&quot;:&quot;&quot;,&quot;orientation&quot;:&quot;0&quot;}\" data-image-title=\"image-65\" data-image-description=\"\" data-image-caption=\"\" data-medium-file=\"https:\/\/i0.wp.com\/blogdalucianaoliveira.com.br\/blog\/wp-content\/uploads\/2020\/06\/image-65.jpeg?fit=300%2C200\" data-large-file=\"https:\/\/i0.wp.com\/blogdalucianaoliveira.com.br\/blog\/wp-content\/uploads\/2020\/06\/image-65.jpeg?fit=600%2C400\" src=\"https:\/\/i0.wp.com\/blogdalucianaoliveira.com.br\/blog\/wp-content\/uploads\/2020\/06\/image-65.jpeg?resize=600%2C400\" alt=\"\" class=\"wp-image-28887\" srcset=\"https:\/\/i0.wp.com\/blogdalucianaoliveira.com.br\/blog\/wp-content\/uploads\/2020\/06\/image-65.jpeg?w=678 678w, https:\/\/i0.wp.com\/blogdalucianaoliveira.com.br\/blog\/wp-content\/uploads\/2020\/06\/image-65.jpeg?resize=300%2C200 300w, https:\/\/i0.wp.com\/blogdalucianaoliveira.com.br\/blog\/wp-content\/uploads\/2020\/06\/image-65.jpeg?resize=450%2C300 450w\" sizes=\"auto, (max-width: 600px) 100vw, 600px\" \/><\/figure>\n\n\n\n<p>Planalto tentou mudar duas vezes a Lei de Acesso \u00e0 Informa\u00e7\u00e3o, al\u00e9m de buscar ocultar dados sobre pandemia do coronav\u00edrus<\/p>\n\n\n\n<!--more-->\n\n\n\n<p><strong>Raquel Lope<\/strong>s, <strong>Renato Onofre, na FSP<\/strong><\/p>\n\n\n\n<p>O governo do presidente Jair Bolsonaro acumula desde janeiro de 2019&nbsp;<a href=\"https:\/\/www1.folha.uol.com.br\/poder\/2020\/06\/veja-medidas-de-bolsonaro-que-reduziram-transparencia-no-governo-desde-2019.shtml\">ao menos 13 medidas para dificultar ou sonegar informa\u00e7\u00f5es do pa\u00eds<\/a>, segundo levantamento feito pela&nbsp;<strong>Folha<\/strong>.<\/p>\n\n\n\n<p>No per\u00edodo, o governo federal\u00a0<a href=\"https:\/\/www1.folha.uol.com.br\/poder\/2020\/03\/governo-muda-regras-de-atendimento-a-lei-de-acesso-a-informacao-durante-crise.shtml\">tentou mudar duas vezes a LAI (Lei de Acesso \u00e0 Informa\u00e7\u00e3o)<\/a>, esconder pesquisas\u00a0<a href=\"https:\/\/m.folha.uol.com.br\/folha-topicos\/fiocruz\/\">da Fiocruz (Funda\u00e7\u00e3o Oswaldo Cruz)<\/a>\u00a0sobre drogas e tirar os dados de viol\u00eancia policial do anu\u00e1rio sobre direitos humanos.<\/p>\n\n\n\n<p>A \u00faltima tentativa foi a de ocultar dados sobre a pandemia do novo coronav\u00edrus, que at\u00e9 este domingo (21)\u00a0<a href=\"https:\/\/www1.folha.uol.com.br\/equilibrioesaude\/2020\/06\/brasil-tem-601-novas-mortes-por-coronavirus-e-16-mil-novos-casos.shtml\">havia infectado 1.086.990 pessoas e deixado 50.659 mortos<\/a>, segundo levantamento feito por cons\u00f3rcio de ve\u00edculos de imprensa do qual a\u00a0<strong>Folha\u00a0<\/strong>faz parte.<\/p>\n\n\n\n<p>Em meio \u00e0 pandemia, o Minist\u00e9rio da Sa\u00fade passou a atrasar a divulga\u00e7\u00e3o dos dados da doen\u00e7a.&nbsp;<a href=\"https:\/\/www1.folha.uol.com.br\/equilibrioesaude\/2020\/06\/metodo-defendido-pelo-governo-deixa-de-fora-de-boletim-44-das-mortes-por-covid-19.shtml\">O boletim que era divulgado \u00e0s 19h foi transferido para as 22h<\/a>. Bolsonaro, a apoiadores, justificou a mudan\u00e7a. &#8220;Acabou mat\u00e9ria do Jornal Nacional [da TV Globo]&#8221;, disse o presidente.<\/p>\n\n\n\n<p>A pasta tamb\u00e9m chegou a alterar a forma com que os dados da Covid-19 eram apresentados \u2014sem os n\u00fameros acumulados de casos e mortes, apenas com atualiza\u00e7\u00f5es di\u00e1rias. Contudo, ap\u00f3s rea\u00e7\u00e3o da sociedade civil, do Congresso e do Judici\u00e1rio, o governo recuou.<\/p>\n\n\n\n<p>Apesar das declara\u00e7\u00f5es do presidente, oficialmente o governo nega a tentativa de esconder as informa\u00e7\u00f5es. Em sess\u00e3o na C\u00e2mara,&nbsp;<a href=\"https:\/\/www1.folha.uol.com.br\/colunas\/painel\/2020\/06\/em-meio-a-pandemia-pazuello-lota-aviao-da-fab-para-ir-ao-rio.shtml\">o ministro interino da Sa\u00fade, Eduardo Pazuello,<\/a>afirmou que o objetivo era promover \u201cmais transpar\u00eancia\u201d.<\/p>\n\n\n\n<p>&#8220;Se n\u00e3o informarmos o n\u00famero de \u00f3bitos por dia, o gestor n\u00e3o sabe o que est\u00e1 acontecendo em sua cidade e que medidas deve tomar. E voc\u00ea tem metade do mundo dizendo que queremos esconder \u00f3bitos. Pelo amor de Deus! Isso \u00e9 imposs\u00edvel&#8221;, afirmou.<\/p>\n\n\n\n<p>As mudan\u00e7as propostas pelo Minist\u00e9rio da Sa\u00fade sobre os dados da Covid-19 colocaram novamente em xeque a transpar\u00eancia do governo federal \u2014para entidades e especialistas, ela piorou desde a posse de Bolsonaro.<\/p>\n\n\n\n<p>Os dados sobre a divulga\u00e7\u00e3o da pandemia est\u00e3o sendo analisados pela OKBR (Open Knowledge Brasil). A organiza\u00e7\u00e3o mostra que o governo federal est\u00e1 atr\u00e1s de estados brasileiros na transpar\u00eancia dos dados p\u00fablicos.<\/p>\n\n\n\n<p>Apesar de ocupar a terceira posi\u00e7\u00e3o no ranking, a gest\u00e3o Bolsonaro perde para dez unidades da Federa\u00e7\u00e3o que dividem os dois primeiros lugares na transpar\u00eancia da Covid-19.<\/p>\n\n\n\n<p>&#8220;O governo federal demorou muito para abrir os dados, alguns estados avan\u00e7aram muito mais r\u00e1pido. Vimos retrocessos e avan\u00e7os, as melhorias aconteceram depois de muita demanda e press\u00e3o social&#8221;, afirma Fernanda Campagnucci, diretora-executiva da OKBR.<\/p>\n\n\n\n<p>Procurado, o governo n\u00e3o se manifestou.\u200b<\/p>\n\n\n\n<p>Essa falta de transpar\u00eancia, segundo especialistas, \u00e9 vis\u00edvel desde o in\u00edcio do governo. Em janeiro de 2019, um decreto assinado pelo vice-presidente, Hamilton Mour\u00e3o, alterou regras de aplica\u00e7\u00e3o da LAI.<\/p>\n\n\n\n<p>A medida ampliava o grupo de agentes p\u00fablicos autorizados a colocar informa\u00e7\u00f5es p\u00fablicas nos mais altos graus de sigilo: ultrassecreto e secreto.<\/p>\n\n\n\n<p>A tentativa s\u00f3 foi frustrada ap\u00f3s o Congresso avisar ao Planalto que derrubaria a medida, causando o primeiro rev\u00e9s legislativo do presidente.<\/p>\n\n\n\n<p>&#8220;As a\u00e7\u00f5es administrativas do atual governo v\u00eam minando a transpar\u00eancia. A tentativa de mudan\u00e7a de dispositivos da LAI por medidas provis\u00f3rias \u00e9 um exemplo claro. H\u00e1 uma deteriora\u00e7\u00e3o da transpar\u00eancia de forma ostensiva&#8221;, diz Marina Iemini Atoji, gerente de Projetos da Transpar\u00eancia Brasil.<\/p>\n\n\n\n<figure class=\"wp-block-image size-large\"><img loading=\"lazy\" decoding=\"async\" width=\"828\" height=\"1154\" data-attachment-id=\"28884\" data-permalink=\"http:\/\/blogdalucianaoliveira.com.br\/blog\/2020\/06\/22\/gestao-bolsonaro-acumula-ao-menos-13-medidas-para-reduzir-transparencia-oficial\/556206ef-ec72-4585-8f29-577f14b809e8\/\" data-orig-file=\"https:\/\/i0.wp.com\/blogdalucianaoliveira.com.br\/blog\/wp-content\/uploads\/2020\/06\/556206EF-EC72-4585-8F29-577F14B809E8.jpeg?fit=828%2C1154\" data-orig-size=\"828,1154\" data-comments-opened=\"0\" data-image-meta=\"{&quot;aperture&quot;:&quot;0&quot;,&quot;credit&quot;:&quot;&quot;,&quot;camera&quot;:&quot;&quot;,&quot;caption&quot;:&quot;&quot;,&quot;created_timestamp&quot;:&quot;0&quot;,&quot;copyright&quot;:&quot;&quot;,&quot;focal_length&quot;:&quot;0&quot;,&quot;iso&quot;:&quot;0&quot;,&quot;shutter_speed&quot;:&quot;0&quot;,&quot;title&quot;:&quot;&quot;,&quot;orientation&quot;:&quot;1&quot;}\" data-image-title=\"556206EF-EC72-4585-8F29-577F14B809E8\" data-image-description=\"\" data-image-caption=\"\" data-medium-file=\"https:\/\/i0.wp.com\/blogdalucianaoliveira.com.br\/blog\/wp-content\/uploads\/2020\/06\/556206EF-EC72-4585-8F29-577F14B809E8.jpeg?fit=215%2C300\" data-large-file=\"https:\/\/i0.wp.com\/blogdalucianaoliveira.com.br\/blog\/wp-content\/uploads\/2020\/06\/556206EF-EC72-4585-8F29-577F14B809E8.jpeg?fit=600%2C836\" src=\"https:\/\/i0.wp.com\/blogdalucianaoliveira.com.br\/blog\/wp-content\/uploads\/2020\/06\/556206EF-EC72-4585-8F29-577F14B809E8.jpeg?fit=600%2C836\" alt=\"\" class=\"wp-image-28884\" srcset=\"https:\/\/i0.wp.com\/blogdalucianaoliveira.com.br\/blog\/wp-content\/uploads\/2020\/06\/556206EF-EC72-4585-8F29-577F14B809E8.jpeg?w=828 828w, https:\/\/i0.wp.com\/blogdalucianaoliveira.com.br\/blog\/wp-content\/uploads\/2020\/06\/556206EF-EC72-4585-8F29-577F14B809E8.jpeg?resize=215%2C300 215w, https:\/\/i0.wp.com\/blogdalucianaoliveira.com.br\/blog\/wp-content\/uploads\/2020\/06\/556206EF-EC72-4585-8F29-577F14B809E8.jpeg?resize=735%2C1024 735w, https:\/\/i0.wp.com\/blogdalucianaoliveira.com.br\/blog\/wp-content\/uploads\/2020\/06\/556206EF-EC72-4585-8F29-577F14B809E8.jpeg?resize=768%2C1070 768w\" sizes=\"auto, (max-width: 600px) 100vw, 600px\" \/><\/figure>\n\n\n\n<figure class=\"wp-block-image size-large\"><img loading=\"lazy\" decoding=\"async\" width=\"828\" height=\"1155\" data-attachment-id=\"28885\" data-permalink=\"http:\/\/blogdalucianaoliveira.com.br\/blog\/2020\/06\/22\/gestao-bolsonaro-acumula-ao-menos-13-medidas-para-reduzir-transparencia-oficial\/f8a3644b-1a10-4b19-ae95-48ae97b16ab7\/\" data-orig-file=\"https:\/\/i0.wp.com\/blogdalucianaoliveira.com.br\/blog\/wp-content\/uploads\/2020\/06\/F8A3644B-1A10-4B19-AE95-48AE97B16AB7.jpeg?fit=828%2C1155\" data-orig-size=\"828,1155\" data-comments-opened=\"0\" data-image-meta=\"{&quot;aperture&quot;:&quot;0&quot;,&quot;credit&quot;:&quot;&quot;,&quot;camera&quot;:&quot;&quot;,&quot;caption&quot;:&quot;&quot;,&quot;created_timestamp&quot;:&quot;0&quot;,&quot;copyright&quot;:&quot;&quot;,&quot;focal_length&quot;:&quot;0&quot;,&quot;iso&quot;:&quot;0&quot;,&quot;shutter_speed&quot;:&quot;0&quot;,&quot;title&quot;:&quot;&quot;,&quot;orientation&quot;:&quot;1&quot;}\" data-image-title=\"F8A3644B-1A10-4B19-AE95-48AE97B16AB7\" data-image-description=\"\" data-image-caption=\"\" data-medium-file=\"https:\/\/i0.wp.com\/blogdalucianaoliveira.com.br\/blog\/wp-content\/uploads\/2020\/06\/F8A3644B-1A10-4B19-AE95-48AE97B16AB7.jpeg?fit=215%2C300\" data-large-file=\"https:\/\/i0.wp.com\/blogdalucianaoliveira.com.br\/blog\/wp-content\/uploads\/2020\/06\/F8A3644B-1A10-4B19-AE95-48AE97B16AB7.jpeg?fit=600%2C837\" src=\"https:\/\/i2.wp.com\/blogdalucianaoliveira.com.br\/blog\/wp-content\/uploads\/2020\/06\/F8A3644B-1A10-4B19-AE95-48AE97B16AB7.jpeg?fit=600%2C837\" alt=\"\" class=\"wp-image-28885\" srcset=\"https:\/\/i0.wp.com\/blogdalucianaoliveira.com.br\/blog\/wp-content\/uploads\/2020\/06\/F8A3644B-1A10-4B19-AE95-48AE97B16AB7.jpeg?w=828 828w, https:\/\/i0.wp.com\/blogdalucianaoliveira.com.br\/blog\/wp-content\/uploads\/2020\/06\/F8A3644B-1A10-4B19-AE95-48AE97B16AB7.jpeg?resize=215%2C300 215w, https:\/\/i0.wp.com\/blogdalucianaoliveira.com.br\/blog\/wp-content\/uploads\/2020\/06\/F8A3644B-1A10-4B19-AE95-48AE97B16AB7.jpeg?resize=734%2C1024 734w, https:\/\/i0.wp.com\/blogdalucianaoliveira.com.br\/blog\/wp-content\/uploads\/2020\/06\/F8A3644B-1A10-4B19-AE95-48AE97B16AB7.jpeg?resize=768%2C1071 768w\" sizes=\"auto, (max-width: 600px) 100vw, 600px\" \/><\/figure>\n\n\n\n<figure class=\"wp-block-image size-large\"><img loading=\"lazy\" decoding=\"async\" width=\"828\" height=\"1360\" data-attachment-id=\"28886\" data-permalink=\"http:\/\/blogdalucianaoliveira.com.br\/blog\/2020\/06\/22\/gestao-bolsonaro-acumula-ao-menos-13-medidas-para-reduzir-transparencia-oficial\/5726e951-b715-4783-90ff-966a17cd7d9b\/\" data-orig-file=\"https:\/\/i0.wp.com\/blogdalucianaoliveira.com.br\/blog\/wp-content\/uploads\/2020\/06\/5726E951-B715-4783-90FF-966A17CD7D9B.jpeg?fit=828%2C1360\" data-orig-size=\"828,1360\" data-comments-opened=\"0\" data-image-meta=\"{&quot;aperture&quot;:&quot;0&quot;,&quot;credit&quot;:&quot;&quot;,&quot;camera&quot;:&quot;&quot;,&quot;caption&quot;:&quot;&quot;,&quot;created_timestamp&quot;:&quot;0&quot;,&quot;copyright&quot;:&quot;&quot;,&quot;focal_length&quot;:&quot;0&quot;,&quot;iso&quot;:&quot;0&quot;,&quot;shutter_speed&quot;:&quot;0&quot;,&quot;title&quot;:&quot;&quot;,&quot;orientation&quot;:&quot;1&quot;}\" data-image-title=\"5726E951-B715-4783-90FF-966A17CD7D9B\" data-image-description=\"\" data-image-caption=\"\" data-medium-file=\"https:\/\/i0.wp.com\/blogdalucianaoliveira.com.br\/blog\/wp-content\/uploads\/2020\/06\/5726E951-B715-4783-90FF-966A17CD7D9B.jpeg?fit=183%2C300\" data-large-file=\"https:\/\/i0.wp.com\/blogdalucianaoliveira.com.br\/blog\/wp-content\/uploads\/2020\/06\/5726E951-B715-4783-90FF-966A17CD7D9B.jpeg?fit=600%2C986\" src=\"https:\/\/i0.wp.com\/blogdalucianaoliveira.com.br\/blog\/wp-content\/uploads\/2020\/06\/5726E951-B715-4783-90FF-966A17CD7D9B.jpeg?fit=600%2C986\" alt=\"\" class=\"wp-image-28886\" srcset=\"https:\/\/i0.wp.com\/blogdalucianaoliveira.com.br\/blog\/wp-content\/uploads\/2020\/06\/5726E951-B715-4783-90FF-966A17CD7D9B.jpeg?w=828 828w, https:\/\/i0.wp.com\/blogdalucianaoliveira.com.br\/blog\/wp-content\/uploads\/2020\/06\/5726E951-B715-4783-90FF-966A17CD7D9B.jpeg?resize=183%2C300 183w, https:\/\/i0.wp.com\/blogdalucianaoliveira.com.br\/blog\/wp-content\/uploads\/2020\/06\/5726E951-B715-4783-90FF-966A17CD7D9B.jpeg?resize=623%2C1024 623w, https:\/\/i0.wp.com\/blogdalucianaoliveira.com.br\/blog\/wp-content\/uploads\/2020\/06\/5726E951-B715-4783-90FF-966A17CD7D9B.jpeg?resize=768%2C1261 768w\" sizes=\"auto, (max-width: 600px) 100vw, 600px\" \/><\/figure>\n\n\n\n<p>Os casos se multiplicaram tamb\u00e9m na Esplanada.<\/p>\n\n\n\n<p>Em fevereiro de 2019, o Minist\u00e9rio da Justi\u00e7a negou um pedido por informa\u00e7\u00e3o sobre&nbsp;<a href=\"https:\/\/www1.folha.uol.com.br\/cotidiano\/2019\/02\/moro-nao-responde-sobre-encontro-com-setor-de-armas-e-alega-direito-a-privacidade.shtml\">eventual encontro do ent\u00e3o titular da pasta, Sergio Moro, com representantes de um fabricante de armas e muni\u00e7\u00f5es<\/a>&nbsp;sob o argumento de &#8220;direito \u00e0 privacidade&#8221;.<\/p>\n\n\n\n<p>A pr\u00f3pria CGU (Controladoria-Geral da Uni\u00e3o), \u00f3rg\u00e3o de controle do governo, impediu a divulga\u00e7\u00e3o de relat\u00f3rios de monitoramento de redes sociais encomendados pela Secom (Secretaria Especial de Comunica\u00e7\u00e3o Social) da Presid\u00eancia da Rep\u00fablica.<\/p>\n\n\n\n<p>Em maio deste ano, a Casa Civil se negou a fornecer estudos e relat\u00f3rios sobre hidroxicloroquina e cloroquina produzidos pelo CCOP (Centro de Coordena\u00e7\u00e3o das Opera\u00e7\u00f5es do Comit\u00ea de Crise da Covid-19).<\/p>\n\n\n\n<p>A Presid\u00eancia da Rep\u00fablica tamb\u00e9m se recusou a divulgar exames&nbsp;<a href=\"https:\/\/m.folha.uol.com.br\/folha-topicos\/stf\/\">segundo os quais Bolsonaro teve exames com resultado negativo<\/a>&nbsp;para o novo coronav\u00edrus. Eles se tornaram p\u00fablicos ap\u00f3s batalha judicial.<\/p>\n\n\n\n<p>O n\u00famero de pedidos aceitos por LAI reduziu proporcionalmente em rela\u00e7\u00e3o ao n\u00famero de solicita\u00e7\u00f5es de 2012 a 2019. No primeiro ano, 84% dos pedidos foram aceitos, em 2019 a porcentagem foi de 72%. Em 2020, at\u00e9 o momento, o governo aceitou 67% dos pedidos.<\/p>\n\n\n\n<p>&#8220;H\u00e1 uma piora bastante preocupante. J\u00e1 n\u00e3o estava bom, disseram que ia melhorar [a divulga\u00e7\u00e3o], e piorou. Se voc\u00ea olhar os n\u00fameros por estat\u00edsticas, o quadro se mant\u00e9m est\u00e1vel. Mas h\u00e1 uma piora significativa na qualidade das respostas. \u00c9 poss\u00edvel perceber tamb\u00e9m o aumento da negativa do pedido de acesso sem uma base s\u00f3lida de contesta\u00e7\u00e3o&#8221;, diz a representante da Transpar\u00eancia Brasil.<\/p>\n\n\n\n<p>Em mar\u00e7o, o governo editou a MP 928 que restringia a LAI. Segundo o texto, durante a pandemia \u2014per\u00edodo considerado de calamidade p\u00fablica\u2014, \u00f3rg\u00e3os federais poderiam ignorar o prazo de 20 dias para dar respostas a pedidos feitos por meio da lei.<\/p>\n\n\n\n<p>Por unanimidade, o&nbsp;<a href=\"https:\/\/m.folha.uol.com.br\/folha-topicos\/stf\/\">STF (Supremo Tribunal Federal)<\/a>&nbsp;derrubou a suspens\u00e3o do prazo, mas o governo n\u00e3o respeitou integralmente a decis\u00e3o.<\/p>\n\n\n\n<p>Levantamento da Transpar\u00eancia Brasil mostra que \u00f3rg\u00e3os federais negaram atendimento a pelo menos 24 pedidos de informa\u00e7\u00e3o no intervalo de um m\u00eas, mesmo ap\u00f3s a suspens\u00e3o da MP.<\/p>\n\n\n\n<p>O governo tamb\u00e9m imp\u00f4s sigilos a pareceres jur\u00eddicos emitidos por todos os minist\u00e9rios e enviados para orientar a Presid\u00eancia nos projetos aprovados no Congresso.<\/p>\n\n\n\n<figure class=\"wp-block-image\"><img data-recalc-dims=\"1\" decoding=\"async\" src=\"https:\/\/i0.wp.com\/f.i.uol.com.br\/fotografia\/2018\/11\/20\/15427146305bf3f5065529f_1542714630_3x2_md.jpg?w=600&#038;ssl=1\" alt=\"Wagner de Campos Ros\u00e1rio, ministro interino da Transpar\u00eancia, Fiscaliza\u00e7\u00e3o e Controladoria-Geral da Uni\u00e3o (CGU)\"\/><figcaption>Wagner de Campos Ros\u00e1rio, ministro da CGU &#8211;&nbsp;Reprodu\u00e7\u00e3o &#8211; 20.nov.2018<\/figcaption><\/figure>\n\n\n\n<p>A justificativa dada pelo ministro da CGU, Wagner Ros\u00e1rio, foi que &#8220;o trabalho n\u00e3o pode ser interrompido para que seja realizada a resposta ao cidad\u00e3o&#8221;.<\/p>\n\n\n\n<p>&#8220;Nossas pesquisas t\u00eam apontado para uma certa resist\u00eancia dos \u00f3rg\u00e3os federais em garantir acesso \u00e0s informa\u00e7\u00f5es em que existe pouca d\u00favida de que s\u00e3o p\u00fablicas&#8221;, afirma Bernardo Schwaitzer, pesquisador do Programa de Transpar\u00eancia P\u00fablica da FGV.<\/p>\n\n\n\n<p>Al\u00e9m da falta de divulga\u00e7\u00e3o, houve a tentativa de desqualifica\u00e7\u00e3o dos dados p\u00fablicos por parte do governo federal.<\/p>\n\n\n\n<p>Bolsonaro e o ministro do Meio Ambiente, Ricardo Salles, contestaram as informa\u00e7\u00f5es do Inpe (Instituto Nacional de Pesquisas Espaciais) sobre desmatamento e queimadas no pa\u00eds.<\/p>\n\n\n\n<p>O ent\u00e3o diretor do \u00f3rg\u00e3o, Ricardo Galv\u00e3o, foi exonerado ap\u00f3s defender a divulga\u00e7\u00e3o dos dados.<\/p>\n\n\n\n<p>&#8220;H\u00e1 sempre um movimento de recha\u00e7ar a informa\u00e7\u00e3o que apresenta uma perspectiva cr\u00edtica, a administra\u00e7\u00e3o sempre tenta esconder. Como temos uma sociedade muito atenta, esses retrocessos acabam sendo barrados pelo Legislativo, Judici\u00e1rio&#8221;, afirma Campagnucci, da OKBR.<\/p>\n\n\n\n<p>Ela acrescenta que existem diversas formas de acabar com a transpar\u00eancia. Entre elas cita a falta de divulga\u00e7\u00e3o dos dados e a redu\u00e7\u00e3o de investimento para a \u00e1rea como ocorreu com o IBGE.<\/p>\n\n\n\n<p>O \u00f3rg\u00e3o anunciou corte no or\u00e7amento para a realiza\u00e7\u00e3o do Censo 2020. Isso deve gerar impacto sobre os dados produzidos pela pesquisa e a compara\u00e7\u00e3o com edi\u00e7\u00f5es anteriores.<\/p>\n\n\n\n<p>&#8220;Se os dados n\u00e3o s\u00e3o divulgados, como contrata\u00e7\u00f5es, nomea\u00e7\u00f5es, n\u00e3o h\u00e1 como identificar irregularidades, conflitos de interesse, nepotismo e corrup\u00e7\u00e3o de forma ampla&#8221;, diz Guilherme France, coordenador de Pesquisa da Transpar\u00eancia Internacional.<\/p>\n","protected":false},"excerpt":{"rendered":"<p>Planalto tentou mudar duas vezes a Lei de Acesso \u00e0 Informa\u00e7\u00e3o, al\u00e9m de buscar ocultar dados sobre pandemia do coronav\u00edrus<\/p>\n","protected":false},"author":1,"featured_media":0,"comment_status":"closed","ping_status":"open","sticky":false,"template":"","format":"standard","meta":{"_exactmetrics_skip_tracking":false,"_exactmetrics_sitenote_active":false,"_exactmetrics_sitenote_note":"","_exactmetrics_sitenote_category":0,"jetpack_post_was_ever_published":false,"_jetpack_newsletter_access":"","_jetpack_dont_email_post_to_subs":false,"_jetpack_newsletter_tier_id":0,"_jetpack_memberships_contains_paywalled_content":false,"_jetpack_memberships_contains_paid_content":false,"footnotes":"","jetpack_publicize_message":"","jetpack_publicize_feature_enabled":true,"jetpack_social_post_already_shared":true,"jetpack_social_options":{"image_generator_settings":{"template":"highway","enabled":false},"version":2}},"categories":[1],"tags":[],"class_list":["post-28883","post","type-post","status-publish","format-standard","hentry","category-notas"],"jetpack_publicize_connections":[],"jetpack_sharing_enabled":true,"jetpack_featured_media_url":"","jetpack_shortlink":"https:\/\/wp.me\/p7wKYW-7vR","jetpack-related-posts":[],"_links":{"self":[{"href":"http:\/\/blogdalucianaoliveira.com.br\/blog\/wp-json\/wp\/v2\/posts\/28883","targetHints":{"allow":["GET"]}}],"collection":[{"href":"http:\/\/blogdalucianaoliveira.com.br\/blog\/wp-json\/wp\/v2\/posts"}],"about":[{"href":"http:\/\/blogdalucianaoliveira.com.br\/blog\/wp-json\/wp\/v2\/types\/post"}],"author":[{"embeddable":true,"href":"http:\/\/blogdalucianaoliveira.com.br\/blog\/wp-json\/wp\/v2\/users\/1"}],"replies":[{"embeddable":true,"href":"http:\/\/blogdalucianaoliveira.com.br\/blog\/wp-json\/wp\/v2\/comments?post=28883"}],"version-history":[{"count":1,"href":"http:\/\/blogdalucianaoliveira.com.br\/blog\/wp-json\/wp\/v2\/posts\/28883\/revisions"}],"predecessor-version":[{"id":28888,"href":"http:\/\/blogdalucianaoliveira.com.br\/blog\/wp-json\/wp\/v2\/posts\/28883\/revisions\/28888"}],"wp:attachment":[{"href":"http:\/\/blogdalucianaoliveira.com.br\/blog\/wp-json\/wp\/v2\/media?parent=28883"}],"wp:term":[{"taxonomy":"category","embeddable":true,"href":"http:\/\/blogdalucianaoliveira.com.br\/blog\/wp-json\/wp\/v2\/categories?post=28883"},{"taxonomy":"post_tag","embeddable":true,"href":"http:\/\/blogdalucianaoliveira.com.br\/blog\/wp-json\/wp\/v2\/tags?post=28883"}],"curies":[{"name":"wp","href":"https:\/\/api.w.org\/{rel}","templated":true}]}}