{"id":28889,"date":"2020-06-22T11:07:20","date_gmt":"2020-06-22T15:07:20","guid":{"rendered":"http:\/\/blogdalucianaoliveira.com.br\/blog\/?p=28889"},"modified":"2020-06-22T11:07:29","modified_gmt":"2020-06-22T15:07:29","slug":"weintraub-zomba-do-pais-e-agradece-aos-que-o-ajudaram-a-chegar-em-seguranca-aos-eua","status":"publish","type":"post","link":"http:\/\/blogdalucianaoliveira.com.br\/blog\/2020\/06\/22\/weintraub-zomba-do-pais-e-agradece-aos-que-o-ajudaram-a-chegar-em-seguranca-aos-eua\/","title":{"rendered":"Weintraub zomba do pa\u00eds e agradece aos que o ajudaram a &#8220;chegar em seguran\u00e7a aos EUA&#8221;"},"content":{"rendered":"\n<figure class=\"wp-block-image size-large\"><img data-recalc-dims=\"1\" loading=\"lazy\" decoding=\"async\" width=\"600\" height=\"374\" data-attachment-id=\"28890\" data-permalink=\"http:\/\/blogdalucianaoliveira.com.br\/blog\/2020\/06\/22\/weintraub-zomba-do-pais-e-agradece-aos-que-o-ajudaram-a-chegar-em-seguranca-aos-eua\/image-66-6\/\" data-orig-file=\"https:\/\/i0.wp.com\/blogdalucianaoliveira.com.br\/blog\/wp-content\/uploads\/2020\/06\/image-66.jpeg?fit=610%2C380\" data-orig-size=\"610,380\" data-comments-opened=\"0\" data-image-meta=\"{&quot;aperture&quot;:&quot;0&quot;,&quot;credit&quot;:&quot;&quot;,&quot;camera&quot;:&quot;&quot;,&quot;caption&quot;:&quot;&quot;,&quot;created_timestamp&quot;:&quot;0&quot;,&quot;copyright&quot;:&quot;&quot;,&quot;focal_length&quot;:&quot;0&quot;,&quot;iso&quot;:&quot;0&quot;,&quot;shutter_speed&quot;:&quot;0&quot;,&quot;title&quot;:&quot;&quot;,&quot;orientation&quot;:&quot;0&quot;}\" data-image-title=\"image-66\" data-image-description=\"\" data-image-caption=\"\" data-medium-file=\"https:\/\/i0.wp.com\/blogdalucianaoliveira.com.br\/blog\/wp-content\/uploads\/2020\/06\/image-66.jpeg?fit=300%2C187\" data-large-file=\"https:\/\/i0.wp.com\/blogdalucianaoliveira.com.br\/blog\/wp-content\/uploads\/2020\/06\/image-66.jpeg?fit=600%2C374\" src=\"https:\/\/i0.wp.com\/blogdalucianaoliveira.com.br\/blog\/wp-content\/uploads\/2020\/06\/image-66.jpeg?resize=600%2C374\" alt=\"\" class=\"wp-image-28890\" srcset=\"https:\/\/i0.wp.com\/blogdalucianaoliveira.com.br\/blog\/wp-content\/uploads\/2020\/06\/image-66.jpeg?w=610 610w, https:\/\/i0.wp.com\/blogdalucianaoliveira.com.br\/blog\/wp-content\/uploads\/2020\/06\/image-66.jpeg?resize=300%2C187 300w, https:\/\/i0.wp.com\/blogdalucianaoliveira.com.br\/blog\/wp-content\/uploads\/2020\/06\/image-66.jpeg?resize=482%2C300 482w\" sizes=\"auto, (max-width: 600px) 100vw, 600px\" \/><\/figure>\n\n\n\n<p><strong>247 &#8211;<\/strong>\u00a0O ex-ministro da Educa\u00e7\u00e3o Abraham Weintraub, que fugiu na \u00faltima sexta-feira (19) do Brasil rumo a Miami,(EUA), \u00a0temendo ser preso, agradeceu em rede social nesta segunda-feira (22) \u201ca todos que me ajudaram a chegar em seguran\u00e7a aos EUA, seja aos que agiram diretamente (foram dezenas de pessoas) ou aos que oram por mim\u201d.\u00a0<br><\/p>\n\n\n\n<!--more-->\n\n\n\n<p>\u201cAproveito para dizer que estou bem. Quanto \u00e0 culin\u00e1ria internacional, ontem fiquei tentado a comer uns tacos, acabou sendo KFC\u201d, disse ele, referindo-se a rede de fast food estadunidense.&nbsp;<\/p>\n\n\n\n<p><a href=\"https:\/\/www.brasil247.com\/brasil\/com-risco-de-prisao-no-brasil-weintraub-foge-para-os-estados-unidos\">Abraham Weintraub, o pior ministro da educa\u00e7\u00e3o da hist\u00f3ria do Brasil<\/a>, fugiu para os Estados Unidos. A informa\u00e7\u00e3o foi prestada por seu irm\u00e3o Arthur. &#8220;Obrigado a todos pelas ora\u00e7\u00f5es e apoio. Meu irm\u00e3o est\u00e1 nos EUA.&#8221;<\/p>\n\n\n\n<p>Weintraub corre o risco de ser preso por ter defendido a pris\u00e3o dos \u201cvagabundos do Supremo Tribunal Federal\u201d e por estar ligado ao esquema de ataques \u00e0s institui\u00e7\u00f5es e de dissemina\u00e7\u00e3o de fake news.<\/p>\n\n\n\n<figure class=\"wp-block-embed-twitter wp-block-embed is-type-rich is-provider-twitter\"><div class=\"wp-block-embed__wrapper\">\n<blockquote class=\"twitter-tweet\" data-width=\"550\" data-dnt=\"true\"><p lang=\"pt\" dir=\"ltr\">Agrade\u00e7o a todos que me ajudaram a chegar em seguran\u00e7a aos EUA, seja aos que agiram diretamente (foram dezenas de pessoas) ou aos que oram por mim.<br>Aproveito para dizer que estou bem. Quanto \u00e0 culin\u00e1ria internacional, ontem fiquei tentado a comer uns tacos, acabou sendo KFC. <a href=\"https:\/\/t.co\/7Ea3sCVKQW\">pic.twitter.com\/7Ea3sCVKQW<\/a><\/p>&mdash; Abraham Weintraub (@AbrahamWeint) <a href=\"https:\/\/twitter.com\/AbrahamWeint\/status\/1275036194913607681?ref_src=twsrc%5Etfw\">June 22, 2020<\/a><\/blockquote><script async src=\"https:\/\/platform.twitter.com\/widgets.js\" charset=\"utf-8\"><\/script>\n<\/div><\/figure>\n","protected":false},"excerpt":{"rendered":"<p>247 &#8211;\u00a0O ex-ministro da Educa\u00e7\u00e3o Abraham Weintraub, que fugiu na \u00faltima sexta-feira (19) do Brasil rumo a Miami,(EUA), \u00a0temendo ser preso, agradeceu em rede social nesta segunda-feira (22) \u201ca todos que me ajudaram a chegar em seguran\u00e7a aos EUA, seja aos que agiram diretamente (foram dezenas de pessoas) ou aos que oram por mim\u201d.\u00a0<\/p>\n","protected":false},"author":1,"featured_media":0,"comment_status":"closed","ping_status":"open","sticky":false,"template":"","format":"standard","meta":{"_exactmetrics_skip_tracking":false,"_exactmetrics_sitenote_active":false,"_exactmetrics_sitenote_note":"","_exactmetrics_sitenote_category":0,"jetpack_post_was_ever_published":false,"_jetpack_newsletter_access":"","_jetpack_dont_email_post_to_subs":false,"_jetpack_newsletter_tier_id":0,"_jetpack_memberships_contains_paywalled_content":false,"_jetpack_memberships_contains_paid_content":false,"footnotes":"","jetpack_publicize_message":"","jetpack_publicize_feature_enabled":true,"jetpack_social_post_already_shared":true,"jetpack_social_options":{"image_generator_settings":{"template":"highway","enabled":false},"version":2}},"categories":[1],"tags":[],"class_list":["post-28889","post","type-post","status-publish","format-standard","hentry","category-notas"],"jetpack_publicize_connections":[],"jetpack_sharing_enabled":true,"jetpack_featured_media_url":"","jetpack_shortlink":"https:\/\/wp.me\/p7wKYW-7vX","jetpack-related-posts":[],"_links":{"self":[{"href":"http:\/\/blogdalucianaoliveira.com.br\/blog\/wp-json\/wp\/v2\/posts\/28889","targetHints":{"allow":["GET"]}}],"collection":[{"href":"http:\/\/blogdalucianaoliveira.com.br\/blog\/wp-json\/wp\/v2\/posts"}],"about":[{"href":"http:\/\/blogdalucianaoliveira.com.br\/blog\/wp-json\/wp\/v2\/types\/post"}],"author":[{"embeddable":true,"href":"http:\/\/blogdalucianaoliveira.com.br\/blog\/wp-json\/wp\/v2\/users\/1"}],"replies":[{"embeddable":true,"href":"http:\/\/blogdalucianaoliveira.com.br\/blog\/wp-json\/wp\/v2\/comments?post=28889"}],"version-history":[{"count":1,"href":"http:\/\/blogdalucianaoliveira.com.br\/blog\/wp-json\/wp\/v2\/posts\/28889\/revisions"}],"predecessor-version":[{"id":28891,"href":"http:\/\/blogdalucianaoliveira.com.br\/blog\/wp-json\/wp\/v2\/posts\/28889\/revisions\/28891"}],"wp:attachment":[{"href":"http:\/\/blogdalucianaoliveira.com.br\/blog\/wp-json\/wp\/v2\/media?parent=28889"}],"wp:term":[{"taxonomy":"category","embeddable":true,"href":"http:\/\/blogdalucianaoliveira.com.br\/blog\/wp-json\/wp\/v2\/categories?post=28889"},{"taxonomy":"post_tag","embeddable":true,"href":"http:\/\/blogdalucianaoliveira.com.br\/blog\/wp-json\/wp\/v2\/tags?post=28889"}],"curies":[{"name":"wp","href":"https:\/\/api.w.org\/{rel}","templated":true}]}}