{"id":28892,"date":"2020-06-22T16:56:33","date_gmt":"2020-06-22T20:56:33","guid":{"rendered":"http:\/\/blogdalucianaoliveira.com.br\/blog\/?p=28892"},"modified":"2020-06-22T16:56:43","modified_gmt":"2020-06-22T20:56:43","slug":"mpro-e-mpf-recomendam-a-pm-que-retome-prestacao-de-apoio-a-operacoes-do-ibama-e-icmbio","status":"publish","type":"post","link":"http:\/\/blogdalucianaoliveira.com.br\/blog\/2020\/06\/22\/mpro-e-mpf-recomendam-a-pm-que-retome-prestacao-de-apoio-a-operacoes-do-ibama-e-icmbio\/","title":{"rendered":"] MPRO e MPF recomendam \u00e0 PM que retome presta\u00e7\u00e3o de apoio a opera\u00e7\u00f5es do Ibama e ICMBio"},"content":{"rendered":"\n<figure class=\"wp-block-image size-large\"><img data-recalc-dims=\"1\" loading=\"lazy\" decoding=\"async\" width=\"600\" height=\"450\" data-attachment-id=\"28893\" data-permalink=\"http:\/\/blogdalucianaoliveira.com.br\/blog\/2020\/06\/22\/mpro-e-mpf-recomendam-a-pm-que-retome-prestacao-de-apoio-a-operacoes-do-ibama-e-icmbio\/bc032750-818a-4f7c-99d4-e2e4228291b5\/\" data-orig-file=\"https:\/\/i0.wp.com\/blogdalucianaoliveira.com.br\/blog\/wp-content\/uploads\/2020\/06\/BC032750-818A-4F7C-99D4-E2E4228291B5.jpeg?fit=640%2C480\" data-orig-size=\"640,480\" data-comments-opened=\"0\" data-image-meta=\"{&quot;aperture&quot;:&quot;0&quot;,&quot;credit&quot;:&quot;&quot;,&quot;camera&quot;:&quot;&quot;,&quot;caption&quot;:&quot;&quot;,&quot;created_timestamp&quot;:&quot;0&quot;,&quot;copyright&quot;:&quot;&quot;,&quot;focal_length&quot;:&quot;0&quot;,&quot;iso&quot;:&quot;0&quot;,&quot;shutter_speed&quot;:&quot;0&quot;,&quot;title&quot;:&quot;&quot;,&quot;orientation&quot;:&quot;1&quot;}\" data-image-title=\"BC032750-818A-4F7C-99D4-E2E4228291B5\" data-image-description=\"\" data-image-caption=\"\" data-medium-file=\"https:\/\/i0.wp.com\/blogdalucianaoliveira.com.br\/blog\/wp-content\/uploads\/2020\/06\/BC032750-818A-4F7C-99D4-E2E4228291B5.jpeg?fit=300%2C225\" data-large-file=\"https:\/\/i0.wp.com\/blogdalucianaoliveira.com.br\/blog\/wp-content\/uploads\/2020\/06\/BC032750-818A-4F7C-99D4-E2E4228291B5.jpeg?fit=600%2C450\" src=\"https:\/\/i0.wp.com\/blogdalucianaoliveira.com.br\/blog\/wp-content\/uploads\/2020\/06\/BC032750-818A-4F7C-99D4-E2E4228291B5.jpeg?resize=600%2C450\" alt=\"\" class=\"wp-image-28893\" srcset=\"https:\/\/i0.wp.com\/blogdalucianaoliveira.com.br\/blog\/wp-content\/uploads\/2020\/06\/BC032750-818A-4F7C-99D4-E2E4228291B5.jpeg?w=640 640w, https:\/\/i0.wp.com\/blogdalucianaoliveira.com.br\/blog\/wp-content\/uploads\/2020\/06\/BC032750-818A-4F7C-99D4-E2E4228291B5.jpeg?resize=300%2C225 300w, https:\/\/i0.wp.com\/blogdalucianaoliveira.com.br\/blog\/wp-content\/uploads\/2020\/06\/BC032750-818A-4F7C-99D4-E2E4228291B5.jpeg?resize=400%2C300 400w\" sizes=\"auto, (max-width: 600px) 100vw, 600px\" \/><\/figure>\n\n\n\n<p>O Minist\u00e9rio P\u00fablico de Rond\u00f4nia (MPRO) e o Minist\u00e9rio P\u00fablico Federal em Rond\u00f4nia (MPF\/RO) expediram a Recomenda\u00e7\u00e3o Conjunta n\u00ba 002\/2020 \u00e0 Pol\u00edcia Militar do Estado de Rond\u00f4nia, em que orientam a corpora\u00e7\u00e3o que retorne \u00e0 presta\u00e7\u00e3o de apoio \u00e0s opera\u00e7\u00f5es do Ibama e ICMBio, tendo em vista a import\u00e2ncia da a\u00e7\u00e3o conjunta dos \u00f3rg\u00e3os de controle e ambientais no combate \u00e0s pr\u00e1ticas criminosas, sob pena de incorrer em responsabilidade por omiss\u00e3o e improbidade administrativa.<\/p>\n\n\n\n<!--more-->\n\n\n\n<p>A recomenda\u00e7\u00e3o foi emitida ap\u00f3s os Minist\u00e9rios P\u00fablicos terem tomado conhecimento, por meio do Of\u00edcio n\u00ba 39233\/2020\/PM-CMTGERAL, que o Comandante Geral da Pol\u00edcia Militar suspendeu temporariamente o apoio \u00e0s a\u00e7\u00f5es e opera\u00e7\u00f5es desenvolvidas pelos parceiros Ibama e ICMBio, at\u00e9 que seja determinado ajuste procedimental entre os \u00f3rg\u00e3os federais e a PM\/RO.<\/p>\n\n\n\n<p><br>\u00a0No documento, os MPs afirmam que o Decreto Federal n\u00ba 10.282 de 20\/03\/2020 registra a fiscaliza\u00e7\u00e3o ambiental como um dos servi\u00e7os p\u00fablicos e atividades essenciais indispens\u00e1veis ao atendimento das necessidades inadi\u00e1veis da comunidade, que, se n\u00e3o atendidos, colocam em perigo a sobreviv\u00eancia, a sa\u00fade ou a seguran\u00e7a da popula\u00e7\u00e3o.<\/p>\n\n\n\n<p><br>\u00a0Os autores da recomenda\u00e7\u00e3o tamb\u00e9m destacam que, historicamente, o Batalh\u00e3o da Pol\u00edcia Militar-BPA sempre apoiou diretamente a\u00e7\u00f5es do ICMBio, Ibama, Secretaria de Estado do Desenvolvimento Ambiental &#8211; SEDAM e outros \u00f3rg\u00e3os, sendo de fundamental import\u00e2ncia para a prote\u00e7\u00e3o ambiental a sua atua\u00e7\u00e3o conjunta aos \u00f3rg\u00e3os ambientais, al\u00e9m de, concomitantemente, proceder fiscaliza\u00e7\u00f5es que resultam em termos circunstanciados e inqu\u00e9ritos policiais que originam in\u00fameras a\u00e7\u00f5es penais.<\/p>\n\n\n\n<p><br>\u00a0Lembram, ainda, haver precedente da Justi\u00e7a Federal (proc. n\u00ba 1000723-26.2018.4.01.4100), que decidiu pela continuidade das opera\u00e7\u00f5es de fiscaliza\u00e7\u00e3o e prote\u00e7\u00e3o da Terra Ind\u00edgena Karipuna por parte dos Policiais Militares, ocasi\u00e3o em que foi frisada a import\u00e2ncia da atua\u00e7\u00e3o integrada do Estado no combate ao avan\u00e7o de atividades criminosas nas Terras Ind\u00edgenas.<br>\u00a0Omiss\u00e3o &#8211; Na recomenda\u00e7\u00e3o, MPRO e MPF ressaltam que o entendimento dos Tribunais, em caso de eventuais crimes cometidos contra o meio ambiente, a omiss\u00e3o do \u00f3rg\u00e3o policial estatal atrair\u00e1 a responsabilidade objetiva a administra\u00e7\u00e3o.<\/p>\n\n\n\n<p><br>\u00a0Os Minist\u00e9rios P\u00fablicos concederam prazo de cinco dias para que a PM informe sobre o acatamento da orienta\u00e7\u00e3o.<\/p>\n\n\n\n<p><br>\u00a0Assinam a recomenda\u00e7\u00e3o, os Promotores de Justi\u00e7a do Meio Ambiente, Aidee Maria Moser Torquato Luiz e Alan Castiel Barbosa, e os Procuradores da Rep\u00fablica, Gisele Dias de Oliveira Bleggi Cunha e\u00a0 Tatiana de Noronha Versiani Ribeiro.<\/p>\n\n\n\n<p><br>Fonte: Departamento de Comunica\u00e7\u00e3o Integrada (DCI\/MPRO)<\/p>\n","protected":false},"excerpt":{"rendered":"<p>O Minist\u00e9rio P\u00fablico de Rond\u00f4nia (MPRO) e o Minist\u00e9rio P\u00fablico Federal em Rond\u00f4nia (MPF\/RO) expediram a Recomenda\u00e7\u00e3o Conjunta n\u00ba 002\/2020 \u00e0 Pol\u00edcia Militar do Estado de Rond\u00f4nia, em que orientam a corpora\u00e7\u00e3o que retorne \u00e0 presta\u00e7\u00e3o de apoio \u00e0s opera\u00e7\u00f5es do Ibama e ICMBio, tendo em vista a import\u00e2ncia da a\u00e7\u00e3o conjunta dos \u00f3rg\u00e3os de&#8230;<a class=\"more-link\" href=\"http:\/\/blogdalucianaoliveira.com.br\/blog\/2020\/06\/22\/mpro-e-mpf-recomendam-a-pm-que-retome-prestacao-de-apoio-a-operacoes-do-ibama-e-icmbio\/\">Continue a leitura <span class=\"meta-nav\">&raquo;<\/span><\/a><\/p>\n","protected":false},"author":1,"featured_media":0,"comment_status":"closed","ping_status":"open","sticky":false,"template":"","format":"standard","meta":{"_exactmetrics_skip_tracking":false,"_exactmetrics_sitenote_active":false,"_exactmetrics_sitenote_note":"","_exactmetrics_sitenote_category":0,"jetpack_post_was_ever_published":false,"_jetpack_newsletter_access":"","_jetpack_dont_email_post_to_subs":false,"_jetpack_newsletter_tier_id":0,"_jetpack_memberships_contains_paywalled_content":false,"_jetpack_memberships_contains_paid_content":false,"footnotes":"","jetpack_publicize_message":"","jetpack_publicize_feature_enabled":true,"jetpack_social_post_already_shared":true,"jetpack_social_options":{"image_generator_settings":{"template":"highway","enabled":false},"version":2}},"categories":[1],"tags":[],"class_list":["post-28892","post","type-post","status-publish","format-standard","hentry","category-notas"],"jetpack_publicize_connections":[],"jetpack_sharing_enabled":true,"jetpack_featured_media_url":"","jetpack_shortlink":"https:\/\/wp.me\/p7wKYW-7w0","jetpack-related-posts":[],"_links":{"self":[{"href":"http:\/\/blogdalucianaoliveira.com.br\/blog\/wp-json\/wp\/v2\/posts\/28892","targetHints":{"allow":["GET"]}}],"collection":[{"href":"http:\/\/blogdalucianaoliveira.com.br\/blog\/wp-json\/wp\/v2\/posts"}],"about":[{"href":"http:\/\/blogdalucianaoliveira.com.br\/blog\/wp-json\/wp\/v2\/types\/post"}],"author":[{"embeddable":true,"href":"http:\/\/blogdalucianaoliveira.com.br\/blog\/wp-json\/wp\/v2\/users\/1"}],"replies":[{"embeddable":true,"href":"http:\/\/blogdalucianaoliveira.com.br\/blog\/wp-json\/wp\/v2\/comments?post=28892"}],"version-history":[{"count":1,"href":"http:\/\/blogdalucianaoliveira.com.br\/blog\/wp-json\/wp\/v2\/posts\/28892\/revisions"}],"predecessor-version":[{"id":28894,"href":"http:\/\/blogdalucianaoliveira.com.br\/blog\/wp-json\/wp\/v2\/posts\/28892\/revisions\/28894"}],"wp:attachment":[{"href":"http:\/\/blogdalucianaoliveira.com.br\/blog\/wp-json\/wp\/v2\/media?parent=28892"}],"wp:term":[{"taxonomy":"category","embeddable":true,"href":"http:\/\/blogdalucianaoliveira.com.br\/blog\/wp-json\/wp\/v2\/categories?post=28892"},{"taxonomy":"post_tag","embeddable":true,"href":"http:\/\/blogdalucianaoliveira.com.br\/blog\/wp-json\/wp\/v2\/tags?post=28892"}],"curies":[{"name":"wp","href":"https:\/\/api.w.org\/{rel}","templated":true}]}}