{"id":28895,"date":"2020-06-22T17:40:04","date_gmt":"2020-06-22T21:40:04","guid":{"rendered":"http:\/\/blogdalucianaoliveira.com.br\/blog\/?p=28895"},"modified":"2020-06-22T17:56:09","modified_gmt":"2020-06-22T21:56:09","slug":"e-melhor-preservar-vidas-do-que-vegetacao-diz-comandante-da-pm-de-rondonia","status":"publish","type":"post","link":"http:\/\/blogdalucianaoliveira.com.br\/blog\/2020\/06\/22\/e-melhor-preservar-vidas-do-que-vegetacao-diz-comandante-da-pm-de-rondonia\/","title":{"rendered":"\u201c\u00c9 melhor preservar vidas do que vegeta\u00e7\u00e3o\u201d, diz comandante da PM de Rond\u00f4nia"},"content":{"rendered":"\n<figure class=\"wp-block-image\"><img data-recalc-dims=\"1\" decoding=\"async\" src=\"https:\/\/i0.wp.com\/amazoniareal.com.br\/wp-content\/uploads\/2018\/06\/OPERACAO-IBAMA-GARIMPO-TI-TENHARIM-AMAZONAS-4.jpg?w=600&#038;ssl=1\" alt=\"\"\/><figcaption>  <\/figcaption><\/figure>\n\n\n\n<p><strong>Por Luciana Oliveira, especial para Amaz\u00f4nia Real<\/strong>  &#8211; <strong><em>A frase \u00e9 do coronel Alexandre Lu\u00eds de Freitas de Almeida ao justificar a suspens\u00e3o, no dia 9 de junho, do apoio da pol\u00edcia nas a\u00e7\u00f5es de combate ao desmatamento pelo Ibama, que incinera maquin\u00e1rio de madeireiros<\/em>.<\/strong><\/p>\n\n\n\n<p><em>Na imagem, o Grupo Especializado de Fiscaliza\u00e7\u00e3o (GEF) do Ibama combate desmatamento e garimpo no Amazonas (Foto: Vin\u00edcius Mendon\u00e7a\/Ibama)<\/em><br><\/p>\n\n\n\n<!--more-->\n\n\n\n<p><strong>Porto Velho (RO)&nbsp;<\/strong>\u2013 \u201c\u00c9 melhor preservar vidas do que vegeta\u00e7\u00e3o\u201d, admitiu o comandante-geral da Pol\u00edcia Militar de Rond\u00f4nia, coronel Alexandre Lu\u00eds de Freitas Almeida, ao justificar a suspens\u00e3o do apoio a opera\u00e7\u00f5es de combate ao desmatamento. Desde o dia 9 de junho, fiscais do Ibama e do ICMBio n\u00e3o contam com a prote\u00e7\u00e3o das for\u00e7as policiais do Estado nas opera\u00e7\u00f5es que destroem equipamentos de madeireiros e garimpeiros acusados de crimes ambientais.<\/p>\n\n\n\n<p>\u201cNossos policiais est\u00e3o correndo risco de vida enorme, revoltando a popula\u00e7\u00e3o local com as destrui\u00e7\u00f5es\u201d, afirmou o comandante Almeida \u00e0 reportagem da&nbsp;<strong>Amaz\u00f4nia Real<\/strong>. Na pr\u00e1tica, a falta de apoio da PM fragiliza ou at\u00e9 inviabiliza o combate ao desmatamento em Rond\u00f4nia. Para o coronel, essa medida est\u00e1 alinhada com as preocupa\u00e7\u00f5es do governador Marcos Rocha (PSL), que \u00e9 da base aliada do presidente da Rep\u00fablica, Jair Bolsonaro (sem partido).<\/p>\n\n\n\n<p>\u201c\u00c9 clarividente que esta determina\u00e7\u00e3o de suspens\u00e3o tempor\u00e1ria das opera\u00e7\u00f5es em apoio [ao Ibama], t\u00e3o somente expressa o cuidado com o nosso efetivo, com as pessoas de um modo geral e com a pol\u00edtica do governo\u201d, disse o coronel.<\/p>\n\n\n\n<p>Com mais de 30 anos de carreira militar, o comandante Alexandre Almeida foi empossado em 3 de junho pelo governador Marcos Rocha. Ele substituiu o coronel Mauro Ronaldo Flores, que pediu demiss\u00e3o do cargo no fim de maio. A reportagem apurou que o ex-comandante estava insatisfeito com quest\u00f5es salariais e operacionais da tropa.<\/p>\n\n\n\n<p>Ronaldo Flores afirmou \u00e0&nbsp;<strong>Amaz\u00f4nia Real<\/strong>&nbsp;que, enquanto esteve no cargo, cumpriu o que diz a lei, mas presenciou situa\u00e7\u00f5es de conflitos que \u201csugeriram mudar a conduta de inutiliza\u00e7\u00e3o de caminh\u00f5es e tratores\u201d.<\/p>\n\n\n\n<p>A Instru\u00e7\u00e3o Normativa (IN) 19 est\u00e1 em vigor h\u00e1 seis anos. Ela permite que os fiscais do Instituto Brasileiro do Meio Ambiente e dos Recursos Naturais Renov\u00e1veis (Ibama) e o Instituto Chico Mendes para Biodiversidade (ICMBio) destruam maquin\u00e1rios de madeireiros e garimpeiros e recebam apoio das PMs nos Estados. Mas a IN \u00e9 combatida at\u00e9 pelo presidente da Rep\u00fablica, que recebe apoio dos empres\u00e1rios do agroneg\u00f3cio.<\/p>\n\n\n\n<p>Em 9 de junho, quando o Instituto Nacional de Pesquisas Espaciais (Inpe) divulgava que Rond\u00f4nia \u00e9 o quarto estado da Amaz\u00f4nia Legal que mais desmatou a floresta amaz\u00f4nica entre agosto de 2018 e julho de 2019 (totalizando 1.257 quil\u00f4metros quadrados de \u00e1rea destru\u00edda), o coronel Almeida enviou um of\u00edcio comunicando sua decis\u00e3o de n\u00e3o apoiar as a\u00e7\u00f5es do Ibama ao Minist\u00e9rio P\u00fablico Federal e \u00e0 Superintend\u00eancia Regional da Pol\u00edcia Federal. No documento, o coronel questiona a a\u00e7\u00e3o do Ibama dizendo que \u201cnos sobrevieram relat\u00f3rios de intelig\u00eancia, os quais sugerem que a referida regulamenta\u00e7\u00e3o n\u00e3o est\u00e1 sendo devidamente cumprida, o que pode vir a denegrir a imagem do governo do Estado\u201d.<\/p>\n\n\n\n<p>O comandante geral da PM de Rond\u00f4nia afirmou, ainda no of\u00edcio, que \u00e9 \u201crisco desnecess\u00e1rio, a utiliza\u00e7\u00e3o de combust\u00edvel sem o devido cuidado para incinera\u00e7\u00e3o dos bens alheios (\u2026)\u201d. E admitiu que n\u00e3o cabe a ele questionar \u201ca regulamenta\u00e7\u00e3o federal permissiva, por\u00e9m, no uso das atribui\u00e7\u00f5es inerentes do cargo, decido queat\u00e9 que haja um ajuste procedimental entre os \u00f3rg\u00e3os federais e esta institui\u00e7\u00e3o, est\u00e1 suspenso temporariamente o apoio policial militar \u00e0s a\u00e7\u00f5es desenvolvidas pelos parceiros Ibama e ICMBio\u201d.<\/p>\n\n\n\n<p>Na entrevista \u00e0&nbsp;<strong>Amaz\u00f4nia Real<\/strong>, o coronel Almeida voltou a citar que \u201crelat\u00f3rios de intelig\u00eancia sinalizam perigo de ataques e revoltas populares durante as opera\u00e7\u00f5es\u201d, mas n\u00e3o deu detalhes sobre esses estudos.<\/p>\n\n\n\n<p>Dois dias antes da publica\u00e7\u00e3o da portaria de 9 de junho, o vice-presidente da Rep\u00fablica, Hamilton Mour\u00e3o, visitou Porto Velho, e anunciou a prorroga\u00e7\u00e3o da Opera\u00e7\u00e3o Verde Brasil 2, um esfor\u00e7o conjunto de a\u00e7\u00f5es preventivas e repressivas aos delitos ambientais. Coordenada por Mour\u00e3o, a opera\u00e7\u00e3o \u00e9 a sequ\u00eancia da a\u00e7\u00e3o deflagrada pelo governo federal para prevenir e reprimir delitos ambientais&nbsp;<a rel=\"noreferrer noopener\" href=\"https:\/\/amazoniareal.com.br\/amazonia-em-chamas-fumaca-das-queimadas-avanca-sobre-a-regiao-sudeste\/\" target=\"_blank\">no ano passado, durante a crise provocada pelas queimadas na Amaz\u00f4nia.&nbsp;<\/a><\/p>\n\n\n\n<p><a rel=\"noreferrer noopener\" href=\"http:\/\/%28http\/\/www.rondonia.ro.gov.br\/governador-de-rondonia-enaltece-integracao-e-vice-presidente-da-republica-preve-a-prorrogacao-da-operacao-verde-brasil-2\/)\" target=\"_blank\">No encontro com Mour\u00e3o,<\/a><a rel=\"noreferrer noopener\" href=\"http:\/\/%28http\/\/www.rondonia.ro.gov.br\/governador-de-rondonia-enaltece-integracao-e-vice-presidente-da-republica-preve-a-prorrogacao-da-operacao-verde-brasil-2\/)\" target=\"_blank\">o governador Marcos Rocha refor\u00e7ou a integra\u00e7\u00e3o das a\u00e7\u00f5es<\/a>&nbsp;governamentais relacionadas \u00e0 Amaz\u00f4nia Legal. \u201cO governo de Rond\u00f4nia est\u00e1 unido. Em todas as a\u00e7\u00f5es temos reportado ao governo federal, e isso tem dado facilidade para que seja feito o planejamento adequado\u201d, destacou.<\/p>\n\n\n\n<p>Rocha, que foi eleito com o mote \u201cEu sou ele, ele \u00e9 eu\u201d, em refer\u00eancia ao ent\u00e3o presidenci\u00e1vel Jair Bolsonaro, n\u00e3o se manifestou at\u00e9 o momento sobre a decis\u00e3o do coronel Almeida.&nbsp;<\/p>\n\n\n\n<p>Procurada nesta segunda-feira (22), a assessoria de imprensa do Comando Geral da PM de Rond\u00f4nia demostrou que a decis\u00e3o do coronel Almeida pode ser revista e informou que o assunto est\u00e1 em tratativas com os \u00f3rg\u00e3os envolvidos nas opera\u00e7\u00f5es de combate ao desmatamento. Uma reuni\u00e3o, segundo a assessoria, foi marcada para a pr\u00f3xima quarta-feira (24).<\/p>\n\n\n\n<h4 class=\"wp-block-heading\"><strong>Combate \u00e0 destrui\u00e7\u00e3o em meio \u00e0 pandemia<\/strong><\/h4>\n\n\n\n<figure class=\"wp-block-image\"><img data-recalc-dims=\"1\" height=\"400\" width=\"600\" decoding=\"async\" src=\"https:\/\/i0.wp.com\/amazoniareal.com.br\/wp-content\/uploads\/2019\/09\/Queimadas-Rond%25C3%25B4nia-Foto-Vinicius-Mendon%25C3%25A7a-Ibama-30-08-2019-4-1024x683.jpg?resize=600%2C400\" alt=\"\" class=\"wp-image-46181\"\/><figcaption>Queimadas em Rond\u00f4nia (Foto de Mendon\u00e7a-Ibama\/2019)<\/figcaption><\/figure>\n\n\n\n<p>A suspens\u00e3o do apoio da PM de Rond\u00f4nia \u00e0s a\u00e7\u00f5es de fiscaliza\u00e7\u00e3o ambientais chega num momento cr\u00edtico no combate ao desmatamento. Dados do Inpe, com base em imagens de sat\u00e9lite, mostram que de janeiro a junho deste ano foram detectados 318 focos de inc\u00eandio em Rond\u00f4nia, 94 apenas em junho. Houve um aumento de 22,7% na compara\u00e7\u00e3o de janeiro a junho de 2019 e 2020.&nbsp;<\/p>\n\n\n\n<p>Os inc\u00eandios florestais ocorrem tanto por quem explora ilegalmente a madeira, como pelos que querem aumentar \u00e1rea de produ\u00e7\u00e3o agropecu\u00e1ria. Os Minist\u00e9rios P\u00fablicos Federal e Estadual publicaram, em 16 de junho, uma recomenda\u00e7\u00e3o para que a Secretaria de Desenvolvimento Ambiental do Estado suspenda autoriza\u00e7\u00f5es para uso de fogo controlado a fim de evitar queimadas e em fun\u00e7\u00e3o da pandemia do novo coronav\u00edrus.&nbsp;<\/p>\n\n\n\n<p>\u201cAs queimadas, autorizadas ou n\u00e3o, em meio \u00e0 pandemia da Covid-19, ampliam o risco de mortes e de colapso do sistema hospitalar por doen\u00e7as respirat\u00f3rias, que normalmente j\u00e1 s\u00e3o observadas em todos os anos em decorr\u00eancia da inala\u00e7\u00e3o dos gases oriundos da fuma\u00e7a das queimadas\u201d, destacaram.<\/p>\n\n\n\n<h4 class=\"wp-block-heading\">Desmonte na \u00e1rea<strong>&nbsp;ambiental<\/strong><\/h4>\n\n\n\n<figure class=\"wp-block-image\"><img data-recalc-dims=\"1\" height=\"400\" width=\"600\" decoding=\"async\" src=\"https:\/\/i0.wp.com\/amazoniareal.com.br\/wp-content\/uploads\/2019\/08\/Opera%25C3%25A7%25C3%25A3o-em-Espig%25C3%25A3o-do-Oeste-em-2018-Foto-Fernando-Augusto-Ibama-1024x683.jpg?resize=600%2C400\" alt=\"\" class=\"wp-image-44768\"\/><figcaption>Ibama, Ex\u00e9rcito e Pol\u00edcia Militar de Rond\u00f4nia fiscalizam desmatamento ilegal, em Rond\u00f4nia (Foto: Fernando Augusto\/Ibama\/2019)<\/figcaption><\/figure>\n\n\n\n<p>A pandemia do novo coronav\u00edrus foi decretada em 11 de mar\u00e7o. Naquele momento, j\u00e1 estava em curso o desmonte da \u00e1rea ambiental no governo federal. A manobra ficou clara quando o ministro Ricardo Salles passou a demitir chefes das \u00e1reas de fiscaliza\u00e7\u00e3o do Ibama e substitu\u00ed-los por militares. No dia 14 de abril, foi exonerado o diretor de Prote\u00e7\u00e3o Ambiental do Ibama, Olivaldi Alves Borges Azevedo, major da PM de S\u00e3o Paulo e homem de confian\u00e7a do ministro Salles, al\u00e9m de indicado por Bolsonaro. Em 30 de abril, foram exonerados Ren\u00ea Luiz de Oliveira, da coordena\u00e7\u00e3o geral de fiscaliza\u00e7\u00e3o ambiental, e de Hugo Ferreira Netto Loss, da coordena\u00e7\u00e3o de opera\u00e7\u00f5es de fiscaliza\u00e7\u00e3o.<\/p>\n\n\n\n<p>Olivaldi Azevedo, Ren\u00ea Luiz de Oliveira e Hugo Ferreira Netto Loss estavam \u00e0 frente das opera\u00e7\u00f5es de combate a crimes ambientais na Amaz\u00f4nia no contexto da pandemia da Covid-19. Desde o dia 4 de abril, o Ibama realizava a\u00e7\u00f5es na regi\u00e3o sul do Par\u00e1 para prevenir o avan\u00e7o da pandemia em terras ind\u00edgenas e a destrui\u00e7\u00e3o das florestas neste per\u00edodo de isolamento social da popula\u00e7\u00e3o. Na a\u00e7\u00e3o, os fiscais expulsaram garimpeiros e madeireiros, e destru\u00edram o maquin\u00e1rio utilizado pelos invasores nas Terras Ind\u00edgenas Arawet\u00e9 (do povo Arawet\u00e9 e ind\u00edgenas isolados do Igarap\u00e9 Bom Jardim), Apyterewa (dos Parakan\u00e3) e Trincheira Bacaj\u00e1 (dos Kayap\u00f3s e dos Xikrin).&nbsp;<\/p>\n\n\n\n<p>Os fiscais do Ibama ainda destru\u00edram os acampamentos dos madeireiros e de garimpeiros, al\u00e9m de apreenderem madeira e animais silvestres. As a\u00e7\u00f5es foram tema de reportagem no&nbsp;<a href=\"https:\/\/g1.globo.com\/fantastico\/noticia\/2020\/04\/12\/covid-19-chega-as-aldeias-e-operacao-tenta-barrar-novas-invasoes-de-terras-indigenas.ghtml\" target=\"_blank\" rel=\"noreferrer noopener\">programa&nbsp;<em>Fant\u00e1stico<\/em>, da TV Globo, no dia 12 de abril<\/a>. Na semana seguinte, Ricardo Salles iniciou as exonera\u00e7\u00f5es. No lugar do major Olivaldi, o ministro nomeou, no dia 14 de abril, o coronel da reserva da PM paulista, Ol\u00edmpio Ferreira Magalh\u00e3es. As circunst\u00e2ncias da exonera\u00e7\u00e3o na chefia da Dipro est\u00e3o sendo investigadas pelo&nbsp;<a href=\"http:\/\/www.mpf.mp.br\/pgr\/noticias-pgr\/camaras-de-meio-ambiente-e-de-populacoes-indigenas-do-mpf-solicitam-investigacao-sobre-exoneracao-do-diretor-de-protecao-do-ibama\/view\" target=\"_blank\" rel=\"noreferrer noopener\">Minist\u00e9rio P\u00fablico Federal do Distrito Federal.<\/a><\/p>\n\n\n\n<p>No dia 22 de abril, Ricardo Salles participou da reuni\u00e3o ministerial que exp\u00f4s ao Brasil o estilo autorit\u00e1rio, desrespeitoso, preconceituoso e inconstitucional da gest\u00e3o do presidente Jair Bolsonaro. No encontro gravado, que posteriormente se tornou p\u00fablico, o ministro se revelou ao mundo. Ele sugeriu que o governo aproveitasse a crise com a pandemia do novo coronav\u00edrus para flexibilizar as legisla\u00e7\u00f5es ambientais.&nbsp;<\/p>\n\n\n\n<p>(<a href=\"https:\/\/envolverde.cartacapital.com.br\/ministro-do-meio-ambiente-ricardo-salles-surpreende-com-discurso-de-desmonte-ambiental-em-reuniao-ministerial\/\">https:\/\/envolverde.cartacapital.com.br\/ministro-do-meio-ambiente-ricardo-salles-surpreende-com-discurso-de-desmonte-ambiental-em-reuniao-ministerial\/<\/a>)<\/p>\n\n\n\n<p>\u201cPorque tudo que a gente faz \u00e9 pau no Judici\u00e1rio, no dia seguinte. Ent\u00e3o pra isso precisa ter um esfor\u00e7o nosso aqui, enquanto estamos nesse momento de tranquilidade no aspecto de cobertura de imprensa, porque s\u00f3 fala de Covid, e ir passando a boiada e mudando todo o regramento e simplificando normas. De Iphan, de Minist\u00e9rio da Agricultura, de Minist\u00e9rio de Meio Ambiente, de minist\u00e9rio disso, de minist\u00e9rio daquilo. Agora \u00e9 hora de unir esfor\u00e7os pra dar de baciada a simplifica\u00e7\u00e3o regulam \u2026 \u00e9 de regulat\u00f3rio que n\u00f3s precisamos, em todos os aspectos\u201d, aconselhou Ricardo Sales.<\/p>\n\n\n\n<p>&nbsp;&nbsp;&nbsp;&nbsp;&nbsp;&nbsp;&nbsp;&nbsp;&nbsp;&nbsp;&nbsp; Entidades, como o Observat\u00f3rio do Clima, pediram o afastamento do ministro Ricardo Salles \u201cpor tramar contra a pr\u00f3pria pasta\u201d,&nbsp;<a href=\"https:\/\/g1.globo.com\/natureza\/noticia\/2020\/05\/22\/entidades-ligadas-ao-meio-ambiente-criticam-fala-de-ricardo-salles-durante-reuniao-ministerial.ghtml\" target=\"_blank\" rel=\"noreferrer noopener\">publicou o site G1<\/a>. Em um comunicado, a organiza\u00e7\u00e3o disse que o ministro do Meio Ambiente estaria disposto a desmontar seu minist\u00e9rio e incentivou o governo a fazer o mesmo.&nbsp;<\/p>\n\n\n\n\n\n<h4 class=\"wp-block-heading\"><strong>Fiscaliza\u00e7\u00e3o enfraquecida<\/strong><\/h4>\n\n\n\n<figure class=\"wp-block-image\"><img data-recalc-dims=\"1\" height=\"400\" width=\"600\" decoding=\"async\" src=\"https:\/\/i0.wp.com\/amazoniareal.com.br\/wp-content\/uploads\/2020\/06\/Comandante-Almeida-portal-da-PM-1024x682.jpg?resize=600%2C400\" alt=\"mat\u00e9ria de Rond\u00f4nia\" class=\"wp-image-57239\"\/><figcaption>Comandante-geral da PM de Rond\u00f4nia, coronel Alexandre Lu\u00eds de Freitas Almeida<br>(Foto Secom CGPM)<\/figcaption><\/figure>\n\n\n\n<p>A decis\u00e3o do coronel Alexandre Almeida, comandante da PM, agradou o setor madeireiro do sul de Rond\u00f4nia. Um madeireiro, que pediu sigilo, justificou a decis\u00e3o do militar. \u201cTem policial que age como fiscal e o papel dele \u00e9 s\u00f3 auxiliar. Muitas vezes chegam junto com fiscais e tratam quem age dentro da lei como se fosse bandido\u201d, disse \u00e0 reportagem.<\/p>\n\n\n\n<p>Madeireiros e grileiros s\u00e3o os maiores destruidores de florestas em unidades de conserva\u00e7\u00e3o e terras ind\u00edgenas de Rond\u00f4nia. Na elei\u00e7\u00e3o de Jair Bolsonaro, uma equipe do Ibama sofreu um ataque, em 2018. Leia aqui&gt;&gt;&gt;<\/p>\n\n\n\n<p>Para agentes de fiscaliza\u00e7\u00e3o do Ibama, a decis\u00e3o de tirar o apoio policial das opera\u00e7\u00f5es de combate aos crimes ambientais deve ter sido motivada por press\u00e3o da classe pol\u00edtica que mant\u00e9m estreitos la\u00e7os com o agroneg\u00f3cio.<\/p>\n\n\n\n<p>\u201cS\u00f3 quem ganha com essa medida s\u00e3o os infratores e os ruralistas. Os policiais nem devem ter gostado, pois perdem em seus rendimentos o acr\u00e9scimo com di\u00e1rias\u201d, disse um dos fiscais ouvido pela&nbsp;<strong>Amaz\u00f4nia Real<\/strong>&nbsp;e tamb\u00e9m pediu sigilo.&nbsp;Funcion\u00e1rios do Ibama e ICMBio est\u00e3o proibidos de conceder entrevistas, conforme a Portaria n\u00ba 560, de 27 de fevereiro de 2020, sem pr\u00e9vio contato com a assessoria do \u00f3rg\u00e3o.&nbsp;<\/p>\n\n\n\n\n\n<h4 class=\"wp-block-heading\"><strong>\u2018N\u00e3o \u00e9 pra queimada nada\u2019, disse Bolsonaro<\/strong><\/h4>\n\n\n\n<figure class=\"wp-block-image\"><img data-recalc-dims=\"1\" height=\"401\" width=\"600\" decoding=\"async\" src=\"https:\/\/i0.wp.com\/amazoniareal.com.br\/wp-content\/uploads\/2020\/01\/Bolsonaro-e-Salles-Foto-Marcos-Corr%25C3%25AAa-PR-1024x684.jpg?resize=600%2C401\" alt=\"\" class=\"wp-image-50641\"\/><figcaption>O Presidente Jair Bolsonaro cumprimenta o ministro do Meio Ambiente, Ricardo Salles<br>(Foto: Marcos Corr\u00eaa\/PR)<\/figcaption><\/figure>\n\n\n\n<p>O enfraquecimento das pol\u00edticas e a\u00e7\u00f5es de fiscaliza\u00e7\u00e3o ao desmatamento da Amaz\u00f4nia faz parte de uma l\u00f3gica do governo de Jair Bolsonaro, que n\u00e3o esconde sua inten\u00e7\u00e3o de explorar economicamente a regi\u00e3o e \u00e9 um claro inimigo dos povos tradicionais da floresta.&nbsp;<\/p>\n\n\n\n<p>Em 2019, a&nbsp;<a href=\"https:\/\/www1.folha.uol.com.br\/ambiente\/2019\/04\/bolsonaro-desautoriza-operacao-em-andamento-do-ibama-contra-madeira-ilegal-em-ro.shtml\" target=\"_blank\" rel=\"noreferrer noopener\"><em>Folha de S.Paulo<\/em>&nbsp;publicou que Bolsonaro desautorizou<\/a>, em um v\u00eddeo que circulou nas redes sociais, uma opera\u00e7\u00e3o em andamento do Ibama contra roubo de madeira dentro da Floresta Nacional (Flona) do Jamari, em Rond\u00f4nia. Os fiscais do Ibama queimaram caminh\u00f5es e tratores e acusa\u00e7\u00f5es por crimes ambientais. \u201cN\u00e3o \u00e9 pra queimar nada, maquin\u00e1rio, trator, seja o que for, n\u00e3o \u00e9 esse procedimento, n\u00e3o \u00e9 essa a nossa orienta\u00e7\u00e3o\u201d, disse o presidente.<\/p>\n\n\n\n<p>No ano passado, houve um ataque de populares contra uma opera\u00e7\u00e3o de fiscaliza\u00e7\u00e3o do Ibama no distrito de Espig\u00e3o do Oeste pr\u00f3ximo \u00e0 Reserva Ind\u00edgena Roosevelt, dos ind\u00edgenas Cinta-Larga, no sul de Rond\u00f4nia. Um caminh\u00e3o-tanque que levava combust\u00edvel para abastecimento de tr\u00eas helic\u00f3pteros foi incendiado.<\/p>\n\n\n\n<p>Duas semanas ap\u00f3s o ataque, o&nbsp;<a href=\"https:\/\/www1.folha.uol.com.br\/ambiente\/2019\/07\/salles-faz-visita-a-madeireiros-em-rondonia-apos-atos-contra-ibama.shtml\" target=\"_blank\" rel=\"noreferrer noopener\">ministro Ricardo Salles foi pessoalmente<\/a>&nbsp;\u00e0 regi\u00e3o e declarou: \u201cO que acontece hoje no Brasil, infelizmente, \u00e9 o resultado de anos e anos e anos de uma pol\u00edtica p\u00fablica da produ\u00e7\u00e3o de leis, regras, de regulamentos que nem sempre guardam rela\u00e7\u00e3o com o mundo real. O que estamos fazendo agora \u00e9 justamente aproximar a parte legal do mundo real que acontece em todo pa\u00eds de norte a sul\u201d.<\/p>\n\n\n\n<p><a rel=\"noreferrer noopener\" href=\"https:\/\/youtu.be\/d6YSgjpfc3w\" target=\"_blank\">Em agosto de 2019, um \u00e1udio do deputado federal L\u00facio Mosquini (MDB-RO)<\/a>, que circulou no aplicativo de WhatsApp, levou a madeireiros o compromisso do governo Bolsonaro com a flexibiliza\u00e7\u00e3o da legisla\u00e7\u00e3o ambiental na Amaz\u00f4nia. \u201cPrimeiro, hoje est\u00e1 sendo substitu\u00eddo l\u00e1 em Espig\u00e3o Do Oeste, os fiscais do Ibama. Quem j\u00e1 estava trabalhando na opera\u00e7\u00e3o ser\u00e1 substitu\u00eddo por outros fiscais, at\u00e9 mesmo para evitar qualquer tipo de descontentamento\u201d, disse Mosquini.<\/p>\n\n\n\n<p>Outro&nbsp;<a href=\"https:\/\/www1.folha.uol.com.br\/ambiente\/2019\/10\/em-audios-ex-senador-previne-garimpeiros-sobre-fiscalizacao-do-ibama.shtml\" target=\"_blank\" rel=\"noreferrer noopener\">\u00e1udio distribu\u00eddo foi divulgado pela&nbsp;<em>Folha&nbsp;<\/em>em outubro de 2019<\/a>&nbsp;e revelou orienta\u00e7\u00e3o do ex-senador cassado Ernandes Amorim a garimpeiros contra opera\u00e7\u00e3o do Ibama. \u201c\u00c9 muito f\u00e1cil o cara chegar e queimar material dos outros. Na hora que \u2018neguinho\u2019 tiver queimando casa de um, botando fogo na casa de outro, explodindo aqui, explodindo ali, a\u00ed \u2018nego\u2019 come\u00e7a a ver que tem que parar pra acertar\u201d, disse Amorim.<\/p>\n\n\n\n<p>O embate entre pol\u00edticos, madeireiros, fazendeiros e fiscais do Ibama teve seu \u00e1pice em agosto de 2019, quando um grupo de comerciantes anunciou atear fogo nas florestas nos munic\u00edpios de Novo Progresso e S\u00e3o F\u00e9lix do Xingu,&nbsp;<a href=\"https:\/\/amazoniareal.com.br\/amazonia-em-chamas-ibama-pediu-apoio-a-forca-nacional-para-deter-o-dia-do-fogo-mas-moro-nao-atendeu\/\">a\u00e7\u00e3o ficou conhecida como \u201co dia do fogo\u201d<\/a>.&nbsp;Com o ato, o grupo cobrou do presidente Bolsonaro a promessa de que fiscais do Ibama n\u00e3o iriam mais destruir maquin\u00e1rios apreendidos em opera\u00e7\u00f5es.<\/p>\n\n\n\n<p>Todos esses epis\u00f3dios estimularam o descontrole das queimadas no per\u00edodo cr\u00edtico entre maio e outubro de 2019, com 10.792 focos de calor registrados pelo Inpe no estado,&nbsp;<a rel=\"noreferrer noopener\" href=\"http:\/\/queimadas.dgi.inpe.br\/queimadas\/bdqueimadas\" target=\"_blank\">sendo 32,5% deles na capital Porto Velho<\/a>. Os munic\u00edpios de Nova Mamor\u00e9, Cujubim, Candeias do Jamari, Machadinho D\u2019Oeste, Buritis e Vilhena foram os mais afetados.<\/p>\n\n\n\n\n\n<h4 class=\"wp-block-heading\"><strong>O que dizem as autoridades<\/strong><\/h4>\n\n\n\n<p>Procurado pela&nbsp;<strong>Amaz\u00f4nia Real<\/strong>&nbsp;para falar, a assessoria de imprensa do governador Marcos Rocha respondeu dizendo que ele \u201cn\u00e3o se posicionar\u00e1 sobre o assunto\u201d, isto \u00e9, a decis\u00e3o do comandante-geral da PM de Rond\u00f4nia, coronel Alexandre Almeida, que suspendeu o apoio ao Ibama e ao ICMBio.<\/p>\n\n\n\n<p>O Minist\u00e9rio do Meio Ambiente informou que o assunto est\u00e1 sendo tratado pelo comandante da Opera\u00e7\u00e3o Verde Brasil 2, o vice-presidente da Rep\u00fablica, general Hamilton Mour\u00e3o. A reportagem enviou perguntas ao vice-presidente, que n\u00e3o se pronunciou at\u00e9 a publica\u00e7\u00e3o desta reportagem.&nbsp;<strong>(Colaborou K\u00e1tia Brasil)<\/strong><\/p>\n\n\n\n<figure class=\"wp-block-image\"><img data-recalc-dims=\"1\" height=\"400\" width=\"600\" decoding=\"async\" src=\"https:\/\/i0.wp.com\/amazoniareal.com.br\/wp-content\/uploads\/2019\/09\/6F3A5350-1024x683.jpg?resize=600%2C400\" alt=\"\" class=\"wp-image-45831\"\/><figcaption>Queimas em Porto Velho, em 2019 (Foto de Michael Dantas\/WWF-Brasil<\/figcaption><\/figure>\n\n\n\n<hr class=\"wp-block-separator\"\/>\n\n\n\n<p>Leia tamb\u00e9m aqui: <a href=\"https:\/\/amazoniareal.com.br\/e-melhor-preservar-vidas-do-que-vegetacao-diz-comandante-da-pm-de-rondonia\/\">https:\/\/amazoniareal.com.br\/e-melhor-preservar-vidas-do-que-vegetacao-diz-comandante-da-pm-de-rondonia\/<\/a><\/p>\n","protected":false},"excerpt":{"rendered":"<p>Por Luciana Oliveira, especial para Amaz\u00f4nia Real &#8211; A frase \u00e9 do coronel Alexandre Lu\u00eds de Freitas de Almeida ao justificar a suspens\u00e3o, no dia 9 de junho, do apoio da pol\u00edcia nas a\u00e7\u00f5es de combate ao desmatamento pelo Ibama, que incinera maquin\u00e1rio de madeireiros. Na imagem, o Grupo Especializado de Fiscaliza\u00e7\u00e3o (GEF) do Ibama&#8230;<a class=\"more-link\" href=\"http:\/\/blogdalucianaoliveira.com.br\/blog\/2020\/06\/22\/e-melhor-preservar-vidas-do-que-vegetacao-diz-comandante-da-pm-de-rondonia\/\">Continue a leitura <span class=\"meta-nav\">&raquo;<\/span><\/a><\/p>\n","protected":false},"author":1,"featured_media":0,"comment_status":"closed","ping_status":"open","sticky":false,"template":"","format":"standard","meta":{"_exactmetrics_skip_tracking":false,"_exactmetrics_sitenote_active":false,"_exactmetrics_sitenote_note":"","_exactmetrics_sitenote_category":0,"jetpack_post_was_ever_published":false,"_jetpack_newsletter_access":"","_jetpack_dont_email_post_to_subs":false,"_jetpack_newsletter_tier_id":0,"_jetpack_memberships_contains_paywalled_content":false,"_jetpack_memberships_contains_paid_content":false,"footnotes":"","jetpack_publicize_message":"","jetpack_publicize_feature_enabled":true,"jetpack_social_post_already_shared":true,"jetpack_social_options":{"image_generator_settings":{"template":"highway","enabled":false},"version":2}},"categories":[1],"tags":[384,387,385],"class_list":["post-28895","post","type-post","status-publish","format-standard","hentry","category-notas","tag-amazonia-real","tag-desmatamento","tag-pm"],"jetpack_publicize_connections":[],"jetpack_sharing_enabled":true,"jetpack_featured_media_url":"","jetpack_shortlink":"https:\/\/wp.me\/p7wKYW-7w3","jetpack-related-posts":[],"_links":{"self":[{"href":"http:\/\/blogdalucianaoliveira.com.br\/blog\/wp-json\/wp\/v2\/posts\/28895","targetHints":{"allow":["GET"]}}],"collection":[{"href":"http:\/\/blogdalucianaoliveira.com.br\/blog\/wp-json\/wp\/v2\/posts"}],"about":[{"href":"http:\/\/blogdalucianaoliveira.com.br\/blog\/wp-json\/wp\/v2\/types\/post"}],"author":[{"embeddable":true,"href":"http:\/\/blogdalucianaoliveira.com.br\/blog\/wp-json\/wp\/v2\/users\/1"}],"replies":[{"embeddable":true,"href":"http:\/\/blogdalucianaoliveira.com.br\/blog\/wp-json\/wp\/v2\/comments?post=28895"}],"version-history":[{"count":2,"href":"http:\/\/blogdalucianaoliveira.com.br\/blog\/wp-json\/wp\/v2\/posts\/28895\/revisions"}],"predecessor-version":[{"id":28898,"href":"http:\/\/blogdalucianaoliveira.com.br\/blog\/wp-json\/wp\/v2\/posts\/28895\/revisions\/28898"}],"wp:attachment":[{"href":"http:\/\/blogdalucianaoliveira.com.br\/blog\/wp-json\/wp\/v2\/media?parent=28895"}],"wp:term":[{"taxonomy":"category","embeddable":true,"href":"http:\/\/blogdalucianaoliveira.com.br\/blog\/wp-json\/wp\/v2\/categories?post=28895"},{"taxonomy":"post_tag","embeddable":true,"href":"http:\/\/blogdalucianaoliveira.com.br\/blog\/wp-json\/wp\/v2\/tags?post=28895"}],"curies":[{"name":"wp","href":"https:\/\/api.w.org\/{rel}","templated":true}]}}