{"id":28902,"date":"2020-06-23T12:11:24","date_gmt":"2020-06-23T16:11:24","guid":{"rendered":"http:\/\/blogdalucianaoliveira.com.br\/blog\/?p=28902"},"modified":"2020-06-23T12:11:29","modified_gmt":"2020-06-23T16:11:29","slug":"brasileira-residente-na-italia-faz-campanha-por-indigenas-kassupa","status":"publish","type":"post","link":"http:\/\/blogdalucianaoliveira.com.br\/blog\/2020\/06\/23\/brasileira-residente-na-italia-faz-campanha-por-indigenas-kassupa\/","title":{"rendered":"Brasileira residente na It\u00e1lia faz campanha por ind\u00edgenas Kassup\u00e1"},"content":{"rendered":"\n<figure class=\"wp-block-image size-large\"><img data-recalc-dims=\"1\" loading=\"lazy\" decoding=\"async\" width=\"600\" height=\"399\" data-attachment-id=\"28903\" data-permalink=\"http:\/\/blogdalucianaoliveira.com.br\/blog\/2020\/06\/23\/brasileira-residente-na-italia-faz-campanha-por-indigenas-kassupa\/dc33f0e8-69f6-4924-b895-fde81c8a158a\/\" data-orig-file=\"https:\/\/i0.wp.com\/blogdalucianaoliveira.com.br\/blog\/wp-content\/uploads\/2020\/06\/DC33F0E8-69F6-4924-B895-FDE81C8A158A.jpeg?fit=828%2C550\" data-orig-size=\"828,550\" data-comments-opened=\"0\" data-image-meta=\"{&quot;aperture&quot;:&quot;0&quot;,&quot;credit&quot;:&quot;&quot;,&quot;camera&quot;:&quot;&quot;,&quot;caption&quot;:&quot;&quot;,&quot;created_timestamp&quot;:&quot;0&quot;,&quot;copyright&quot;:&quot;&quot;,&quot;focal_length&quot;:&quot;0&quot;,&quot;iso&quot;:&quot;0&quot;,&quot;shutter_speed&quot;:&quot;0&quot;,&quot;title&quot;:&quot;&quot;,&quot;orientation&quot;:&quot;1&quot;}\" data-image-title=\"DC33F0E8-69F6-4924-B895-FDE81C8A158A\" data-image-description=\"\" data-image-caption=\"\" data-medium-file=\"https:\/\/i0.wp.com\/blogdalucianaoliveira.com.br\/blog\/wp-content\/uploads\/2020\/06\/DC33F0E8-69F6-4924-B895-FDE81C8A158A.jpeg?fit=300%2C199\" data-large-file=\"https:\/\/i0.wp.com\/blogdalucianaoliveira.com.br\/blog\/wp-content\/uploads\/2020\/06\/DC33F0E8-69F6-4924-B895-FDE81C8A158A.jpeg?fit=600%2C399\" src=\"https:\/\/i0.wp.com\/blogdalucianaoliveira.com.br\/blog\/wp-content\/uploads\/2020\/06\/DC33F0E8-69F6-4924-B895-FDE81C8A158A.jpeg?resize=600%2C399\" alt=\"\" class=\"wp-image-28903\" srcset=\"https:\/\/i0.wp.com\/blogdalucianaoliveira.com.br\/blog\/wp-content\/uploads\/2020\/06\/DC33F0E8-69F6-4924-B895-FDE81C8A158A.jpeg?w=828 828w, https:\/\/i0.wp.com\/blogdalucianaoliveira.com.br\/blog\/wp-content\/uploads\/2020\/06\/DC33F0E8-69F6-4924-B895-FDE81C8A158A.jpeg?resize=300%2C199 300w, https:\/\/i0.wp.com\/blogdalucianaoliveira.com.br\/blog\/wp-content\/uploads\/2020\/06\/DC33F0E8-69F6-4924-B895-FDE81C8A158A.jpeg?resize=768%2C510 768w, https:\/\/i0.wp.com\/blogdalucianaoliveira.com.br\/blog\/wp-content\/uploads\/2020\/06\/DC33F0E8-69F6-4924-B895-FDE81C8A158A.jpeg?resize=452%2C300 452w\" sizes=\"auto, (max-width: 600px) 100vw, 600px\" \/><\/figure>\n\n\n\n<p>Covid19-Aiutiamo il popolo indigeno dell&#8217;Amazzonia.<\/p>\n\n\n\n<!--more-->\n\n\n\n<p>Os povos ind\u00edgenas da Amaz\u00f4nia brasileira est\u00e3o passando por momentos dram\u00e1ticos. O Covid-19 est\u00e1 amea\u00e7ando a sobreviv\u00eancia deles. Sem empregos e sem ajuda eles correm o risco de desaparecer!<\/p>\n\n\n\n<p>Eles precisam da nossa ajuda agora!<\/p>\n\n\n\n<p>Meu nome \u00e9 Ivanilde Carvalho, sou ativista dos direitos humanos e da defesa dos povos nativos e foi nesse \u00e2mbito que conheci Jos\u00e9 Luis Kassup\u00e1, coordenador da Organiza\u00e7\u00e3o dos Povos Ind\u00edgenas de Rond\u00f4nia, Noroeste do Mato Grosso e Sul da Amaz\u00f4nia (Opiroma). Recebi essa semana um pedido dram\u00e1tico de ajuda dele. Por isso decidi organir essa coleta que fornecera kits b\u00e1sico de sa\u00fade e cestas b\u00e1sicas de alimentos a familias ind\u00edgenas.<\/p>\n\n\n\n<figure class=\"wp-block-image size-large\"><img loading=\"lazy\" decoding=\"async\" width=\"1093\" height=\"1093\" data-attachment-id=\"28904\" data-permalink=\"http:\/\/blogdalucianaoliveira.com.br\/blog\/2020\/06\/23\/brasileira-residente-na-italia-faz-campanha-por-indigenas-kassupa\/1b4501f0-e08f-4bcb-8482-6ccfa4f24daa\/\" data-orig-file=\"https:\/\/i0.wp.com\/blogdalucianaoliveira.com.br\/blog\/wp-content\/uploads\/2020\/06\/1B4501F0-E08F-4BCB-8482-6CCFA4F24DAA.jpeg?fit=1093%2C1093\" data-orig-size=\"1093,1093\" data-comments-opened=\"0\" data-image-meta=\"{&quot;aperture&quot;:&quot;0&quot;,&quot;credit&quot;:&quot;&quot;,&quot;camera&quot;:&quot;&quot;,&quot;caption&quot;:&quot;&quot;,&quot;created_timestamp&quot;:&quot;0&quot;,&quot;copyright&quot;:&quot;&quot;,&quot;focal_length&quot;:&quot;0&quot;,&quot;iso&quot;:&quot;0&quot;,&quot;shutter_speed&quot;:&quot;0&quot;,&quot;title&quot;:&quot;&quot;,&quot;orientation&quot;:&quot;1&quot;}\" data-image-title=\"1B4501F0-E08F-4BCB-8482-6CCFA4F24DAA\" data-image-description=\"\" data-image-caption=\"\" data-medium-file=\"https:\/\/i0.wp.com\/blogdalucianaoliveira.com.br\/blog\/wp-content\/uploads\/2020\/06\/1B4501F0-E08F-4BCB-8482-6CCFA4F24DAA.jpeg?fit=300%2C300\" data-large-file=\"https:\/\/i0.wp.com\/blogdalucianaoliveira.com.br\/blog\/wp-content\/uploads\/2020\/06\/1B4501F0-E08F-4BCB-8482-6CCFA4F24DAA.jpeg?fit=600%2C600\" src=\"https:\/\/i2.wp.com\/blogdalucianaoliveira.com.br\/blog\/wp-content\/uploads\/2020\/06\/1B4501F0-E08F-4BCB-8482-6CCFA4F24DAA.jpeg?fit=600%2C600\" alt=\"\" class=\"wp-image-28904\" srcset=\"https:\/\/i0.wp.com\/blogdalucianaoliveira.com.br\/blog\/wp-content\/uploads\/2020\/06\/1B4501F0-E08F-4BCB-8482-6CCFA4F24DAA.jpeg?w=1093 1093w, https:\/\/i0.wp.com\/blogdalucianaoliveira.com.br\/blog\/wp-content\/uploads\/2020\/06\/1B4501F0-E08F-4BCB-8482-6CCFA4F24DAA.jpeg?resize=300%2C300 300w, https:\/\/i0.wp.com\/blogdalucianaoliveira.com.br\/blog\/wp-content\/uploads\/2020\/06\/1B4501F0-E08F-4BCB-8482-6CCFA4F24DAA.jpeg?resize=1024%2C1024 1024w, https:\/\/i0.wp.com\/blogdalucianaoliveira.com.br\/blog\/wp-content\/uploads\/2020\/06\/1B4501F0-E08F-4BCB-8482-6CCFA4F24DAA.jpeg?resize=150%2C150 150w, https:\/\/i0.wp.com\/blogdalucianaoliveira.com.br\/blog\/wp-content\/uploads\/2020\/06\/1B4501F0-E08F-4BCB-8482-6CCFA4F24DAA.jpeg?resize=768%2C768 768w\" sizes=\"auto, (max-width: 600px) 100vw, 600px\" \/><\/figure>\n\n\n\n<p><br> Essa arrecada\u00e7\u00e3o tem como objetivo concreto fornecer a 70 fam\u00edlias, j\u00e1 identificadas por Jos\u00e9 Luis Kassup\u00e1, um kit b\u00e1sico de sa\u00fade anti-Covid (m\u00e1scaras, desinfetantes, etc.) e cestas b\u00e1sicas de alimentos para enfrentar esse per\u00edodo de isolamento sem serem for\u00e7ados a mendigar ou deixar suas Aldeias, com todos os riscos que isso acarretaria.<\/p>\n\n\n\n<p><br> Os recursos arrecadados ser\u00e3o imediatamente encaminhados \u00e0 Organiza\u00e7\u00e3o dos Povos Ind\u00edgenas de Rond\u00f4nia (Opiroma) que se encarregar\u00e1 de distibuir os items \u00e0s familias identificadas que pertecem \u00e0s seguintes comuidades:<\/p>\n\n\n\n<p>1) Ind\u00edgenas do Contexto Urbano<br>\n2) Aldeia Tubar\u00e3o Latund\u00ea<br>\n3) Aldeia Mamaind\u00ea central<br>\n4) Aldeia Aroeira<br>\n5) Aldeia Sawaint\u00ea<br>\n6) Aldeia Terena<br>\n7) Aldeia Indigena Guarassuw\u00ea<\/p>\n\n\n\n<p>Vamos ajudar esses povos que j\u00e1 lutam para resistir aos predatores que gostariam de priv\u00e1-los de suas terras e explor\u00e1-los economicamente, destruindo ao mesmo tempo os recursos naturais e a biodiversidade!<\/p>\n\n\n\n<p>Doe aqui: <a href=\"https:\/\/gf.me\/u\/x5stw7\">https:\/\/gf.me\/u\/x5stw7<\/a><\/p>\n\n\n\n<figure class=\"wp-block-embed-youtube wp-block-embed is-type-video is-provider-youtube wp-embed-aspect-16-9 wp-has-aspect-ratio\"><div class=\"wp-block-embed__wrapper\">\n<div class=\"jetpack-video-wrapper\"><span class=\"embed-youtube\" style=\"text-align:center; display: block;\"><iframe loading=\"lazy\" class=\"youtube-player\" width=\"600\" height=\"338\" src=\"https:\/\/www.youtube.com\/embed\/bTEbanzjPfo?version=3&#038;rel=1&#038;showsearch=0&#038;showinfo=1&#038;iv_load_policy=1&#038;fs=1&#038;hl=pt-BR&#038;autohide=2&#038;wmode=transparent\" allowfullscreen=\"true\" style=\"border:0;\" sandbox=\"allow-scripts allow-same-origin allow-popups allow-presentation allow-popups-to-escape-sandbox\"><\/iframe><\/span><\/div>\n<\/div><\/figure>\n","protected":false},"excerpt":{"rendered":"<p>Covid19-Aiutiamo il popolo indigeno dell&#8217;Amazzonia.<\/p>\n","protected":false},"author":1,"featured_media":0,"comment_status":"closed","ping_status":"open","sticky":false,"template":"","format":"standard","meta":{"_exactmetrics_skip_tracking":false,"_exactmetrics_sitenote_active":false,"_exactmetrics_sitenote_note":"","_exactmetrics_sitenote_category":0,"jetpack_post_was_ever_published":false,"_jetpack_newsletter_access":"","_jetpack_dont_email_post_to_subs":false,"_jetpack_newsletter_tier_id":0,"_jetpack_memberships_contains_paywalled_content":false,"_jetpack_memberships_contains_paid_content":false,"footnotes":"","jetpack_publicize_message":"","jetpack_publicize_feature_enabled":true,"jetpack_social_post_already_shared":true,"jetpack_social_options":{"image_generator_settings":{"template":"highway","enabled":false},"version":2}},"categories":[1],"tags":[],"class_list":["post-28902","post","type-post","status-publish","format-standard","hentry","category-notas"],"jetpack_publicize_connections":[],"jetpack_sharing_enabled":true,"jetpack_featured_media_url":"","jetpack_shortlink":"https:\/\/wp.me\/p7wKYW-7wa","jetpack-related-posts":[],"_links":{"self":[{"href":"http:\/\/blogdalucianaoliveira.com.br\/blog\/wp-json\/wp\/v2\/posts\/28902","targetHints":{"allow":["GET"]}}],"collection":[{"href":"http:\/\/blogdalucianaoliveira.com.br\/blog\/wp-json\/wp\/v2\/posts"}],"about":[{"href":"http:\/\/blogdalucianaoliveira.com.br\/blog\/wp-json\/wp\/v2\/types\/post"}],"author":[{"embeddable":true,"href":"http:\/\/blogdalucianaoliveira.com.br\/blog\/wp-json\/wp\/v2\/users\/1"}],"replies":[{"embeddable":true,"href":"http:\/\/blogdalucianaoliveira.com.br\/blog\/wp-json\/wp\/v2\/comments?post=28902"}],"version-history":[{"count":1,"href":"http:\/\/blogdalucianaoliveira.com.br\/blog\/wp-json\/wp\/v2\/posts\/28902\/revisions"}],"predecessor-version":[{"id":28905,"href":"http:\/\/blogdalucianaoliveira.com.br\/blog\/wp-json\/wp\/v2\/posts\/28902\/revisions\/28905"}],"wp:attachment":[{"href":"http:\/\/blogdalucianaoliveira.com.br\/blog\/wp-json\/wp\/v2\/media?parent=28902"}],"wp:term":[{"taxonomy":"category","embeddable":true,"href":"http:\/\/blogdalucianaoliveira.com.br\/blog\/wp-json\/wp\/v2\/categories?post=28902"},{"taxonomy":"post_tag","embeddable":true,"href":"http:\/\/blogdalucianaoliveira.com.br\/blog\/wp-json\/wp\/v2\/tags?post=28902"}],"curies":[{"name":"wp","href":"https:\/\/api.w.org\/{rel}","templated":true}]}}