{"id":28906,"date":"2020-06-23T13:17:35","date_gmt":"2020-06-23T17:17:35","guid":{"rendered":"http:\/\/blogdalucianaoliveira.com.br\/blog\/?p=28906"},"modified":"2020-06-23T13:17:44","modified_gmt":"2020-06-23T17:17:44","slug":"justica-federal-obriga-bolsonaro-a-utilizar-mascara-facial-em-espacos-publicos-do-df","status":"publish","type":"post","link":"http:\/\/blogdalucianaoliveira.com.br\/blog\/2020\/06\/23\/justica-federal-obriga-bolsonaro-a-utilizar-mascara-facial-em-espacos-publicos-do-df\/","title":{"rendered":"Justi\u00e7a Federal obriga Bolsonaro a utilizar m\u00e1scara facial em espa\u00e7os p\u00fablicos do DF"},"content":{"rendered":"\n<p><br><\/p>\n\n\n\n<figure class=\"wp-block-image size-large\"><img data-recalc-dims=\"1\" loading=\"lazy\" decoding=\"async\" width=\"600\" height=\"450\" data-attachment-id=\"28907\" data-permalink=\"http:\/\/blogdalucianaoliveira.com.br\/blog\/2020\/06\/23\/justica-federal-obriga-bolsonaro-a-utilizar-mascara-facial-em-espacos-publicos-do-df\/image-68-6\/\" data-orig-file=\"https:\/\/i0.wp.com\/blogdalucianaoliveira.com.br\/blog\/wp-content\/uploads\/2020\/06\/image-68.jpeg?fit=640%2C480\" data-orig-size=\"640,480\" data-comments-opened=\"0\" data-image-meta=\"{&quot;aperture&quot;:&quot;0&quot;,&quot;credit&quot;:&quot;&quot;,&quot;camera&quot;:&quot;&quot;,&quot;caption&quot;:&quot;&quot;,&quot;created_timestamp&quot;:&quot;0&quot;,&quot;copyright&quot;:&quot;&quot;,&quot;focal_length&quot;:&quot;0&quot;,&quot;iso&quot;:&quot;0&quot;,&quot;shutter_speed&quot;:&quot;0&quot;,&quot;title&quot;:&quot;&quot;,&quot;orientation&quot;:&quot;0&quot;}\" data-image-title=\"image-68\" data-image-description=\"\" data-image-caption=\"\" data-medium-file=\"https:\/\/i0.wp.com\/blogdalucianaoliveira.com.br\/blog\/wp-content\/uploads\/2020\/06\/image-68.jpeg?fit=300%2C225\" data-large-file=\"https:\/\/i0.wp.com\/blogdalucianaoliveira.com.br\/blog\/wp-content\/uploads\/2020\/06\/image-68.jpeg?fit=600%2C450\" src=\"https:\/\/i0.wp.com\/blogdalucianaoliveira.com.br\/blog\/wp-content\/uploads\/2020\/06\/image-68.jpeg?resize=600%2C450\" alt=\"\" class=\"wp-image-28907\" srcset=\"https:\/\/i0.wp.com\/blogdalucianaoliveira.com.br\/blog\/wp-content\/uploads\/2020\/06\/image-68.jpeg?w=640 640w, https:\/\/i0.wp.com\/blogdalucianaoliveira.com.br\/blog\/wp-content\/uploads\/2020\/06\/image-68.jpeg?resize=300%2C225 300w, https:\/\/i0.wp.com\/blogdalucianaoliveira.com.br\/blog\/wp-content\/uploads\/2020\/06\/image-68.jpeg?resize=400%2C300 400w\" sizes=\"auto, (max-width: 600px) 100vw, 600px\" \/><\/figure>\n\n\n\n<p><\/p>\n\n\n\n<h4 class=\"wp-block-heading\">Medida se estende a servidores p\u00fablicos do Governo federal e descumprimento pode levar a multa de 2.000 reais. A\u00e7\u00e3o classificou conduta do presidente como &#8220;irrespons\u00e1vel&#8221;<\/h4>\n\n\n\n<!--more-->\n\n\n\n<p><a href=\"https:\/\/brasil.elpais.com\/autor\/diogo-magri\/\">DIOGO MAGRI<\/a>, no El Pa\u00eds<\/p>\n\n\n\n<p>A Justi\u00e7a Federal publicou nesta ter\u00e7a-feira uma decis\u00e3o liminar (provis\u00f3ria) que obriga\u00a0<a rel=\"noreferrer noopener\" href=\"https:\/\/brasil.elpais.com\/noticias\/jair-messias-bolsonaro\/\" target=\"_blank\">o presidente Jair Bolsonaro<\/a>\u00a0(sem partido) a usar m\u00e1scaras de prote\u00e7\u00e3o em espa\u00e7os p\u00fablicos do Distrito Federal. A determina\u00e7\u00e3o, que se estende a todos os servidores p\u00fablicos do Governo federal, atende a uma a\u00e7\u00e3o civil p\u00fablica movida por um advogado de Bras\u00edlia, que chama de\u00a0<a rel=\"noreferrer noopener\" href=\"https:\/\/brasil.elpais.com\/brasil\/2020-06-22\/apos-flerte-com-golpe-bolsonaro-diz-que-missao-de-militares-e-a-defesa-da-democracia.html\" target=\"_blank\">\u201cconduta irrespons\u00e1vel\u201d a decis\u00e3o de Bolsonaro<\/a>de n\u00e3o utilizar o item de prote\u00e7\u00e3o contra a\u00a0<a rel=\"noreferrer noopener\" href=\"https:\/\/brasil.elpais.com\/noticias\/coronavirus\/\" target=\"_blank\">pandemia do novo coronav\u00edrus<\/a>. Em caso de descumprimento, o presidente ser\u00e1 multado em 2.000 reais.<\/p>\n\n\n\n<p>O Brasil \u00e9 o segundo pa\u00eds em n\u00famero de infectados pelo novo coronav\u00edrus, com mais de 1,1 milh\u00e3o de pessoas que contra\u00edram a doen\u00e7a, atr\u00e1s somente dos Estados Unidos (com 2,3 milh\u00f5es de infectados). Tamb\u00e9m \u00e9 o segundo em mortes: mais de 51.000 pessoas morreram desde o in\u00edcio da crise sanit\u00e1ria. Mesmo assim,\u00a0<a rel=\"noreferrer noopener\" href=\"https:\/\/brasil.elpais.com\/brasil\/2020-06-08\/brasil-pagara-um-preco-incalculavel-por-ter-um-presidente-incapaz-na-pandemia.html\" target=\"_blank\">Bolsonaro se notabilizou por provocar aglomera\u00e7\u00f5es p\u00fablicas<\/a>\u00a0e desrespeitar as recomenda\u00e7\u00f5es de distanciamento social que impediriam a circula\u00e7\u00e3o do v\u00edrus. Em Bras\u00edlia, o presidente participou de manifesta\u00e7\u00f5es de apoio ao Governo nos dias 3 e 31 de maio, quando cavalgou e cumprimentou os manifestantes em frente ao Pal\u00e1cio do Planalto. Ele tamb\u00e9m fez um passeio de lancha no Lago Parano\u00e1 no dia 9 do mesmo m\u00eas e, no come\u00e7o de junho, foi fazer biometria para renovar sua Carteira Nacional de Habilita\u00e7\u00e3o no Departamento de Tr\u00e2nsito do DF.<\/p>\n\n\n\n<p>Apesar de ser obrigat\u00f3rio o uso de m\u00e1scara no Distrito Federal desde o dia 30 de abril, em nenhuma dessas apari\u00e7\u00f5es p\u00fablicas Bolsonaro usava o item protetor.<\/p>\n\n\n\n<p>Nesse sentido, um trecho da decis\u00e3o diz: \u201cA conduta do presidente da Rep\u00fablica, Jair Messias Bolsonaro, que tem se recusado a usar m\u00e1scara facial em atos e lugares p\u00fablicos no Distrito Federal, mostra claro intuito em descumprir as regras impostas pelo&nbsp;<a href=\"https:\/\/brasil.elpais.com\/brasil\/2020-06-13\/brasilia-relaxa-quarentena-enquanto-vizinha-ceilandia-multiplica-por-9-as-mortes-por-coronavirus.html\" target=\"_blank\" rel=\"noreferrer noopener\">Governo do Distrito Federal<\/a>, que nada tem feito, como dito nas linhas volvidas, para fiscalizar o uso do EPI\u201d (equipamentos de prote\u00e7\u00e3o individual). Portanto, a justificativa da a\u00e7\u00e3o \u00e9 de que \u201ca conduta omissiva da Uni\u00e3o e do DF e a conduta irrespons\u00e1vel do presidente tendem a, em um universo curto de tempo, esvaziar em boa parte as medidas de preven\u00e7\u00e3o adotadas, fazendo com que o Distrito Federal, que tem um dos mais baixos n\u00fameros de mortos, passe a assistir o incremento deste infausto indicativo\u201d. At\u00e9 esta ter\u00e7a-feira, a unidade federativa somava&nbsp;<a href=\"https:\/\/brasil.elpais.com\/brasil\/2020-06-23\/ao-vivo-noticias-sobre-o-coronavirus-e-a-crise-politica-do-governo-bolsonaro.html\" target=\"_blank\" rel=\"noreferrer noopener\">34.148 casos confirmados e 449 mortos pela covid-19<\/a>.<\/p>\n\n\n\n<p>No \u00faltimo dia 15 de junho, o Governo brasiliense multou o<a href=\"https:\/\/brasil.elpais.com\/brasil\/2020-06-18\/prestes-a-deixar-cargo-weintraub-revoga-portaria-de-cotas-a-negros-e-indigenas-na-pos-graduacao.html\" target=\"_blank\" rel=\"noreferrer noopener\">&nbsp;ex-ministro da Educa\u00e7\u00e3o Abraham Weintraub<\/a>, por n\u00e3o ter usado m\u00e1scara enquanto conversava, abra\u00e7ava e posava para fotos com manifestantes na Esplanada dos Minist\u00e9rios. O valor aplicado foi o m\u00e1ximo previsto da puni\u00e7\u00e3o: 2.000 reais. Quem for flagrado sem o acess\u00f3rio tamb\u00e9m pode responder pelo crime de infra\u00e7\u00e3o de medida sanit\u00e1ria, que pode levar at\u00e9 a um ano de pris\u00e3o. A fiscaliza\u00e7\u00e3o do uso de Bolsonaro e servidores do Governo federal ser\u00e1 feito pelas autoridades p\u00fablicas do Distrito Federal.<\/p>\n\n\n\n<p>At\u00e9 o momento, o presidente n\u00e3o se manifestou sobre a decis\u00e3o judicial.<\/p>\n\n\n\n<p><\/p>\n\n\n\n<p><\/p>\n","protected":false},"excerpt":{"rendered":"<p>Medida se estende a servidores p\u00fablicos do Governo federal e descumprimento pode levar a multa de 2.000 reais. A\u00e7\u00e3o classificou conduta do presidente como &#8220;irrespons\u00e1vel&#8221;<\/p>\n","protected":false},"author":1,"featured_media":0,"comment_status":"closed","ping_status":"open","sticky":false,"template":"","format":"standard","meta":{"_exactmetrics_skip_tracking":false,"_exactmetrics_sitenote_active":false,"_exactmetrics_sitenote_note":"","_exactmetrics_sitenote_category":0,"jetpack_post_was_ever_published":false,"_jetpack_newsletter_access":"","_jetpack_dont_email_post_to_subs":false,"_jetpack_newsletter_tier_id":0,"_jetpack_memberships_contains_paywalled_content":false,"_jetpack_memberships_contains_paid_content":false,"footnotes":"","jetpack_publicize_message":"","jetpack_publicize_feature_enabled":true,"jetpack_social_post_already_shared":true,"jetpack_social_options":{"image_generator_settings":{"template":"highway","enabled":false},"version":2}},"categories":[1],"tags":[],"class_list":["post-28906","post","type-post","status-publish","format-standard","hentry","category-notas"],"jetpack_publicize_connections":[],"jetpack_sharing_enabled":true,"jetpack_featured_media_url":"","jetpack_shortlink":"https:\/\/wp.me\/p7wKYW-7we","jetpack-related-posts":[],"_links":{"self":[{"href":"http:\/\/blogdalucianaoliveira.com.br\/blog\/wp-json\/wp\/v2\/posts\/28906","targetHints":{"allow":["GET"]}}],"collection":[{"href":"http:\/\/blogdalucianaoliveira.com.br\/blog\/wp-json\/wp\/v2\/posts"}],"about":[{"href":"http:\/\/blogdalucianaoliveira.com.br\/blog\/wp-json\/wp\/v2\/types\/post"}],"author":[{"embeddable":true,"href":"http:\/\/blogdalucianaoliveira.com.br\/blog\/wp-json\/wp\/v2\/users\/1"}],"replies":[{"embeddable":true,"href":"http:\/\/blogdalucianaoliveira.com.br\/blog\/wp-json\/wp\/v2\/comments?post=28906"}],"version-history":[{"count":1,"href":"http:\/\/blogdalucianaoliveira.com.br\/blog\/wp-json\/wp\/v2\/posts\/28906\/revisions"}],"predecessor-version":[{"id":28908,"href":"http:\/\/blogdalucianaoliveira.com.br\/blog\/wp-json\/wp\/v2\/posts\/28906\/revisions\/28908"}],"wp:attachment":[{"href":"http:\/\/blogdalucianaoliveira.com.br\/blog\/wp-json\/wp\/v2\/media?parent=28906"}],"wp:term":[{"taxonomy":"category","embeddable":true,"href":"http:\/\/blogdalucianaoliveira.com.br\/blog\/wp-json\/wp\/v2\/categories?post=28906"},{"taxonomy":"post_tag","embeddable":true,"href":"http:\/\/blogdalucianaoliveira.com.br\/blog\/wp-json\/wp\/v2\/tags?post=28906"}],"curies":[{"name":"wp","href":"https:\/\/api.w.org\/{rel}","templated":true}]}}