{"id":28909,"date":"2020-06-23T13:34:08","date_gmt":"2020-06-23T17:34:08","guid":{"rendered":"http:\/\/blogdalucianaoliveira.com.br\/blog\/?p=28909"},"modified":"2020-06-23T13:34:18","modified_gmt":"2020-06-23T17:34:18","slug":"45-anos-da-cpt","status":"publish","type":"post","link":"http:\/\/blogdalucianaoliveira.com.br\/blog\/2020\/06\/23\/45-anos-da-cpt\/","title":{"rendered":"45 anos da CPT"},"content":{"rendered":"\n<div class=\"fb-post\" data-href=\"https:\/\/www.facebook.com\/164188247072662\/posts\/1897023463789123\/?vh=e&#038;d=n\" data-width=\"552\"><\/div>\n\n\n\n<p>A Comiss\u00e3o Pastoral da Terra (CPT) nasceu em junho de 1975, durante o Encontro de Bispos e Prelados da Amaz\u00f4nia, convocado pela @CNBB &#8211; Confer\u00eancia dos Bispos, realizado em Goi\u00e2nia (GO). Foi fundada em plena ditadura militar, como resposta \u00e0 grave situa\u00e7\u00e3o vivida pelos trabalhadores rurais, posseiros e pe\u00f5es, sobretudo na Amaz\u00f4nia, explorados em seu trabalho, submetidos a condi\u00e7\u00f5es an\u00e1logas ao trabalho escravo e expulsos das terras que ocupavam.<\/p>\n\n\n\n<!--more-->\n\n\n\n<p>Os assim chamados posseiros da Amaz\u00f4nia foram os primeiros a receber aten\u00e7\u00e3o da CPT. Rapidamente, por\u00e9m, sua a\u00e7\u00e3o se estendeu a todo o Brasil, pois os trabalhadores e trabalhadoras da terra, os camponeses em suas mais diversas categorias, onde quer que estivessem, enfrentavam s\u00e9rios problemas.<br> Ela se destacou pela defesa do direito dos trabalhadores \u00e0 terra, sobretudo posseiros e sem-terra. S\u00f3 que a democratiza\u00e7\u00e3o do acesso \u00e0 terra passa pela quebra do latif\u00fandio, por isso, se envolveu diretamente com as diversas lutas e manifesta\u00e7\u00f5es em favor da Reforma Agr\u00e1ria.<br> Em cada regi\u00e3o, o trabalho da CPT adquiriu uma tonalidade diferente, de acordo com os desafios que a realidade local apresentava.<\/p>\n\n\n\n<p>#midianinja <\/p>\n","protected":false},"excerpt":{"rendered":"<p>A Comiss\u00e3o Pastoral da Terra (CPT) nasceu em junho de 1975, durante o Encontro de Bispos e Prelados da Amaz\u00f4nia, convocado pela @CNBB &#8211; Confer\u00eancia dos Bispos, realizado em Goi\u00e2nia (GO). Foi fundada em plena ditadura militar, como resposta \u00e0 grave situa\u00e7\u00e3o vivida pelos trabalhadores rurais, posseiros e pe\u00f5es, sobretudo na Amaz\u00f4nia, explorados em seu&#8230;<a class=\"more-link\" href=\"http:\/\/blogdalucianaoliveira.com.br\/blog\/2020\/06\/23\/45-anos-da-cpt\/\">Continue a leitura <span class=\"meta-nav\">&raquo;<\/span><\/a><\/p>\n","protected":false},"author":1,"featured_media":0,"comment_status":"closed","ping_status":"open","sticky":false,"template":"","format":"standard","meta":{"_exactmetrics_skip_tracking":false,"_exactmetrics_sitenote_active":false,"_exactmetrics_sitenote_note":"","_exactmetrics_sitenote_category":0,"jetpack_post_was_ever_published":false,"_jetpack_newsletter_access":"","_jetpack_dont_email_post_to_subs":false,"_jetpack_newsletter_tier_id":0,"_jetpack_memberships_contains_paywalled_content":false,"_jetpack_memberships_contains_paid_content":false,"footnotes":"","jetpack_publicize_message":"","jetpack_publicize_feature_enabled":true,"jetpack_social_post_already_shared":true,"jetpack_social_options":{"image_generator_settings":{"template":"highway","enabled":false},"version":2}},"categories":[1],"tags":[],"class_list":["post-28909","post","type-post","status-publish","format-standard","hentry","category-notas"],"jetpack_publicize_connections":[],"jetpack_sharing_enabled":true,"jetpack_featured_media_url":"","jetpack_shortlink":"https:\/\/wp.me\/p7wKYW-7wh","jetpack-related-posts":[],"_links":{"self":[{"href":"http:\/\/blogdalucianaoliveira.com.br\/blog\/wp-json\/wp\/v2\/posts\/28909","targetHints":{"allow":["GET"]}}],"collection":[{"href":"http:\/\/blogdalucianaoliveira.com.br\/blog\/wp-json\/wp\/v2\/posts"}],"about":[{"href":"http:\/\/blogdalucianaoliveira.com.br\/blog\/wp-json\/wp\/v2\/types\/post"}],"author":[{"embeddable":true,"href":"http:\/\/blogdalucianaoliveira.com.br\/blog\/wp-json\/wp\/v2\/users\/1"}],"replies":[{"embeddable":true,"href":"http:\/\/blogdalucianaoliveira.com.br\/blog\/wp-json\/wp\/v2\/comments?post=28909"}],"version-history":[{"count":1,"href":"http:\/\/blogdalucianaoliveira.com.br\/blog\/wp-json\/wp\/v2\/posts\/28909\/revisions"}],"predecessor-version":[{"id":28910,"href":"http:\/\/blogdalucianaoliveira.com.br\/blog\/wp-json\/wp\/v2\/posts\/28909\/revisions\/28910"}],"wp:attachment":[{"href":"http:\/\/blogdalucianaoliveira.com.br\/blog\/wp-json\/wp\/v2\/media?parent=28909"}],"wp:term":[{"taxonomy":"category","embeddable":true,"href":"http:\/\/blogdalucianaoliveira.com.br\/blog\/wp-json\/wp\/v2\/categories?post=28909"},{"taxonomy":"post_tag","embeddable":true,"href":"http:\/\/blogdalucianaoliveira.com.br\/blog\/wp-json\/wp\/v2\/tags?post=28909"}],"curies":[{"name":"wp","href":"https:\/\/api.w.org\/{rel}","templated":true}]}}