{"id":28929,"date":"2020-06-24T08:47:27","date_gmt":"2020-06-24T12:47:27","guid":{"rendered":"http:\/\/blogdalucianaoliveira.com.br\/blog\/?p=28929"},"modified":"2020-06-24T08:47:36","modified_gmt":"2020-06-24T12:47:36","slug":"fundos-que-administram-us-41-tri-em-ativos-pressionam-brasil-a-combater-desmatamento","status":"publish","type":"post","link":"http:\/\/blogdalucianaoliveira.com.br\/blog\/2020\/06\/24\/fundos-que-administram-us-41-tri-em-ativos-pressionam-brasil-a-combater-desmatamento\/","title":{"rendered":"Fundos que administram US$ 4,1 tri em ativos pressionam Brasil a combater desmatamento"},"content":{"rendered":"\n<figure class=\"wp-block-image size-large\"><img data-recalc-dims=\"1\" loading=\"lazy\" decoding=\"async\" width=\"600\" height=\"390\" data-attachment-id=\"28930\" data-permalink=\"http:\/\/blogdalucianaoliveira.com.br\/blog\/2020\/06\/24\/fundos-que-administram-us-41-tri-em-ativos-pressionam-brasil-a-combater-desmatamento\/66245199-fe06-43ce-beb7-10e3eddfb6fe\/\" data-orig-file=\"https:\/\/i0.wp.com\/blogdalucianaoliveira.com.br\/blog\/wp-content\/uploads\/2020\/06\/66245199-FE06-43CE-BEB7-10E3EDDFB6FE.jpeg?fit=828%2C538\" data-orig-size=\"828,538\" data-comments-opened=\"0\" data-image-meta=\"{&quot;aperture&quot;:&quot;0&quot;,&quot;credit&quot;:&quot;&quot;,&quot;camera&quot;:&quot;&quot;,&quot;caption&quot;:&quot;&quot;,&quot;created_timestamp&quot;:&quot;0&quot;,&quot;copyright&quot;:&quot;&quot;,&quot;focal_length&quot;:&quot;0&quot;,&quot;iso&quot;:&quot;0&quot;,&quot;shutter_speed&quot;:&quot;0&quot;,&quot;title&quot;:&quot;&quot;,&quot;orientation&quot;:&quot;1&quot;}\" data-image-title=\"66245199-FE06-43CE-BEB7-10E3EDDFB6FE\" data-image-description=\"\" data-image-caption=\"\" data-medium-file=\"https:\/\/i0.wp.com\/blogdalucianaoliveira.com.br\/blog\/wp-content\/uploads\/2020\/06\/66245199-FE06-43CE-BEB7-10E3EDDFB6FE.jpeg?fit=300%2C195\" data-large-file=\"https:\/\/i0.wp.com\/blogdalucianaoliveira.com.br\/blog\/wp-content\/uploads\/2020\/06\/66245199-FE06-43CE-BEB7-10E3EDDFB6FE.jpeg?fit=600%2C390\" src=\"https:\/\/i0.wp.com\/blogdalucianaoliveira.com.br\/blog\/wp-content\/uploads\/2020\/06\/66245199-FE06-43CE-BEB7-10E3EDDFB6FE.jpeg?resize=600%2C390\" alt=\"\" class=\"wp-image-28930\" srcset=\"https:\/\/i0.wp.com\/blogdalucianaoliveira.com.br\/blog\/wp-content\/uploads\/2020\/06\/66245199-FE06-43CE-BEB7-10E3EDDFB6FE.jpeg?w=828 828w, https:\/\/i0.wp.com\/blogdalucianaoliveira.com.br\/blog\/wp-content\/uploads\/2020\/06\/66245199-FE06-43CE-BEB7-10E3EDDFB6FE.jpeg?resize=300%2C195 300w, https:\/\/i0.wp.com\/blogdalucianaoliveira.com.br\/blog\/wp-content\/uploads\/2020\/06\/66245199-FE06-43CE-BEB7-10E3EDDFB6FE.jpeg?resize=768%2C499 768w, https:\/\/i0.wp.com\/blogdalucianaoliveira.com.br\/blog\/wp-content\/uploads\/2020\/06\/66245199-FE06-43CE-BEB7-10E3EDDFB6FE.jpeg?resize=462%2C300 462w\" sizes=\"auto, (max-width: 600px) 100vw, 600px\" \/><\/figure>\n\n\n\n<p>29 gestores enviam carta a embaixadas do Brasil para alertar sob problema, e membros do Parlamento Europeu procuram Maia.<\/p>\n\n\n\n<!--more-->\n\n\n\n<p><strong><a href=\"https:\/\/www1.folha.uol.com.br\/autores\/ana-estela-de-sousa-pinto.shtml\">Ana Estela de Sousa Pinto<\/a><\/strong><strong><a href=\"https:\/\/www1.folha.uol.com.br\/autores\/arthur-cagliari.shtml\">Arthur Cagliari<\/a><\/strong>, na FSP<\/p>\n\n\n\n<p>O&nbsp;<a href=\"https:\/\/www1.folha.uol.com.br\/ambiente\/2020\/05\/desmate-na-amazonia-sobe-durante-pandemia-e-acumula-alta-de-35-em-2020.shtml\">aumento do desmatamento<\/a>fez subir o tom de empresas, pol\u00edticos e entidades, principalmente da Europa, sobre o que consideram um descompromisso do governo brasileiro com a prote\u00e7\u00e3o ambiental.<\/p>\n\n\n\n<p>Nas \u00faltimas duas semanas, ao menos tr\u00eas a\u00e7\u00f5es foram patrocinadas por representantes desses setores, usando como forma de press\u00e3o a retirada de investimentos ou a cria\u00e7\u00e3o de obst\u00e1culos para aprovar o acordo de livre com\u00e9rcio entre a Uni\u00e3o Europeia e o Mercosul.<\/p>\n\n\n\n<p>Na noite desta segunda-feira (22), 29 fundos de investimento e pens\u00e3o, que juntos administram aproximadamente US$ 4,1 trilh\u00f5es (R$ 21,6 trilh\u00f5es), enviaram carta aberta a sete embaixadas brasileiras na Europa e no Jap\u00e3o e nos Estados Unidos pedindo uma reuni\u00e3o para&nbsp;<a href=\"https:\/\/www1.folha.uol.com.br\/ilustrissima\/2020\/06\/tres-propostas-para-evitar-uma-tragedia-irreversivel-na-amazonia.shtml\">discutir o desmatamento na Amaz\u00f4nia<\/a>.<\/p>\n\n\n\n<p>Na \u00faltima quinta-feira (18), 29 deputados do&nbsp;<a href=\"https:\/\/www1.folha.uol.com.br\/ambiente\/2019\/12\/parlamento-europeu-declara-emergencia-climatica-e-ambiental.shtml\">Parlamento Europeu<\/a>&nbsp;mandaram carta ao presidente da C\u00e2mara, Rodrigo Maia (DEM-RJ), dizendo-se preocupados com uma escalada de medidas com potencial de p\u00f4r em risco o ambiente no Brasil.<\/p>\n\n\n\n<p>Os eurodeputados s\u00e3o membros n\u00e3o apenas da comiss\u00e3o de ambiente, mas dos comit\u00eas que tratam de agricultura e com\u00e9rcio exterior, no qual t\u00eam sido discutidas novas regras para acordos comerciais como o\u00a0<a href=\"https:\/\/www1.folha.uol.com.br\/mercado\/2019\/06\/mercosul-e-uniao-europeia-fecham-acordo-de-livre-comercio.shtml\">que foi negociado com o Mercosul<\/a>.<\/p>\n\n\n\n<p>O tratado, que est\u00e1 em fase de revis\u00e3o legal, foi o alvo da terceira iniciativa recente movida por preocupa\u00e7\u00f5es ambientais, uma queixa de cinco entidades apresentada \u00e0 ombudsman da Uni\u00e3o Europeia na \u00faltima segunda (15).<\/p>\n\n\n\n<p>ClientEarth, Fern, Veblen Institute, FIDH e Fondation pour la Nature et l\u2019Homme pedem que a ratifica\u00e7\u00e3o seja suspensa at\u00e9 que haja uma discuss\u00e3o mais aprofundada sobre o impacto ambiental, social e econ\u00f4mico do acordo.<\/p>\n\n\n\n<p>Embora nenhuma das tr\u00eas manifesta\u00e7\u00f5es tenham efeito pr\u00e1tico imediato, elas refletem a press\u00e3o frequente de consumidores, eleitores e entidades reguladoras europeias, que afetam tanto empresas quanto fundos de investimento e pol\u00edticos.<\/p>\n\n\n\n<p>No caso dos administradores de recursos financeiros, seus estatutos t\u00eam nos \u00faltimos dois anos incorporado restri\u00e7\u00f5es cada vez maiores a inviestimento em empresas ou atividades que possam estar ligadas a desmatamento (ou outros danos ambientais) ou desrespeito a direitos humanos.<\/p>\n\n\n\n<p>As novas diretrizes, conhecidas como ESG (de ambiente, a\u00e7\u00e3o social e governan\u00e7a, na sigla em ingl\u00eas), tornaram-se a principal&nbsp;<a href=\"https:\/\/www1.folha.uol.com.br\/mercado\/2020\/01\/davos-termina-com-pressao-por-acao-ambiental-e-expectativa-quanto-a-poder-de-guedes.shtml\">bandeira do F\u00f3rum Econ\u00f4mco Mundial<\/a>, que re\u00fane l\u00edderes de pa\u00edses e corpora\u00e7\u00f5es globais.<\/p>\n\n\n\n<p>Na carta enviada \u00e0s embaixadas da Noruega, Su\u00e9cia, Dinamarca, Reino Unido, Fran\u00e7a, Holanda, Jap\u00e3o e Estados Unidos, os fundos tamb\u00e9m dizem que t\u00edtulos soberanos brasileiros podem se tornar de alto risco se n\u00e3o houver revers\u00e3o no que veem como escalada de desprote\u00e7\u00e3o do ambiente.<\/p>\n\n\n\n<p>&#8220;Como institui\u00e7\u00f5es financeiras, que t\u00eam o dever fiduci\u00e1rio de agir no melhor interesse de longo prazo de nossos benefici\u00e1rios, n\u00f3s reconhecemos o papel crucial que as florestas tropicais desempenham no combate \u00e0s mudan\u00e7as clim\u00e1ticas, protegendo a biodiversidade e garantindo servi\u00e7os ecossist\u00eamicos.&#8221;<\/p>\n\n\n\n<p>O texto diz reconhecer que o Brasil tem &#8220;bom hist\u00f3rico de combate ao desmatamento&#8221; e &#8220;condi\u00e7\u00f5es favor\u00e1veis para neg\u00f3cios e investimentos&#8221;, mas afirma que medidas recentes &#8220;est\u00e3o criando uma incerteza generalizada sobre as condi\u00e7\u00f5es para investir ou para a presta\u00e7\u00e3o de servi\u00e7os financeiros&#8221;.<\/p>\n\n\n\n<p>No caso dos eurodeputados, o Parlamento Europeu \u00e9 uma das inst\u00e2ncias que precisam aprovar o acordo de livre-com\u00e9rcio para que ele possa vigorar, al\u00e9m do Conselho Europeu e dos parlamentos nacionais e regionais.<\/p>\n\n\n\n<p>&#8220;N\u00f3s acreditamos firmemente que o desenvolvimento econ\u00f4mico e a prote\u00e7\u00e3o ambiental n\u00e3o s\u00e3o mutuamente exclusivos&#8221;, afirma a carta enviada a Rodrigo Maia.<\/p>\n\n\n\n<p>O texto, al\u00e9m de citar o v\u00eddeo da reuni\u00e3o ministerial em que o&nbsp;<a href=\"https:\/\/www1.folha.uol.com.br\/ambiente\/2020\/05\/ministro-do-meio-ambiente-defende-aproveitar-crise-do-coronavirus-para-passar-a-boiada.shtml\">ministro do Meio Ambiente, Ricardo Salles<\/a>, fala em &#8220;passar a boiada&#8221; durante a pandemia de coronav\u00edrus, menciona legisla\u00e7\u00f5es espec\u00edficas que, segundo os europedutados, podem ser prejudiciais.<\/p>\n\n\n\n<p>Entre elas est\u00e3o a que introduz novas&nbsp;<a href=\"https:\/\/www1.folha.uol.com.br\/poder\/2020\/05\/sem-acordo-maia-quer-substituir-mp-de-regularizacao-de-terras-por-projeto-de-lei.shtml\">regras para posse de terra<\/a>&nbsp;(PL n\u00ba 2.633\/20), a que pode alterar o sistema de licenciamento ambiental (PL n\u00aa 3.729 \/ 2004) e a que trata de pesquisa e&nbsp;<a href=\"https:\/\/www1.folha.uol.com.br\/mercado\/2020\/02\/bolsonaro-assina-projeto-que-autoriza-garimpo-em-terras-indigenas.shtml\">extra\u00e7\u00e3o de recursos em terras ind\u00edgenas<\/a>&nbsp;(PL n\u00ba 191\/2020).<\/p>\n\n\n\n<p>Os eurodeputados pedem que os parlamentares brasileiros &#8220;ajam para manter e restaurar as leis e a<br>estrutura necess\u00e1ria para proteger as florestas brasileiras e os direitos dos povos ind\u00edgenas&#8221;.<\/p>\n\n\n\n<p>A carta dos fundos tamb\u00e9m mostra preocupa\u00e7\u00e3o com a lei que facilita a regulariza\u00e7\u00e3o fundi\u00e1ria no pa\u00eds, que, segundo eles, &#8220;comprometeria a sobreviv\u00eancia da Amaz\u00f4nia e o cumprimento das metas da mudan\u00e7a clim\u00e1tica do Acordo de Paris e os direitos das comunidades ind\u00edgenas e tradicionais&#8221;.<\/p>\n\n\n\n<p>Mathilde Dupr\u00e9, codiretora do Instituto Veblen, um dos que entrou com o pedido de suspens\u00e3o na ombudsman da UE, afirma que h\u00e1 defici\u00eancias na avalia\u00e7\u00e3o de impacto do acordo com o Mercosul em rela\u00e7\u00e3o a sustentabilidade, que s\u00e3o &#8220;motivo de preocupa\u00e7\u00e3o para muitas partes interessadas&#8221;.<\/p>\n\n\n\n<p>Segundo o escrit\u00f3rio da ombudsman da UE, o departamento agora vai avaliar se essa \u00e9 uma quest\u00e3o que envolve a forma de atua\u00e7\u00e3o da Comiss\u00e3o, o que a levaria a aceitar a queixa e abrir uma investiga\u00e7\u00e3o. A decis\u00e3o deve sair at\u00e9 o final de julho.<\/p>\n\n\n\n<p>Segundo o fundo noruegu\u00eas Storebrand, que liderou o grupo de entidades financeiras, h\u00e1 exemplos recentes de empresas que tiveram danos financeiros pelo envolvimento no desmatamento.<\/p>\n\n\n\n<p>&#8220;A empresa brasileira de frigor\u00edficos JBS perdeu muitos clientes internacionais devido a preocupa\u00e7\u00f5es de ONGs de que estava fornecendo gado de \u00e1reas desmatadas ilegalmente. Da mesma forma, a empresa de \u00f3leo de palma IOI Group foi suspensa da Mesa Redonda sobre \u00d3leo de Palma Sustent\u00e1vel (RSPO) em 2016 devido ao desmatamento, e o pre\u00e7o de suas a\u00e7\u00f5es caiu 18%&#8221;, afirma o fundo.<\/p>\n\n\n\n<p>O tamb\u00e9m noruegu\u00eas KLP disponibiliza em seu site uma lista suja de 368 empresas que est\u00e3o banidas dos seus investimentos por violarem diretrizes sobre meio ambiente e direitos humanos, seja por quest\u00f5es ambientais, de direitos humanos e de corrupc\u00e3o ou at\u00e9 mesmo por venda de bebida alc\u00f3olica e fumo. Na lista \u00e9 poss\u00edvel encontrar companhias brasileiras como Ambev, JBS, Eletrobras, Petrobras e Vale.<\/p>\n\n\n\n<p><a href=\"https:\/\/www1.folha.uol.com.br\/mercado\/2019\/09\/230-fundos-que-administram-r-65-trilhoes-exortam-brasil-a-proteger-a-amazonia.shtml\">Em setembro do ano passado<\/a>, 230 fundos j\u00e1 haviam se manifestado sobre a necessidade do Brasil&nbsp;<a href=\"https:\/\/www1.folha.uol.com.br\/ambiente\/2019\/08\/bolsonaro-planeja-pacote-ambiental-para-a-proxima-semana.shtml\">adotar medidas<\/a>&nbsp;eficazes para&nbsp;<a href=\"https:\/\/www1.folha.uol.com.br\/ambiente\/2019\/09\/relatorio-denuncia-organizacoes-criminosas-violencia-e-impunidade-na-amazonia.shtml\">proteger a floresta amaz\u00f4nica<\/a>&nbsp;contra o&nbsp;<a href=\"https:\/\/www1.folha.uol.com.br\/ambiente\/2019\/09\/desmatamento-na-amazonia-em-agosto-cresce-222-em-relacao-ao-mesmo-mes-de-2018.shtml\">desmatamento&nbsp;<\/a>e as queimadas.<\/p>\n\n\n\n<hr class=\"wp-block-separator\"\/>\n\n\n\n<p>Leia a integra da carta:<\/p>\n\n\n\n<p><em><strong>Carta aberta de institui\u00e7\u00f5es financeiras pelo fim do desmatamento no Brasil<\/strong><\/em><\/p>\n\n\n\n<p><em>\u00c9 com grande preocupa\u00e7\u00e3o que acompanhamos a tend\u00eancia do crescente desmatamento no Brasil. Como institui\u00e7\u00f5es financeiras, temos o dever fiduci\u00e1rio de agir nos melhores interesses de nossos benefici\u00e1rios no longo prazo, e reconhecemos o papel crucial que a floresta tropical desempenha no combate \u00e0 mudan\u00e7a do clima, prote\u00e7\u00e3o \u00e0 biodiversidade e preserva\u00e7\u00e3o de ecossistemas.<\/em><\/p>\n\n\n\n<p><em>O Brasil tem um bom hist\u00f3rico de combate ao desmatamento e de, ao mesmo tempo, oferecer condi\u00e7\u00f5es favor\u00e1veis aos neg\u00f3cios e ao investimento. No entanto, a escalada do desmatamento nos \u00faltimos anos, combinada com a not\u00edcias sobre o desmantelamento de pol\u00edticas e ag\u00eancias de prote\u00e7\u00e3o ao meio ambiente e aos direitos humanos, est\u00e3o criando incerteza generalizada sobre as condi\u00e7\u00f5es para investir ou oferecer servi\u00e7os financeiros no Brasil.<\/em><\/p>\n\n\n\n<p><em>Estamos profundamente preocupados com a Medida Provis\u00f3ria 910 (agora alterada para PL 2633\/2020), que foi submetida ao Congresso brasileiro para vota\u00e7\u00e3o e que legalizaria ocupa\u00e7\u00f5es privadas de terras p\u00fablicas, uma pr\u00e1tica em geral concentrada na Amaz\u00f4nia. Caso a medida seja aprovada, ela encorajaria novas ocupa\u00e7\u00f5es ilegais de terras p\u00fablicas e desmatamento generalizado, que colocariam em risco a sobreviv\u00eancia da Amaz\u00f4nia, o cumprimento das metas do Acordo de Paris sobre o clima e solapariam os direitos das comunidades ind\u00edgenas e tradicionais.<\/em><\/p>\n\n\n\n<p><em>Declara\u00e7\u00f5es recentes do ministro do Meio Ambiente Ricardo Salles, que usou a crise da Covid-19 a fim pressionar pela desregulamenta\u00e7\u00e3o ambiental, e as controvertidas propostas legislativas para legalizar a ocupa\u00e7\u00e3o de terras e florestas p\u00fablicas, para abrir territ\u00f3rios ind\u00edgenas \u00e0 minera\u00e7\u00e3o, e para reduzir as exig\u00eancias de licenciamento ambiental, s\u00e3o apenas alguns dos exemplos reportados pela m\u00eddia sobre a amea\u00e7a da desregulamenta\u00e7\u00e3o das pol\u00edticas de defesa do meio ambiente e dos direitos humanos no Brasil.<\/em><\/p>\n\n\n\n<p><em>Estamos preocupados com o impacto financeiro que o desmatamento e a viola\u00e7\u00e3o dos direitos dos povos ind\u00edgenas pode ter sobre os nossos clientes e sobre as companhias em que investimos, ao potencialmente aumentar os riscos operacionais, regulat\u00f3rios e para a reputa\u00e7\u00e3o. Tendo em vista o ritmo crescente de desmatamento no Brasil, a possibilidade de que as empresas expostas ao potencial desmatamento, seja em suas opera\u00e7\u00f5es brasileiras e em suas cadeias de suprimento, enfrentem dificuldades crescentes de acesso aos mercados internacionais nos preocupa. Os t\u00edtulos de d\u00edvida p\u00fablica brasileiros tamb\u00e9m podem ser considerados pap\u00e9is de alto risco, caso o desmatamento continue.<\/em><\/p>\n\n\n\n<p><em>Queremos continuar a investir no Brasil e ajudar a mostrar que desenvolvimento econ\u00f4mico e prote\u00e7\u00e3o ao meio ambiente n\u00e3o s\u00e3o mutuamente excludentes. Portanto, instamos o governo do Brasil a demonstrar um compromisso claro para com a elimina\u00e7\u00e3o do desmatamento e a prote\u00e7\u00e3o dos direitos dos povos ind\u00edgenas.<\/em><\/p>\n\n\n\n<p><em>A maioria dos investidores abaixo assinados \u00e9 integrante da Investor Initiative for Sustainable Forests, uma iniciativa PRI6 [Principles for Responsible Investment] operada em coopera\u00e7\u00e3o com a Ceres, que engaja companhias expostas ao desmatamento na produ\u00e7\u00e3o de soja e gado e ao mesmo tempo trata de outras quest\u00f5es ambientais, sociais e de governan\u00e7a [ESG, na sigla em ingl\u00eas]. Como institui\u00e7\u00f5es financeiras, vemos o desmatamento e os impactos associados sobre a biodiversidade e mudan\u00e7a do clima como risco sist\u00eamico para os nossos portf\u00f3lios.<\/em><\/p>\n\n\n\n<p><em>A maioria dos signat\u00e1rios desta carta tamb\u00e9m aderiu a um apelo por a\u00e7\u00e3o empresarial contra o desmatamento, diante dos inc\u00eandios devastadores na Amaz\u00f4nia no ano passado, representando 251 institui\u00e7\u00f5es financeiras com mais de US$ 17 trilh\u00f5es sob administra\u00e7\u00e3o.Embora apelemos \u00e0s empresas que ajam, consideramos igualmente importante que o ambiente regulat\u00f3rio encoraje pr\u00e1ticas empresariais sustent\u00e1veis. Pol\u00edticas robustas para a redu\u00e7\u00e3o do desmatamento e a prote\u00e7\u00e3o aos direitos humanos s\u00e3o solu\u00e7\u00f5es essenciais para administrar esses riscos e contribuir para mercados financeiros mais eficientes e mais sustent\u00e1veis em longo prazo.<\/em><\/p>\n\n\n\n<p><em>Dada a seriedade do assunto, gostar\u00edamos de solicitar uma conversa em v\u00eddeo com o senhor ou um representante designado pelo senhor, e contataremos a embaixada para marcar um hor\u00e1rio.<br>Com protestos de nossa mais elevada considera\u00e7\u00e3o,<br><br>1. Storebrand Asset Management<br>2. KLP<br>3. Gjensidige<br>4. Sparebank 1 Forsikring<br>5. MP Pension<br>6. Nordea Asset Management<br>7. AP Pension<br>8. SEB Investment Management<br>9. AP2 Second Swedish National Pension Fund<br>10. AP4 Fourth Swedish National Pension Fund<br>11. Handelsbanken Asset Management<br>12. Robeco<br>13. ACTIAM<br>14. NN Investment Partners<br>15. A.s.r.<br>16. Church Commissioners for England<br>17. LGPS Central<br>18. Legal and General Investment Management<br>19. Brunel Pension Partnership<br>20. Border to Coast Pensions Partnership<br>21. BlueBay Asset Management<br>22. Surrey Pension Fund<br>23. Northern LGPS<br>24. Comgest<br>25. Indep&#8217;AM<br>26. Domini Impact Investment<br>27. Pax World Funds<br>28. Sumitomo Mitsui Trust Asset Management<br>29. Fram Capital<\/em><\/p>\n\n\n\n<p><sub><em>Tradu\u00e7\u00e3o&nbsp;<strong>Paulo Migliacci<\/strong><\/em><\/sub><\/p>\n","protected":false},"excerpt":{"rendered":"<p>29 gestores enviam carta a embaixadas do Brasil para alertar sob problema, e membros do Parlamento Europeu procuram Maia.<\/p>\n","protected":false},"author":1,"featured_media":0,"comment_status":"closed","ping_status":"open","sticky":false,"template":"","format":"standard","meta":{"_exactmetrics_skip_tracking":false,"_exactmetrics_sitenote_active":false,"_exactmetrics_sitenote_note":"","_exactmetrics_sitenote_category":0,"jetpack_post_was_ever_published":false,"_jetpack_newsletter_access":"","_jetpack_dont_email_post_to_subs":false,"_jetpack_newsletter_tier_id":0,"_jetpack_memberships_contains_paywalled_content":false,"_jetpack_memberships_contains_paid_content":false,"footnotes":"","jetpack_publicize_message":"","jetpack_publicize_feature_enabled":true,"jetpack_social_post_already_shared":true,"jetpack_social_options":{"image_generator_settings":{"template":"highway","enabled":false},"version":2}},"categories":[1],"tags":[],"class_list":["post-28929","post","type-post","status-publish","format-standard","hentry","category-notas"],"jetpack_publicize_connections":[],"jetpack_sharing_enabled":true,"jetpack_featured_media_url":"","jetpack_shortlink":"https:\/\/wp.me\/p7wKYW-7wB","jetpack-related-posts":[],"_links":{"self":[{"href":"http:\/\/blogdalucianaoliveira.com.br\/blog\/wp-json\/wp\/v2\/posts\/28929","targetHints":{"allow":["GET"]}}],"collection":[{"href":"http:\/\/blogdalucianaoliveira.com.br\/blog\/wp-json\/wp\/v2\/posts"}],"about":[{"href":"http:\/\/blogdalucianaoliveira.com.br\/blog\/wp-json\/wp\/v2\/types\/post"}],"author":[{"embeddable":true,"href":"http:\/\/blogdalucianaoliveira.com.br\/blog\/wp-json\/wp\/v2\/users\/1"}],"replies":[{"embeddable":true,"href":"http:\/\/blogdalucianaoliveira.com.br\/blog\/wp-json\/wp\/v2\/comments?post=28929"}],"version-history":[{"count":1,"href":"http:\/\/blogdalucianaoliveira.com.br\/blog\/wp-json\/wp\/v2\/posts\/28929\/revisions"}],"predecessor-version":[{"id":28931,"href":"http:\/\/blogdalucianaoliveira.com.br\/blog\/wp-json\/wp\/v2\/posts\/28929\/revisions\/28931"}],"wp:attachment":[{"href":"http:\/\/blogdalucianaoliveira.com.br\/blog\/wp-json\/wp\/v2\/media?parent=28929"}],"wp:term":[{"taxonomy":"category","embeddable":true,"href":"http:\/\/blogdalucianaoliveira.com.br\/blog\/wp-json\/wp\/v2\/categories?post=28929"},{"taxonomy":"post_tag","embeddable":true,"href":"http:\/\/blogdalucianaoliveira.com.br\/blog\/wp-json\/wp\/v2\/tags?post=28929"}],"curies":[{"name":"wp","href":"https:\/\/api.w.org\/{rel}","templated":true}]}}