{"id":28932,"date":"2020-06-24T11:00:08","date_gmt":"2020-06-24T15:00:08","guid":{"rendered":"http:\/\/blogdalucianaoliveira.com.br\/blog\/?p=28932"},"modified":"2020-06-24T11:00:26","modified_gmt":"2020-06-24T15:00:26","slug":"indigenas-da-amazonia-enfrentam-o-coronavirus-ou-fogem-das-suas-aldeias","status":"publish","type":"post","link":"http:\/\/blogdalucianaoliveira.com.br\/blog\/2020\/06\/24\/indigenas-da-amazonia-enfrentam-o-coronavirus-ou-fogem-das-suas-aldeias\/","title":{"rendered":"Ind\u00edgenas da Amaz\u00f4nia enfrentam o coronav\u00edrus ou fogem das suas aldeias"},"content":{"rendered":"\n<figure class=\"wp-block-image size-large\"><img data-recalc-dims=\"1\" loading=\"lazy\" decoding=\"async\" width=\"600\" height=\"399\" data-attachment-id=\"28933\" data-permalink=\"http:\/\/blogdalucianaoliveira.com.br\/blog\/2020\/06\/24\/indigenas-da-amazonia-enfrentam-o-coronavirus-ou-fogem-das-suas-aldeias\/6be3a957-ea00-47d1-881d-691854b8e8dd\/\" data-orig-file=\"https:\/\/i0.wp.com\/blogdalucianaoliveira.com.br\/blog\/wp-content\/uploads\/2020\/06\/6BE3A957-EA00-47D1-881D-691854B8E8DD.jpeg?fit=640%2C426\" data-orig-size=\"640,426\" data-comments-opened=\"0\" data-image-meta=\"{&quot;aperture&quot;:&quot;0&quot;,&quot;credit&quot;:&quot;&quot;,&quot;camera&quot;:&quot;&quot;,&quot;caption&quot;:&quot;&quot;,&quot;created_timestamp&quot;:&quot;0&quot;,&quot;copyright&quot;:&quot;&quot;,&quot;focal_length&quot;:&quot;0&quot;,&quot;iso&quot;:&quot;0&quot;,&quot;shutter_speed&quot;:&quot;0&quot;,&quot;title&quot;:&quot;&quot;,&quot;orientation&quot;:&quot;1&quot;}\" data-image-title=\"6BE3A957-EA00-47D1-881D-691854B8E8DD\" data-image-description=\"\" data-image-caption=\"\" data-medium-file=\"https:\/\/i0.wp.com\/blogdalucianaoliveira.com.br\/blog\/wp-content\/uploads\/2020\/06\/6BE3A957-EA00-47D1-881D-691854B8E8DD.jpeg?fit=300%2C200\" data-large-file=\"https:\/\/i0.wp.com\/blogdalucianaoliveira.com.br\/blog\/wp-content\/uploads\/2020\/06\/6BE3A957-EA00-47D1-881D-691854B8E8DD.jpeg?fit=600%2C399\" src=\"https:\/\/i0.wp.com\/blogdalucianaoliveira.com.br\/blog\/wp-content\/uploads\/2020\/06\/6BE3A957-EA00-47D1-881D-691854B8E8DD.jpeg?resize=600%2C399\" alt=\"\" class=\"wp-image-28933\" srcset=\"https:\/\/i0.wp.com\/blogdalucianaoliveira.com.br\/blog\/wp-content\/uploads\/2020\/06\/6BE3A957-EA00-47D1-881D-691854B8E8DD.jpeg?w=640 640w, https:\/\/i0.wp.com\/blogdalucianaoliveira.com.br\/blog\/wp-content\/uploads\/2020\/06\/6BE3A957-EA00-47D1-881D-691854B8E8DD.jpeg?resize=300%2C200 300w, https:\/\/i0.wp.com\/blogdalucianaoliveira.com.br\/blog\/wp-content\/uploads\/2020\/06\/6BE3A957-EA00-47D1-881D-691854B8E8DD.jpeg?resize=451%2C300 451w\" sizes=\"auto, (max-width: 600px) 100vw, 600px\" \/><\/figure>\n\n\n\n<p>Cruzeirinho ficou quase deserta: apenas cinco das 32 fam\u00edlias dessa aldeia na Amaz\u00f4nia continuam ali. As demais fugiram para a floresta, como forma de se proteger da pandemia do novo coronav\u00edrus.<\/p>\n\n\n\n<!--more-->\n\n\n\n<p>Na AFP<\/p>\n\n\n\n<p>A uma semana de lancha a partir de Cruzerinho, os habitantes da reserva ind\u00edgena Umaria\u00e7u, pr\u00f3xima da tripla fronteira com o Peru e a Col\u00f4mbia, optaram por uma estrat\u00e9gia diferente para enfrentar a pandemia.&nbsp;<\/p>\n\n\n\n<p>&#8220;Aten\u00e7\u00e3o: Terra Ind\u00edgena Umaria\u00e7u. Fechada por 15 dias. Colabore! Fica em casa&#8221;, diz um letreiro pintado a m\u00e3o na entrada da reserva de 5.000 hectares.<\/p>\n\n\n\n<p>A COVID-19 tem colocado muitas comunidades ind\u00edgenas em alerta, com seus cerca de 900.000 membros (0,42% da popula\u00e7\u00e3o), historicamente vulner\u00e1veis a doen\u00e7as importadas.&nbsp;<\/p>\n\n\n\n<p>O Brasil \u00e9 o segundo pa\u00eds (atr\u00e1s somente dos Estados Unidos) com mais casos e mortes pelo novo coronav\u00edrus: mais de 1,1 milh\u00e3o de casos e quase 52.000 mortes.&nbsp;<\/p>\n\n\n\n<p>Entre os povos ind\u00edgenas, mais de 7.700 ind\u00edgenas foram infectados e quase 350 morreram, segundo dados da Associa\u00e7\u00e3o dos Povos Ind\u00edgenas do Brasil (APIB), que acusa o governo do presidente Jair Bolsonaro de &#8220;n\u00e3o fazer nada&#8221; para proteger essas comunidades.&nbsp;<\/p>\n\n\n\n<p>Logo, muitos delas decidiram tomar suas pr\u00f3prias medidas.<\/p>\n\n\n\n<p>&#8211; Barreiras &#8211;<\/p>\n\n\n\n<p>Na reserva de Umaria\u00e7u, os ticunas proibiram a entrada de pessoas de fora da comunidade, situada nos arredores de Tabatinga, cidade fronteiri\u00e7a com a Col\u00f4mbia.&nbsp;<\/p>\n\n\n\n<p>A decis\u00e3o foi t\u00e3o dif\u00edcil quanto necess\u00e1ria para os 7.000 moradores da reserva, explica o cacique Sildonei Mendes da Silva.&nbsp;<\/p>\n\n\n\n<p>&#8220;Essa pandemia atrapalhou muito, n\u00e3o pouquinho, atrapalhou muito. Tem pessoas que v\u00eam da Col\u00f4mbia, que est\u00e1 a 15 minutos daqui, para comprar nossos produtos, peixes, frutas e v\u00e1rias coisas&#8221;, relata Sildonei, usando uma m\u00e1scara com a frase &#8220;sa\u00fade ind\u00edgena&#8221;.&nbsp;<\/p>\n\n\n\n<p>Apesar dos sacrif\u00edcios envolvidos, essa quarentena que eles mesmo impuseram para sua comunidade n\u00e3o interrompeu a circula\u00e7\u00e3o do v\u00edrus: 24 pessoas na reserva est\u00e3o doentes com a COVID-19, e duas morreram.&nbsp;<\/p>\n\n\n\n<p>Na entrada da reserva, Weydson Gossel Pereira, coordenador de medidas de preven\u00e7\u00e3o de Tabatinga, controla a movimenta\u00e7\u00e3o.&nbsp;<\/p>\n\n\n\n<p>Nenhum ind\u00edgena de Umaria\u00e7u pode sair sem m\u00e1scara. &#8220;Se ele chega na barreira sem m\u00e1scara \u00e9 convidado a retornar, pegar sua m\u00e1scara para sair&#8221;, ressalta Pereira.&nbsp;<\/p>\n\n\n\n<p>Na reserva, no entanto, h\u00e1 poucas m\u00e1scaras e podem ser vistas aglomera\u00e7\u00f5es antes de uma cerim\u00f4nia religiosa.&nbsp;<\/p>\n\n\n\n<p>Na \u00faltima segunda, a APIB convidou a popula\u00e7\u00e3o jovem das comunidades a permanecer em casa como forma de evitar a dissemina\u00e7\u00e3o do v\u00edrus para a popula\u00e7\u00e3o idosa.&nbsp;<\/p>\n\n\n\n<p>&#8220;O v\u00edrus est\u00e1 matando chefes (ind\u00edgenas), anci\u00e3os e curandeiros tradicionais&#8221;, informou a associa\u00e7\u00e3o.&nbsp;<\/p>\n\n\n\n<p>&#8220;a pandemia possa causar danos irrepar\u00e1veis \u00e0s comunidades como o conhecimento da cultura, das hist\u00f3rias e da medicina natural&#8221;, acrescentou a organiza\u00e7\u00e3o.&nbsp;<\/p>\n\n\n\n<p>&#8211; Na selva &#8211;<\/p>\n\n\n\n<p>Subindo o rio Javari, um afluente da Amaz\u00f4nia, a maioria dos habitantes de Cruzeirinho preferiu adentrar a floresta ao inv\u00e9s do confinamento.<\/p>\n\n\n\n<p>&#8220;Tem cinco fam\u00edlias aqui na aldeia que n\u00e3o gostam levar as coisas para o mato, o resto est\u00e1 querendo se cuidar de l\u00e1 e n\u00e3o quer contato com ningu\u00e9m por causa do v\u00edrus&#8221;, comentou Bene Mayuruna \u00e0 AFP.&nbsp;<\/p>\n\n\n\n<p>Duas galinhas vagavam nesta vila silenciosa, pr\u00f3ximo a Mayuruna, em um local onde a popula\u00e7\u00e3o vive da mandioca e da pesca no rio, que faz fronteira com o Peru.&nbsp;<\/p>\n\n\n\n<p>Esta comunidade n\u00e3o \u00e9 exce\u00e7\u00e3o.&nbsp;<\/p>\n\n\n\n<p>&#8220;Recebemos relatos do Peru, Indon\u00e9sia, Col\u00f4mbia e Brasil sobre ind\u00edgenas que fogem do coronav\u00edrus&#8221;, ressaltou o diretor da Rainforest Foundation Norway, Oyvind Eggen, em comunicado divulgado em abril.&nbsp;<\/p>\n\n\n\n<p>&#8220;A crise do novo coronav\u00edrus cria uma tens\u00e3o adicional para a situa\u00e7\u00e3o j\u00e1 dif\u00edcil dos habitantes da floresta&#8221;, acrescentou.&nbsp;<\/p>\n\n\n\n<p>O Ex\u00e9rcito Brasileiro enviou recentemente a Cruzeirinho uma equipe de profissionais da sa\u00fade para cuidar dos ind\u00edgenas que permaneceram na comunidade.&nbsp;<\/p>\n\n\n\n<p>Com a ajuda de int\u00e9rpretes, os m\u00e9dicos ensinaram os povos ind\u00edgenas a combinar seus rem\u00e9dios ancestrais com a medicina moderna.&nbsp;<\/p>\n\n\n\n<p>Por enquanto, o diagn\u00f3stico \u00e9 encorajador em Cruzerinho: n\u00e3o h\u00e1 nenhum caso da COVID-19.<\/p>\n","protected":false},"excerpt":{"rendered":"<p>Cruzeirinho ficou quase deserta: apenas cinco das 32 fam\u00edlias dessa aldeia na Amaz\u00f4nia continuam ali. As demais fugiram para a floresta, como forma de se proteger da pandemia do novo coronav\u00edrus.<\/p>\n","protected":false},"author":1,"featured_media":0,"comment_status":"closed","ping_status":"open","sticky":false,"template":"","format":"standard","meta":{"_exactmetrics_skip_tracking":false,"_exactmetrics_sitenote_active":false,"_exactmetrics_sitenote_note":"","_exactmetrics_sitenote_category":0,"jetpack_post_was_ever_published":false,"_jetpack_newsletter_access":"","_jetpack_dont_email_post_to_subs":false,"_jetpack_newsletter_tier_id":0,"_jetpack_memberships_contains_paywalled_content":false,"_jetpack_memberships_contains_paid_content":false,"footnotes":"","jetpack_publicize_message":"","jetpack_publicize_feature_enabled":true,"jetpack_social_post_already_shared":true,"jetpack_social_options":{"image_generator_settings":{"template":"highway","enabled":false},"version":2}},"categories":[1],"tags":[],"class_list":["post-28932","post","type-post","status-publish","format-standard","hentry","category-notas"],"jetpack_publicize_connections":[],"jetpack_sharing_enabled":true,"jetpack_featured_media_url":"","jetpack_shortlink":"https:\/\/wp.me\/p7wKYW-7wE","jetpack-related-posts":[],"_links":{"self":[{"href":"http:\/\/blogdalucianaoliveira.com.br\/blog\/wp-json\/wp\/v2\/posts\/28932","targetHints":{"allow":["GET"]}}],"collection":[{"href":"http:\/\/blogdalucianaoliveira.com.br\/blog\/wp-json\/wp\/v2\/posts"}],"about":[{"href":"http:\/\/blogdalucianaoliveira.com.br\/blog\/wp-json\/wp\/v2\/types\/post"}],"author":[{"embeddable":true,"href":"http:\/\/blogdalucianaoliveira.com.br\/blog\/wp-json\/wp\/v2\/users\/1"}],"replies":[{"embeddable":true,"href":"http:\/\/blogdalucianaoliveira.com.br\/blog\/wp-json\/wp\/v2\/comments?post=28932"}],"version-history":[{"count":1,"href":"http:\/\/blogdalucianaoliveira.com.br\/blog\/wp-json\/wp\/v2\/posts\/28932\/revisions"}],"predecessor-version":[{"id":28934,"href":"http:\/\/blogdalucianaoliveira.com.br\/blog\/wp-json\/wp\/v2\/posts\/28932\/revisions\/28934"}],"wp:attachment":[{"href":"http:\/\/blogdalucianaoliveira.com.br\/blog\/wp-json\/wp\/v2\/media?parent=28932"}],"wp:term":[{"taxonomy":"category","embeddable":true,"href":"http:\/\/blogdalucianaoliveira.com.br\/blog\/wp-json\/wp\/v2\/categories?post=28932"},{"taxonomy":"post_tag","embeddable":true,"href":"http:\/\/blogdalucianaoliveira.com.br\/blog\/wp-json\/wp\/v2\/tags?post=28932"}],"curies":[{"name":"wp","href":"https:\/\/api.w.org\/{rel}","templated":true}]}}