{"id":28938,"date":"2020-06-24T15:57:14","date_gmt":"2020-06-24T19:57:14","guid":{"rendered":"http:\/\/blogdalucianaoliveira.com.br\/blog\/?p=28938"},"modified":"2020-06-24T15:57:22","modified_gmt":"2020-06-24T19:57:22","slug":"igor-pozzebon-e-preso-em-ariquemes","status":"publish","type":"post","link":"http:\/\/blogdalucianaoliveira.com.br\/blog\/2020\/06\/24\/igor-pozzebon-e-preso-em-ariquemes\/","title":{"rendered":"Igor Pozzebon \u00e9 preso em Ariquemes"},"content":{"rendered":"\n<figure class=\"wp-block-image\"><img data-recalc-dims=\"1\" decoding=\"async\" src=\"https:\/\/i0.wp.com\/www.pf.gov.br\/imprensa\/noticias\/2020\/06-noticias-de-junho-de-2020\/pf-combate-o-comercio-ilegal-de-madeira-em-rondonia\/3-1.jpg\/%40%40images\/ce57478f-1d8b-4e58-b544-fdd6e52b9a40.jpeg?w=600\" alt=\"\"\/><\/figure>\n\n\n\n<p><strong>PF combate o com\u00e9rcio ilegal de madeira em Rond\u00f4nia<\/strong><\/p>\n\n\n\n<!--more-->\n\n\n\n<p>Da Assessoria &#8211; A Pol\u00edcia Federal deflagrou, na manh\u00e3 desta quarta-feira (23\/6), a denominada OPERA\u00c7\u00c3O DOMAIN, para apurar o com\u00e9rcio ilegal de madeira na regi\u00e3o. Est\u00e3o sendo cumpridos tr\u00eas mandados de pris\u00e3o preventiva, expedidos pela 3\u00aa Vara da Justi\u00e7a Federal em Porto Velho\/RO, em Porto Velho\/RO, Ariquemes\/RO e no munic\u00edpio de Campo Grande\/MS.<\/p>\n\n\n\n<p>Trata-se de a\u00e7\u00e3o ostensiva realizada nesta data, no bojo das a\u00e7\u00f5es da Opera\u00e7\u00e3o Verde Brasil 2, que decorre das investiga\u00e7\u00f5es desenvolvidas na Opera\u00e7\u00e3o Deforest 2, deflagrada em 17\/03\/2020, com o objetivo de desarticular organiza\u00e7\u00e3o criminosa dedicada \u00e0 explora\u00e7\u00e3o ilegal de madeira na regi\u00e3o da Ponta do Abun\u00e3, distrito de Porto Velho\/RO.<br><br>Ap\u00f3s a deflagra\u00e7\u00e3o e posterior an\u00e1lise dos materiais apreendidos, identificou-se que o grupo criminoso permaneceu atuando, mesmo com seu suposto l\u00edder preso em uma unidade prisional, de onde repassava ordens aos comparsas para a continuidade dos crimes praticados.<br><br>Durante a fiscaliza\u00e7\u00e3o realizada pela SEDAM, \u00f3rg\u00e3o ambiental do estado de Rond\u00f4nia, em paralelo \u00e0 deflagra\u00e7\u00e3o da Opera\u00e7\u00e3o Deforest 2, foram apreendidos cerca de 4.000 m\u00b3 de madeira ilegal nas empresas vinculadas ao grupo, totalizando mais de R$ 3,8 milh\u00f5es em valor m\u00e9dio de mercado.<br><br>Diante deste cen\u00e1rio, embora preso, o chefe da ORCRIM detinha total controle da administra\u00e7\u00e3o das madeireiras e, logicamente, tinha ci\u00eancia de que as empresas permaneciam comercializando madeira ilegal e burlando o Sistema de Cr\u00e9ditos Florestais \u2013 SISDOF.<br><br>Os presos ser\u00e3o ouvidos na sede da Pol\u00edcia Federal e responder\u00e3o, na medida de sua participa\u00e7\u00e3o, pelos crimes de organiza\u00e7\u00e3o criminosa, extra\u00e7\u00e3o ilegal de madeira, falsidade ideol\u00f3gica, inser\u00e7\u00e3o de dados falsos e lavagem de capitais.<br><br>O termo DOMAIN, que significa dom\u00ednio em latim, refere-se ao fato de que o l\u00edder da organiza\u00e7\u00e3o criminosa, mesmo preso no sistema penitenci\u00e1rio, permanece exercendo dom\u00ednio sobre as a\u00e7\u00f5es e os integrantes do grupo.<\/p>\n","protected":false},"excerpt":{"rendered":"<p>PF combate o com\u00e9rcio ilegal de madeira em Rond\u00f4nia<\/p>\n","protected":false},"author":1,"featured_media":0,"comment_status":"closed","ping_status":"open","sticky":false,"template":"","format":"standard","meta":{"_exactmetrics_skip_tracking":false,"_exactmetrics_sitenote_active":false,"_exactmetrics_sitenote_note":"","_exactmetrics_sitenote_category":0,"jetpack_post_was_ever_published":false,"_jetpack_newsletter_access":"","_jetpack_dont_email_post_to_subs":false,"_jetpack_newsletter_tier_id":0,"_jetpack_memberships_contains_paywalled_content":false,"_jetpack_memberships_contains_paid_content":false,"footnotes":"","jetpack_publicize_message":"","jetpack_publicize_feature_enabled":true,"jetpack_social_post_already_shared":true,"jetpack_social_options":{"image_generator_settings":{"template":"highway","enabled":false},"version":2}},"categories":[1],"tags":[],"class_list":["post-28938","post","type-post","status-publish","format-standard","hentry","category-notas"],"jetpack_publicize_connections":[],"jetpack_sharing_enabled":true,"jetpack_featured_media_url":"","jetpack_shortlink":"https:\/\/wp.me\/p7wKYW-7wK","jetpack-related-posts":[],"_links":{"self":[{"href":"http:\/\/blogdalucianaoliveira.com.br\/blog\/wp-json\/wp\/v2\/posts\/28938","targetHints":{"allow":["GET"]}}],"collection":[{"href":"http:\/\/blogdalucianaoliveira.com.br\/blog\/wp-json\/wp\/v2\/posts"}],"about":[{"href":"http:\/\/blogdalucianaoliveira.com.br\/blog\/wp-json\/wp\/v2\/types\/post"}],"author":[{"embeddable":true,"href":"http:\/\/blogdalucianaoliveira.com.br\/blog\/wp-json\/wp\/v2\/users\/1"}],"replies":[{"embeddable":true,"href":"http:\/\/blogdalucianaoliveira.com.br\/blog\/wp-json\/wp\/v2\/comments?post=28938"}],"version-history":[{"count":1,"href":"http:\/\/blogdalucianaoliveira.com.br\/blog\/wp-json\/wp\/v2\/posts\/28938\/revisions"}],"predecessor-version":[{"id":28939,"href":"http:\/\/blogdalucianaoliveira.com.br\/blog\/wp-json\/wp\/v2\/posts\/28938\/revisions\/28939"}],"wp:attachment":[{"href":"http:\/\/blogdalucianaoliveira.com.br\/blog\/wp-json\/wp\/v2\/media?parent=28938"}],"wp:term":[{"taxonomy":"category","embeddable":true,"href":"http:\/\/blogdalucianaoliveira.com.br\/blog\/wp-json\/wp\/v2\/categories?post=28938"},{"taxonomy":"post_tag","embeddable":true,"href":"http:\/\/blogdalucianaoliveira.com.br\/blog\/wp-json\/wp\/v2\/tags?post=28938"}],"curies":[{"name":"wp","href":"https:\/\/api.w.org\/{rel}","templated":true}]}}