{"id":28940,"date":"2020-06-24T20:57:07","date_gmt":"2020-06-25T00:57:07","guid":{"rendered":"http:\/\/blogdalucianaoliveira.com.br\/blog\/?p=28940"},"modified":"2020-06-24T20:57:10","modified_gmt":"2020-06-25T00:57:10","slug":"protestos-contra-bolsonaro-ocorrerao-em-20-paises","status":"publish","type":"post","link":"http:\/\/blogdalucianaoliveira.com.br\/blog\/2020\/06\/24\/protestos-contra-bolsonaro-ocorrerao-em-20-paises\/","title":{"rendered":"Protestos contra Bolsonaro ocorrer\u00e3o em 20 pa\u00edses"},"content":{"rendered":"\n<figure class=\"wp-block-image size-large\"><img data-recalc-dims=\"1\" loading=\"lazy\" decoding=\"async\" width=\"600\" height=\"336\" data-attachment-id=\"28941\" data-permalink=\"http:\/\/blogdalucianaoliveira.com.br\/blog\/2020\/06\/24\/protestos-contra-bolsonaro-ocorrerao-em-20-paises\/image-6-12\/\" data-orig-file=\"https:\/\/i0.wp.com\/blogdalucianaoliveira.com.br\/blog\/wp-content\/uploads\/2020\/06\/image-6.png?fit=750%2C420\" data-orig-size=\"750,420\" data-comments-opened=\"0\" data-image-meta=\"{&quot;aperture&quot;:&quot;0&quot;,&quot;credit&quot;:&quot;&quot;,&quot;camera&quot;:&quot;&quot;,&quot;caption&quot;:&quot;&quot;,&quot;created_timestamp&quot;:&quot;0&quot;,&quot;copyright&quot;:&quot;&quot;,&quot;focal_length&quot;:&quot;0&quot;,&quot;iso&quot;:&quot;0&quot;,&quot;shutter_speed&quot;:&quot;0&quot;,&quot;title&quot;:&quot;&quot;,&quot;orientation&quot;:&quot;0&quot;}\" data-image-title=\"image-6\" data-image-description=\"\" data-image-caption=\"\" data-medium-file=\"https:\/\/i0.wp.com\/blogdalucianaoliveira.com.br\/blog\/wp-content\/uploads\/2020\/06\/image-6.png?fit=300%2C168\" data-large-file=\"https:\/\/i0.wp.com\/blogdalucianaoliveira.com.br\/blog\/wp-content\/uploads\/2020\/06\/image-6.png?fit=600%2C336\" src=\"https:\/\/i0.wp.com\/blogdalucianaoliveira.com.br\/blog\/wp-content\/uploads\/2020\/06\/image-6.png?resize=600%2C336\" alt=\"\" class=\"wp-image-28941\" srcset=\"https:\/\/i0.wp.com\/blogdalucianaoliveira.com.br\/blog\/wp-content\/uploads\/2020\/06\/image-6.png?w=750 750w, https:\/\/i0.wp.com\/blogdalucianaoliveira.com.br\/blog\/wp-content\/uploads\/2020\/06\/image-6.png?resize=300%2C168 300w, https:\/\/i0.wp.com\/blogdalucianaoliveira.com.br\/blog\/wp-content\/uploads\/2020\/06\/image-6.png?resize=536%2C300 536w\" sizes=\"auto, (max-width: 600px) 100vw, 600px\" \/><\/figure>\n\n\n\n<p>Blog da Cidadania &#8211; Mais de 20 pa\u00edses, nas Am\u00e9ricas e na Europa, organizam protestos contra o presidente brasileiro no pr\u00f3ximo domingo (28). O ato mundial Stop Bolsonaro ter\u00e1 manifesta\u00e7\u00f5es presenciais e virtuais em pelo menos 50 cidades. <br><\/p>\n\n\n\n<!--more-->\n\n\n\n<p>Tamb\u00e9m h\u00e1 atividades marcadas no Brasil. Com varia\u00e7\u00f5es, os organizadores pretendem denunciar a falta de pol\u00edtica do governo brasileiro em rela\u00e7\u00e3o ao coronav\u00edrus e os acenos de grupos pelo fim da democracia. \u201cEm muitas partes do mundo, vamos nos opor ao fascismo e defenderemos a dignidade de todos os povos que vivem no Brasil\u201d, afirmam.<\/p>\n\n\n\n<p>Eles lembram ainda que at\u00e9 o come\u00e7o de mar\u00e7o o pa\u00eds n\u00e3o registrava casos de covid-19. Mas agora j\u00e1 s\u00e3o mais de 1 milh\u00e3o de casos e um n\u00famero superior a 50 mil mortes. \u201cDevido \u00e0 subnotifica\u00e7\u00e3o, h\u00e1 motivos para suspeitar que estes n\u00fameros s\u00e3o ainda mais altos.\u201d E observam tamb\u00e9m que h\u00e1 muitos hospitais com excesso de capacidade e existem m\u00e9dicos e enfermeiros entre as v\u00edtimas, sem que o governo federal adotasse alguma \u201cmedida s\u00e9ria\u201d no sentido de controlar a situa\u00e7\u00e3o.<\/p>\n\n\n\n<p>\u201cO lockdown nunca foi adotado em n\u00edvel como procedimento oficial. Apesar da iniciativa de muitos prefeitos e governadores em todo o pa\u00eds, o presidente Jair Bolsonaro nunca o apoiou. Pelo contr\u00e1rio, ele pessoalmente contrariou essas decis\u00f5es e minimizou a gravidade da pandemia em suas apari\u00e7\u00f5es p\u00fablicas.\u201d<\/p>\n\n\n\n<p>Eles citam ainda a exist\u00eancia de aproximadamente 50 pedidos de impeachment do presidente ou pela anula\u00e7\u00e3o das elei\u00e7\u00f5es, \u201cdevido a muitas ilegalidade que possivelmente proporcionaram a vit\u00f3ria de Bolsonaro\u201d. E lembram que esses pedidos devem ser aceitos pelo presidente da C\u00e2mara.<\/p>\n","protected":false},"excerpt":{"rendered":"<p>Blog da Cidadania &#8211; Mais de 20 pa\u00edses, nas Am\u00e9ricas e na Europa, organizam protestos contra o presidente brasileiro no pr\u00f3ximo domingo (28). O ato mundial Stop Bolsonaro ter\u00e1 manifesta\u00e7\u00f5es presenciais e virtuais em pelo menos 50 cidades.<\/p>\n","protected":false},"author":1,"featured_media":0,"comment_status":"closed","ping_status":"open","sticky":false,"template":"","format":"standard","meta":{"_exactmetrics_skip_tracking":false,"_exactmetrics_sitenote_active":false,"_exactmetrics_sitenote_note":"","_exactmetrics_sitenote_category":0,"jetpack_post_was_ever_published":false,"_jetpack_newsletter_access":"","_jetpack_dont_email_post_to_subs":false,"_jetpack_newsletter_tier_id":0,"_jetpack_memberships_contains_paywalled_content":false,"_jetpack_memberships_contains_paid_content":false,"footnotes":"","jetpack_publicize_message":"","jetpack_publicize_feature_enabled":true,"jetpack_social_post_already_shared":true,"jetpack_social_options":{"image_generator_settings":{"template":"highway","enabled":false},"version":2}},"categories":[1],"tags":[],"class_list":["post-28940","post","type-post","status-publish","format-standard","hentry","category-notas"],"jetpack_publicize_connections":[],"jetpack_sharing_enabled":true,"jetpack_featured_media_url":"","jetpack_shortlink":"https:\/\/wp.me\/p7wKYW-7wM","jetpack-related-posts":[],"_links":{"self":[{"href":"http:\/\/blogdalucianaoliveira.com.br\/blog\/wp-json\/wp\/v2\/posts\/28940","targetHints":{"allow":["GET"]}}],"collection":[{"href":"http:\/\/blogdalucianaoliveira.com.br\/blog\/wp-json\/wp\/v2\/posts"}],"about":[{"href":"http:\/\/blogdalucianaoliveira.com.br\/blog\/wp-json\/wp\/v2\/types\/post"}],"author":[{"embeddable":true,"href":"http:\/\/blogdalucianaoliveira.com.br\/blog\/wp-json\/wp\/v2\/users\/1"}],"replies":[{"embeddable":true,"href":"http:\/\/blogdalucianaoliveira.com.br\/blog\/wp-json\/wp\/v2\/comments?post=28940"}],"version-history":[{"count":1,"href":"http:\/\/blogdalucianaoliveira.com.br\/blog\/wp-json\/wp\/v2\/posts\/28940\/revisions"}],"predecessor-version":[{"id":28942,"href":"http:\/\/blogdalucianaoliveira.com.br\/blog\/wp-json\/wp\/v2\/posts\/28940\/revisions\/28942"}],"wp:attachment":[{"href":"http:\/\/blogdalucianaoliveira.com.br\/blog\/wp-json\/wp\/v2\/media?parent=28940"}],"wp:term":[{"taxonomy":"category","embeddable":true,"href":"http:\/\/blogdalucianaoliveira.com.br\/blog\/wp-json\/wp\/v2\/categories?post=28940"},{"taxonomy":"post_tag","embeddable":true,"href":"http:\/\/blogdalucianaoliveira.com.br\/blog\/wp-json\/wp\/v2\/tags?post=28940"}],"curies":[{"name":"wp","href":"https:\/\/api.w.org\/{rel}","templated":true}]}}