{"id":28946,"date":"2020-06-25T06:59:28","date_gmt":"2020-06-25T10:59:28","guid":{"rendered":"http:\/\/blogdalucianaoliveira.com.br\/blog\/?p=28946"},"modified":"2020-06-25T09:45:23","modified_gmt":"2020-06-25T13:45:23","slug":"venezuela-sofre-criticas-por-video-de-militar-que-subjuga-advogada-no-chao","status":"publish","type":"post","link":"http:\/\/blogdalucianaoliveira.com.br\/blog\/2020\/06\/25\/venezuela-sofre-criticas-por-video-de-militar-que-subjuga-advogada-no-chao\/","title":{"rendered":"Venezuela sofre cr\u00edticas por v\u00eddeo de militar que subjuga advogada no ch\u00e3o"},"content":{"rendered":"\n<figure class=\"wp-block-image size-large\"><img data-recalc-dims=\"1\" loading=\"lazy\" decoding=\"async\" width=\"450\" height=\"740\" data-attachment-id=\"28949\" data-permalink=\"http:\/\/blogdalucianaoliveira.com.br\/blog\/2020\/06\/25\/venezuela-sofre-criticas-por-video-de-militar-que-subjuga-advogada-no-chao\/d8d76e91-66bc-4bd9-a088-8512f301c636\/\" data-orig-file=\"https:\/\/i0.wp.com\/blogdalucianaoliveira.com.br\/blog\/wp-content\/uploads\/2020\/06\/D8D76E91-66BC-4BD9-A088-8512F301C636.jpeg?fit=450%2C740\" data-orig-size=\"450,740\" data-comments-opened=\"0\" data-image-meta=\"{&quot;aperture&quot;:&quot;0&quot;,&quot;credit&quot;:&quot;&quot;,&quot;camera&quot;:&quot;&quot;,&quot;caption&quot;:&quot;&quot;,&quot;created_timestamp&quot;:&quot;0&quot;,&quot;copyright&quot;:&quot;&quot;,&quot;focal_length&quot;:&quot;0&quot;,&quot;iso&quot;:&quot;0&quot;,&quot;shutter_speed&quot;:&quot;0&quot;,&quot;title&quot;:&quot;&quot;,&quot;orientation&quot;:&quot;0&quot;}\" data-image-title=\"D8D76E91-66BC-4BD9-A088-8512F301C636\" data-image-description=\"\" data-image-caption=\"\" data-medium-file=\"https:\/\/i0.wp.com\/blogdalucianaoliveira.com.br\/blog\/wp-content\/uploads\/2020\/06\/D8D76E91-66BC-4BD9-A088-8512F301C636.jpeg?fit=182%2C300\" data-large-file=\"https:\/\/i0.wp.com\/blogdalucianaoliveira.com.br\/blog\/wp-content\/uploads\/2020\/06\/D8D76E91-66BC-4BD9-A088-8512F301C636.jpeg?fit=450%2C740\" src=\"https:\/\/i0.wp.com\/blogdalucianaoliveira.com.br\/blog\/wp-content\/uploads\/2020\/06\/D8D76E91-66BC-4BD9-A088-8512F301C636.jpeg?resize=450%2C740\" alt=\"\" class=\"wp-image-28949\" srcset=\"https:\/\/i0.wp.com\/blogdalucianaoliveira.com.br\/blog\/wp-content\/uploads\/2020\/06\/D8D76E91-66BC-4BD9-A088-8512F301C636.jpeg?w=450 450w, https:\/\/i0.wp.com\/blogdalucianaoliveira.com.br\/blog\/wp-content\/uploads\/2020\/06\/D8D76E91-66BC-4BD9-A088-8512F301C636.jpeg?resize=182%2C300 182w\" sizes=\"auto, (max-width: 450px) 100vw, 450px\" \/><\/figure>\n\n\n\n<p>AFP &#8211; Uma onda de cr\u00edticas de ativistas de direitos humanos e pol\u00edticos da oposi\u00e7\u00e3o foi desencadeada na Venezuela ap\u00f3s a divulga\u00e7\u00e3o de um v\u00eddeo de uma militar que prende uma advogada, colocando-a no ch\u00e3o enquanto pressiona sua cabe\u00e7a contra a cal\u00e7ada.&nbsp;<\/p>\n\n\n\n<!--more-->\n\n\n\n<p>A advogada Eva Leal foi &#8220;arbitrariamente detida&#8221; em um quartel da Guarda Nacional e precisou levar cinco pontos na testa por uma les\u00e3o sofrida durante a &#8220;agress\u00e3o&#8221; na ter\u00e7a-feira em Barquisimeto, estado de Lara (oeste), disse \u00e0 AFP nesta quarta-feira (24), o advogado de direitos humanos Henderson Maldonado.<\/p>\n\n\n\n<p>No v\u00eddeo, uma militar \u00e9 vista executando uma manobra para imobilizar a mulher, cuja cabe\u00e7a \u00e9 pressionada com for\u00e7a contra o ch\u00e3o.&nbsp;<\/p>\n\n\n\n<p>&#8220;A est\u00e3o matando!&#8221;, gritam algumas pessoas. &#8220;Tirou a arma de mim!&#8221;, diz a mulher uniformizada.&nbsp;<\/p>\n\n\n\n<p>Maldonado, preso por dois dias no final de maio ap\u00f3s gravar um protesto em um posto de gasolina, disse que Leal deve ser levada ao tribunal militar na quinta-feira.&nbsp;<\/p>\n\n\n\n<p>Familiares, de acordo com a imprensa local, denunciam que Leal se recusou a pagar o dinheiro que os militares supostamente pediram para deix\u00e1-la passar de carro por uma ponte. O pa\u00eds est\u00e1 em quarentena pelo novo coronav\u00edrus e segundo esses relatos, ela voltava para casa do trabalho.<\/p>\n\n\n\n<p>Uma foto de Leal algemada, vestindo uma camisa suja de sangue e um ferimento na testa, tamb\u00e9m viralizou.&nbsp;<\/p>\n\n\n\n<p>&#8220;Na Venezuela, estamos lutando contra a brutalidade de uma ditadura&#8221;, escreveu no Twitter o opositor Juan Guaid\u00f3, reconhecido como o presidente interino por cinquenta pa\u00edses, culpando o governo de Nicol\u00e1s Maduro.&nbsp;<\/p>\n\n\n\n<p>&#8220;Eles tentaram extorqui-la e abusaram de sua autoridade&#8221;, disse o ex-prefeito da oposi\u00e7\u00e3o de Barquisimeto, Alfredo Ramos.&nbsp;<\/p>\n\n\n\n<p>A ONG de direitos humanos F\u00f3rum Penal, cr\u00edtica de Maduro, denunciou dezenas de &#8220;pris\u00f5es arbitr\u00e1rias&#8221; durante a quarentena.<\/p>\n\n\n\n<p>A Anistia Internacional condenou &#8220;a brutalidade&#8221; das for\u00e7as de seguran\u00e7a na Venezuela. &#8220;Exigimos uma investiga\u00e7\u00e3o imparcial e exaustiva imediata&#8221;, afirmou a institui\u00e7\u00e3o no Twitter.<\/p>\n\n\n\n<p>Segundo dados oficiais divulgados na ter\u00e7a-feira, a pandemia de coronav\u00edrus causou 4.187 infec\u00e7\u00f5es e 35 mortes no pa\u00eds, n\u00fameros questionados pela oposi\u00e7\u00e3o e organiza\u00e7\u00f5es como a Human Rights Watch.<\/p>\n","protected":false},"excerpt":{"rendered":"<p>AFP &#8211; Uma onda de cr\u00edticas de ativistas de direitos humanos e pol\u00edticos da oposi\u00e7\u00e3o foi desencadeada na Venezuela ap\u00f3s a divulga\u00e7\u00e3o de um v\u00eddeo de uma militar que prende uma advogada, colocando-a no ch\u00e3o enquanto pressiona sua cabe\u00e7a contra a cal\u00e7ada.&nbsp;<\/p>\n","protected":false},"author":1,"featured_media":0,"comment_status":"closed","ping_status":"open","sticky":false,"template":"","format":"standard","meta":{"_exactmetrics_skip_tracking":false,"_exactmetrics_sitenote_active":false,"_exactmetrics_sitenote_note":"","_exactmetrics_sitenote_category":0,"jetpack_post_was_ever_published":false,"_jetpack_newsletter_access":"","_jetpack_dont_email_post_to_subs":false,"_jetpack_newsletter_tier_id":0,"_jetpack_memberships_contains_paywalled_content":false,"_jetpack_memberships_contains_paid_content":false,"footnotes":"","jetpack_publicize_message":"","jetpack_publicize_feature_enabled":true,"jetpack_social_post_already_shared":true,"jetpack_social_options":{"image_generator_settings":{"template":"highway","enabled":false},"version":2}},"categories":[1],"tags":[],"class_list":["post-28946","post","type-post","status-publish","format-standard","hentry","category-notas"],"jetpack_publicize_connections":[],"jetpack_sharing_enabled":true,"jetpack_featured_media_url":"","jetpack_shortlink":"https:\/\/wp.me\/p7wKYW-7wS","jetpack-related-posts":[],"_links":{"self":[{"href":"http:\/\/blogdalucianaoliveira.com.br\/blog\/wp-json\/wp\/v2\/posts\/28946","targetHints":{"allow":["GET"]}}],"collection":[{"href":"http:\/\/blogdalucianaoliveira.com.br\/blog\/wp-json\/wp\/v2\/posts"}],"about":[{"href":"http:\/\/blogdalucianaoliveira.com.br\/blog\/wp-json\/wp\/v2\/types\/post"}],"author":[{"embeddable":true,"href":"http:\/\/blogdalucianaoliveira.com.br\/blog\/wp-json\/wp\/v2\/users\/1"}],"replies":[{"embeddable":true,"href":"http:\/\/blogdalucianaoliveira.com.br\/blog\/wp-json\/wp\/v2\/comments?post=28946"}],"version-history":[{"count":2,"href":"http:\/\/blogdalucianaoliveira.com.br\/blog\/wp-json\/wp\/v2\/posts\/28946\/revisions"}],"predecessor-version":[{"id":28950,"href":"http:\/\/blogdalucianaoliveira.com.br\/blog\/wp-json\/wp\/v2\/posts\/28946\/revisions\/28950"}],"wp:attachment":[{"href":"http:\/\/blogdalucianaoliveira.com.br\/blog\/wp-json\/wp\/v2\/media?parent=28946"}],"wp:term":[{"taxonomy":"category","embeddable":true,"href":"http:\/\/blogdalucianaoliveira.com.br\/blog\/wp-json\/wp\/v2\/categories?post=28946"},{"taxonomy":"post_tag","embeddable":true,"href":"http:\/\/blogdalucianaoliveira.com.br\/blog\/wp-json\/wp\/v2\/tags?post=28946"}],"curies":[{"name":"wp","href":"https:\/\/api.w.org\/{rel}","templated":true}]}}