{"id":28951,"date":"2020-06-25T09:49:46","date_gmt":"2020-06-25T13:49:46","guid":{"rendered":"http:\/\/blogdalucianaoliveira.com.br\/blog\/?p=28951"},"modified":"2020-06-25T09:49:57","modified_gmt":"2020-06-25T13:49:57","slug":"senado-passa-a-boiada-e-aprova-novo-marco-do-saneamento","status":"publish","type":"post","link":"http:\/\/blogdalucianaoliveira.com.br\/blog\/2020\/06\/25\/senado-passa-a-boiada-e-aprova-novo-marco-do-saneamento\/","title":{"rendered":"Senado \u201cpassa a boiada\u201d e aprova novo marco do saneamento"},"content":{"rendered":"\n<figure class=\"wp-block-image size-large\"><img data-recalc-dims=\"1\" loading=\"lazy\" decoding=\"async\" width=\"600\" height=\"360\" data-attachment-id=\"28952\" data-permalink=\"http:\/\/blogdalucianaoliveira.com.br\/blog\/2020\/06\/25\/senado-passa-a-boiada-e-aprova-novo-marco-do-saneamento\/image-7-12\/\" data-orig-file=\"https:\/\/i0.wp.com\/blogdalucianaoliveira.com.br\/blog\/wp-content\/uploads\/2020\/06\/image-7.png?fit=1024%2C614\" data-orig-size=\"1024,614\" data-comments-opened=\"0\" data-image-meta=\"{&quot;aperture&quot;:&quot;0&quot;,&quot;credit&quot;:&quot;&quot;,&quot;camera&quot;:&quot;&quot;,&quot;caption&quot;:&quot;&quot;,&quot;created_timestamp&quot;:&quot;0&quot;,&quot;copyright&quot;:&quot;&quot;,&quot;focal_length&quot;:&quot;0&quot;,&quot;iso&quot;:&quot;0&quot;,&quot;shutter_speed&quot;:&quot;0&quot;,&quot;title&quot;:&quot;&quot;,&quot;orientation&quot;:&quot;0&quot;}\" data-image-title=\"image-7\" data-image-description=\"\" data-image-caption=\"\" data-medium-file=\"https:\/\/i0.wp.com\/blogdalucianaoliveira.com.br\/blog\/wp-content\/uploads\/2020\/06\/image-7.png?fit=300%2C180\" data-large-file=\"https:\/\/i0.wp.com\/blogdalucianaoliveira.com.br\/blog\/wp-content\/uploads\/2020\/06\/image-7.png?fit=600%2C360\" src=\"https:\/\/i0.wp.com\/blogdalucianaoliveira.com.br\/blog\/wp-content\/uploads\/2020\/06\/image-7.png?resize=600%2C360\" alt=\"\" class=\"wp-image-28952\" srcset=\"https:\/\/i0.wp.com\/blogdalucianaoliveira.com.br\/blog\/wp-content\/uploads\/2020\/06\/image-7.png?w=1024 1024w, https:\/\/i0.wp.com\/blogdalucianaoliveira.com.br\/blog\/wp-content\/uploads\/2020\/06\/image-7.png?resize=300%2C180 300w, https:\/\/i0.wp.com\/blogdalucianaoliveira.com.br\/blog\/wp-content\/uploads\/2020\/06\/image-7.png?resize=768%2C461 768w, https:\/\/i0.wp.com\/blogdalucianaoliveira.com.br\/blog\/wp-content\/uploads\/2020\/06\/image-7.png?resize=500%2C300 500w\" sizes=\"auto, (max-width: 600px) 100vw, 600px\" \/><\/figure>\n\n\n\n<h4 class=\"wp-block-heading\">Novas regras facilitam privatiza\u00e7\u00e3o de empresas p\u00fablicas de distribui\u00e7\u00e3o de \u00e1gua e de esgotamento sanit\u00e1rio<\/h4>\n\n\n\n<!--more-->\n\n\n\n<p>Carta Capital <br><\/p>\n\n\n\n<p>Durante sess\u00e3o por videochamada em plena pandemia do novo coronav\u00edrus, o Senado Federal decidiu \u201cpassar a boiada\u201d e pautar uma vota\u00e7\u00e3o hist\u00f3rica nesta quarta-feira 24: o novo marco regulat\u00f3rio do saneamento b\u00e1sico. O texto altera a Lei 11.445 de 2007 e facilita a concess\u00e3o e a privatiza\u00e7\u00e3o de empresas p\u00fablicas de saneamento b\u00e1sico. A mat\u00e9ria foi aprovada por 65 votos favor\u00e1veis e 13 contr\u00e1rios e vai a san\u00e7\u00e3o do presidente Jair Bolsonaro.<\/p>\n\n\n\n<p>O projeto havia sido aprovado na C\u00e2mara dos Deputados, com a relatoria do deputado federal Geninho Zuliani (DEM-SP). Ao chegar no Senado, foi para as m\u00e3os do senador tucano Tasso Jereissati (PSDB-CE). O argumento dos defensores do texto \u00e9 que o estado n\u00e3o tem dinheiro para investir nas empresas p\u00fablicas de saneamento e, portanto, \u00e9 preciso atrair investimentos privados para universalizar o acesso \u00e0 distribui\u00e7\u00e3o de \u00e1gua e ao esgotamento sanit\u00e1rio.<\/p>\n\n\n\n<p>Na sess\u00e3o do Senado, parlamentares protestaram contra a vota\u00e7\u00e3o e defenderam que a pauta deveria ser discutida em uma sess\u00e3o presencial. O senador Rog\u00e9rio Carvalho (PT-SE), l\u00edder da bancada petista no Senado, posicionou-se em total desacordo com aprecia\u00e7\u00e3o da mat\u00e9ria, alegando \u201cinoportunidade e a\u00e7odamento\u201d porque \u201ca mat\u00e9ria n\u00e3o se encontra devidamente discutida\u201d.<\/p>\n\n\n\n<p>Em contraposi\u00e7\u00e3o, o presidente Davi Alcolumbre (DEM-AP) afirmou que a pauta passou por 16 audi\u00eancias p\u00fablicas e foi tratada por 167 debatedores em 49 reuni\u00f5es. \u201cDiscordando respeitosamente do l\u00edder Rog\u00e9rio Carvalho, n\u00e3o procede a alega\u00e7\u00e3o de que a mat\u00e9ria teria sido insuficientemente discutida ou pautada de forma a\u00e7odada\u201d.<\/p>\n\n\n\n<p>Ainda assim, Alcolumbre deixou que as bancadas partid\u00e1rias se manifestassem sobre manter ou n\u00e3o a vota\u00e7\u00e3o hist\u00f3rica, mesmo que o pa\u00eds esteja sob estado de calamidade p\u00fablica e as sess\u00f5es remotas dificultem os debates. Entre os representantes de bancadas que apoiaram Alcolumbre, estiveram os senadores Fabiano Contarato (Rede-ES), K\u00e1tia Abreu (PP-TO), Major Olimpio (PSL-SP), Zequinha Marinho (PSC-PA), Telm\u00e1rio Mota (PROS-RR), Rodrigo Pacheco (DEM-MG), e o l\u00edder do governo Bolsonaro no Senado, Eduardo Bezerra (MDB-PE).<\/p>\n\n\n\n<p>Apenas os representantes do PT e do PDT, Rog\u00e9rio Carvalho e Weverton (MA), orientaram seus partidos a votarem contra a manuten\u00e7\u00e3o da pauta. A senadora Eliziane Gama (Cidadania-MA) tamb\u00e9m manifestou preocupa\u00e7\u00e3o com a falta de mais uma sess\u00e3o para debates, inviabilizada pela vota\u00e7\u00e3o por videochamada. No entanto, ela liberou a bancada para votar como quisesse, por diverg\u00eancias internas. A lideran\u00e7a do Republicanos tamb\u00e9m liberou seus senadores.<\/p>\n","protected":false},"excerpt":{"rendered":"<p>Novas regras facilitam privatiza\u00e7\u00e3o de empresas p\u00fablicas de distribui\u00e7\u00e3o de \u00e1gua e de esgotamento sanit\u00e1rio<\/p>\n","protected":false},"author":1,"featured_media":0,"comment_status":"closed","ping_status":"open","sticky":false,"template":"","format":"standard","meta":{"_exactmetrics_skip_tracking":false,"_exactmetrics_sitenote_active":false,"_exactmetrics_sitenote_note":"","_exactmetrics_sitenote_category":0,"jetpack_post_was_ever_published":false,"_jetpack_newsletter_access":"","_jetpack_dont_email_post_to_subs":false,"_jetpack_newsletter_tier_id":0,"_jetpack_memberships_contains_paywalled_content":false,"_jetpack_memberships_contains_paid_content":false,"footnotes":"","jetpack_publicize_message":"","jetpack_publicize_feature_enabled":true,"jetpack_social_post_already_shared":true,"jetpack_social_options":{"image_generator_settings":{"template":"highway","enabled":false},"version":2}},"categories":[1],"tags":[],"class_list":["post-28951","post","type-post","status-publish","format-standard","hentry","category-notas"],"jetpack_publicize_connections":[],"jetpack_sharing_enabled":true,"jetpack_featured_media_url":"","jetpack_shortlink":"https:\/\/wp.me\/p7wKYW-7wX","jetpack-related-posts":[],"_links":{"self":[{"href":"http:\/\/blogdalucianaoliveira.com.br\/blog\/wp-json\/wp\/v2\/posts\/28951","targetHints":{"allow":["GET"]}}],"collection":[{"href":"http:\/\/blogdalucianaoliveira.com.br\/blog\/wp-json\/wp\/v2\/posts"}],"about":[{"href":"http:\/\/blogdalucianaoliveira.com.br\/blog\/wp-json\/wp\/v2\/types\/post"}],"author":[{"embeddable":true,"href":"http:\/\/blogdalucianaoliveira.com.br\/blog\/wp-json\/wp\/v2\/users\/1"}],"replies":[{"embeddable":true,"href":"http:\/\/blogdalucianaoliveira.com.br\/blog\/wp-json\/wp\/v2\/comments?post=28951"}],"version-history":[{"count":1,"href":"http:\/\/blogdalucianaoliveira.com.br\/blog\/wp-json\/wp\/v2\/posts\/28951\/revisions"}],"predecessor-version":[{"id":28953,"href":"http:\/\/blogdalucianaoliveira.com.br\/blog\/wp-json\/wp\/v2\/posts\/28951\/revisions\/28953"}],"wp:attachment":[{"href":"http:\/\/blogdalucianaoliveira.com.br\/blog\/wp-json\/wp\/v2\/media?parent=28951"}],"wp:term":[{"taxonomy":"category","embeddable":true,"href":"http:\/\/blogdalucianaoliveira.com.br\/blog\/wp-json\/wp\/v2\/categories?post=28951"},{"taxonomy":"post_tag","embeddable":true,"href":"http:\/\/blogdalucianaoliveira.com.br\/blog\/wp-json\/wp\/v2\/tags?post=28951"}],"curies":[{"name":"wp","href":"https:\/\/api.w.org\/{rel}","templated":true}]}}