{"id":28954,"date":"2020-06-25T11:20:32","date_gmt":"2020-06-25T15:20:32","guid":{"rendered":"http:\/\/blogdalucianaoliveira.com.br\/blog\/?p=28954"},"modified":"2020-06-25T11:20:40","modified_gmt":"2020-06-25T15:20:40","slug":"bbc-aponta-que-paris-berlim-e-outras-265-cidades-reestatizaram-o-saneamento-nos-ultimos-anos","status":"publish","type":"post","link":"http:\/\/blogdalucianaoliveira.com.br\/blog\/2020\/06\/25\/bbc-aponta-que-paris-berlim-e-outras-265-cidades-reestatizaram-o-saneamento-nos-ultimos-anos\/","title":{"rendered":"BBC aponta que Paris, Berlim e outras 265 cidades reestatizaram o saneamento nos \u00faltimos anos"},"content":{"rendered":"\n<figure class=\"wp-block-image size-large\"><img data-recalc-dims=\"1\" loading=\"lazy\" decoding=\"async\" width=\"600\" height=\"352\" data-attachment-id=\"28955\" data-permalink=\"http:\/\/blogdalucianaoliveira.com.br\/blog\/2020\/06\/25\/bbc-aponta-que-paris-berlim-e-outras-265-cidades-reestatizaram-o-saneamento-nos-ultimos-anos\/image-73-6\/\" data-orig-file=\"https:\/\/i0.wp.com\/blogdalucianaoliveira.com.br\/blog\/wp-content\/uploads\/2020\/06\/image-73.jpeg?fit=610%2C358\" data-orig-size=\"610,358\" data-comments-opened=\"0\" data-image-meta=\"{&quot;aperture&quot;:&quot;0&quot;,&quot;credit&quot;:&quot;&quot;,&quot;camera&quot;:&quot;&quot;,&quot;caption&quot;:&quot;&quot;,&quot;created_timestamp&quot;:&quot;0&quot;,&quot;copyright&quot;:&quot;&quot;,&quot;focal_length&quot;:&quot;0&quot;,&quot;iso&quot;:&quot;0&quot;,&quot;shutter_speed&quot;:&quot;0&quot;,&quot;title&quot;:&quot;&quot;,&quot;orientation&quot;:&quot;0&quot;}\" data-image-title=\"image-73\" data-image-description=\"\" data-image-caption=\"\" data-medium-file=\"https:\/\/i0.wp.com\/blogdalucianaoliveira.com.br\/blog\/wp-content\/uploads\/2020\/06\/image-73.jpeg?fit=300%2C176\" data-large-file=\"https:\/\/i0.wp.com\/blogdalucianaoliveira.com.br\/blog\/wp-content\/uploads\/2020\/06\/image-73.jpeg?fit=600%2C352\" src=\"https:\/\/i0.wp.com\/blogdalucianaoliveira.com.br\/blog\/wp-content\/uploads\/2020\/06\/image-73.jpeg?resize=600%2C352\" alt=\"\" class=\"wp-image-28955\" srcset=\"https:\/\/i0.wp.com\/blogdalucianaoliveira.com.br\/blog\/wp-content\/uploads\/2020\/06\/image-73.jpeg?w=610 610w, https:\/\/i0.wp.com\/blogdalucianaoliveira.com.br\/blog\/wp-content\/uploads\/2020\/06\/image-73.jpeg?resize=300%2C176 300w, https:\/\/i0.wp.com\/blogdalucianaoliveira.com.br\/blog\/wp-content\/uploads\/2020\/06\/image-73.jpeg?resize=511%2C300 511w\" sizes=\"auto, (max-width: 600px) 100vw, 600px\" \/><\/figure>\n\n\n\n<p><strong>247 \u2013\u00a0<\/strong>O Brasil chegou atrasado na onda de privatiza\u00e7\u00e3o dos servi\u00e7os de \u00e1gua e esgoto, mas poderia ter corrigido a rota, a partir do fracasso de experi\u00eancias internacionais. Uma reportagem da BBC de junho de 2017 aponta que, tr\u00eas anos atr\u00e1s, o modelo de privatiza\u00e7\u00f5es e parcerias p\u00fablico-privadas j\u00e1 estava sendo revisto, por ter resultado em tarifas alt\u00edssimas e servi\u00e7os de p\u00e9ssima qualidade.<\/p>\n\n\n\n<!--more-->\n\n\n\n<p><br>&#8220;Enquanto iniciativas para privatizar sistemas de saneamento avan\u00e7am no Brasil, um estudo indica que esfor\u00e7os para fazer exatamente o inverso &#8211; devolver a gest\u00e3o do tratamento e fornecimento de \u00e1gua \u00e0s m\u00e3os p\u00fablicas &#8211; continua a ser uma tend\u00eancia global crescente. De acordo com um mapeamento feito por onze organiza\u00e7\u00f5es majoritariamente europeias, da virada do mil\u00eanio para c\u00e1 foram registrados 267 casos de &#8216;remunicipaliza\u00e7\u00e3o&#8217;, ou reestatiza\u00e7\u00e3o, de sistemas de \u00e1gua e esgoto. No ano 2000, de acordo com o estudo, s\u00f3 se conheciam tr\u00eas casos&#8221;, apontava a\u00a0<a href=\"https:\/\/www.bbc.com\/portuguese\/brasil-40379053\">reportagem<\/a>.<\/p>\n\n\n\n<p>&#8220;Satoko Kishimoto, uma das autoras da pesquisa publicada nesta sexta-feira, afirma que a revers\u00e3o vem sendo impulsionada por um leque de problemas reincidentes, entre eles servi\u00e7os inflacionados, ineficientes e com investimentos insuficientes. Ela \u00e9 coordenadora para pol\u00edticas p\u00fablicas alternativas no Instituto Transnacional (TNI), centro de pesquisas com sede na Holanda&#8221;, indicava ainda a BBC.<\/p>\n\n\n\n<p>&#8220;Em geral, observamos que as cidades est\u00e3o voltando atr\u00e1s porque constatam que as privatiza\u00e7\u00f5es ou parcerias p\u00fablico-privadas (PPPs) acarretam tarifas muito altas, n\u00e3o cumprem promessas feitas inicialmente e operam com falta de transpar\u00eancia, entre uma s\u00e9rie de problemas que vimos caso a caso&#8221;, explicou Satoko.<\/p>\n\n\n\n<figure class=\"wp-block-embed-youtube wp-block-embed is-type-video is-provider-youtube wp-embed-aspect-16-9 wp-has-aspect-ratio\"><div class=\"wp-block-embed__wrapper\">\n<div class=\"jetpack-video-wrapper\"><iframe loading=\"lazy\" title=\"Boletim 247 - Senado aprova projeto que prev\u00ea privatiza\u00e7\u00e3o do saneamento\" width=\"600\" height=\"338\" src=\"https:\/\/www.youtube.com\/embed\/IUYf9jTpEBM?feature=oembed\" frameborder=\"0\" allow=\"accelerometer; autoplay; clipboard-write; encrypted-media; gyroscope; picture-in-picture; web-share\" referrerpolicy=\"strict-origin-when-cross-origin\" allowfullscreen><\/iframe><\/div>\n<\/div><\/figure>\n","protected":false},"excerpt":{"rendered":"<p>247 \u2013\u00a0O Brasil chegou atrasado na onda de privatiza\u00e7\u00e3o dos servi\u00e7os de \u00e1gua e esgoto, mas poderia ter corrigido a rota, a partir do fracasso de experi\u00eancias internacionais. Uma reportagem da BBC de junho de 2017 aponta que, tr\u00eas anos atr\u00e1s, o modelo de privatiza\u00e7\u00f5es e parcerias p\u00fablico-privadas j\u00e1 estava sendo revisto, por ter resultado&#8230;<a class=\"more-link\" href=\"http:\/\/blogdalucianaoliveira.com.br\/blog\/2020\/06\/25\/bbc-aponta-que-paris-berlim-e-outras-265-cidades-reestatizaram-o-saneamento-nos-ultimos-anos\/\">Continue a leitura <span class=\"meta-nav\">&raquo;<\/span><\/a><\/p>\n","protected":false},"author":1,"featured_media":0,"comment_status":"closed","ping_status":"open","sticky":false,"template":"","format":"standard","meta":{"_exactmetrics_skip_tracking":false,"_exactmetrics_sitenote_active":false,"_exactmetrics_sitenote_note":"","_exactmetrics_sitenote_category":0,"jetpack_post_was_ever_published":false,"_jetpack_newsletter_access":"","_jetpack_dont_email_post_to_subs":false,"_jetpack_newsletter_tier_id":0,"_jetpack_memberships_contains_paywalled_content":false,"_jetpack_memberships_contains_paid_content":false,"footnotes":"","jetpack_publicize_message":"","jetpack_publicize_feature_enabled":true,"jetpack_social_post_already_shared":true,"jetpack_social_options":{"image_generator_settings":{"template":"highway","enabled":false},"version":2}},"categories":[1],"tags":[],"class_list":["post-28954","post","type-post","status-publish","format-standard","hentry","category-notas"],"jetpack_publicize_connections":[],"jetpack_sharing_enabled":true,"jetpack_featured_media_url":"","jetpack_shortlink":"https:\/\/wp.me\/p7wKYW-7x0","jetpack-related-posts":[],"_links":{"self":[{"href":"http:\/\/blogdalucianaoliveira.com.br\/blog\/wp-json\/wp\/v2\/posts\/28954","targetHints":{"allow":["GET"]}}],"collection":[{"href":"http:\/\/blogdalucianaoliveira.com.br\/blog\/wp-json\/wp\/v2\/posts"}],"about":[{"href":"http:\/\/blogdalucianaoliveira.com.br\/blog\/wp-json\/wp\/v2\/types\/post"}],"author":[{"embeddable":true,"href":"http:\/\/blogdalucianaoliveira.com.br\/blog\/wp-json\/wp\/v2\/users\/1"}],"replies":[{"embeddable":true,"href":"http:\/\/blogdalucianaoliveira.com.br\/blog\/wp-json\/wp\/v2\/comments?post=28954"}],"version-history":[{"count":1,"href":"http:\/\/blogdalucianaoliveira.com.br\/blog\/wp-json\/wp\/v2\/posts\/28954\/revisions"}],"predecessor-version":[{"id":28956,"href":"http:\/\/blogdalucianaoliveira.com.br\/blog\/wp-json\/wp\/v2\/posts\/28954\/revisions\/28956"}],"wp:attachment":[{"href":"http:\/\/blogdalucianaoliveira.com.br\/blog\/wp-json\/wp\/v2\/media?parent=28954"}],"wp:term":[{"taxonomy":"category","embeddable":true,"href":"http:\/\/blogdalucianaoliveira.com.br\/blog\/wp-json\/wp\/v2\/categories?post=28954"},{"taxonomy":"post_tag","embeddable":true,"href":"http:\/\/blogdalucianaoliveira.com.br\/blog\/wp-json\/wp\/v2\/tags?post=28954"}],"curies":[{"name":"wp","href":"https:\/\/api.w.org\/{rel}","templated":true}]}}