{"id":28957,"date":"2020-06-26T10:54:51","date_gmt":"2020-06-26T14:54:51","guid":{"rendered":"http:\/\/blogdalucianaoliveira.com.br\/blog\/?p=28957"},"modified":"2020-06-26T10:54:59","modified_gmt":"2020-06-26T14:54:59","slug":"einstein-proibe-medicos-do-hospital-de-receitar-cloroquina-contra-coronavirus","status":"publish","type":"post","link":"http:\/\/blogdalucianaoliveira.com.br\/blog\/2020\/06\/26\/einstein-proibe-medicos-do-hospital-de-receitar-cloroquina-contra-coronavirus\/","title":{"rendered":"Einstein pro\u00edbe m\u00e9dicos do hospital de receitar cloroquina contra coronav\u00edrus"},"content":{"rendered":"\n<figure class=\"wp-block-image\"><img data-recalc-dims=\"1\" decoding=\"async\" src=\"https:\/\/i0.wp.com\/publisher-publish.s3.eu-central-1.amazonaws.com\/pb-brasil247\/swp\/jtjeq9\/media\/20200626110616_2aeb7f032c1eb9189e627f0ef54a137dd53279cb1b029f96ba02d1ce03a6c898.jpeg?w=600&#038;ssl=1\" alt=\"\"\/><\/figure>\n\n\n\n<p><strong>247 &#8211;\u00a0<\/strong>O Hospital Israelita Albert Einstein, na zona sul da cidade de S\u00e3o Paulo, proibiu o corpo m\u00e9dico de\u00a0<a rel=\"noreferrer noopener\" target=\"_blank\" href=\"https:\/\/www.brasil247.com\/poder\/apos-pressao-de-bolsonaro-cloroquina-e-liberada-para-todos-os-pacientes-com-covid-19-vonccm63\">prescrever a cloroquina<\/a>\u00a0para tratamento da Covid-19, atrav\u00e9s de um comunicado emitido na quinta-feira (25). De acordo com hospital, nunca teve protocolo para uso do medicamento, por\u00e9m os m\u00e9dicos receitavam a droga fora do que \u00e9 indicado na bula (off label). A informa\u00e7\u00e3o \u00e9 do portal\u00a0<a rel=\"noreferrer noopener\" target=\"_blank\" href=\"https:\/\/g1.globo.com\/sp\/sao-paulo\/noticia\/2020\/06\/25\/hospital-einstein-proibe-medicos-de-receitar-cloroquina-para-pacientes-com-coronavirus.ghtml\">G1.<\/a><\/p>\n\n\n\n<!--more-->\n\n\n\n<p>A medida da unidade hospitalar demonstrou a falta de embasamento no discurso de Jair Bolsonaro, que j\u00e1 fez lobby para o uso o medicamento, mesmo sem comprova\u00e7\u00e3o cient\u00edfica.&nbsp;<\/p>\n\n\n\n<p>Segundo a Ag\u00eancia Nacional de Vigil\u00e2ncia Sanit\u00e1ria (Anvisa), o modo \u201coff label\u201d de aplica\u00e7\u00e3o de um rem\u00e9dio acontece quando uma droga \u00e9 prescrita para tratar uma indica\u00e7\u00e3o que n\u00e3o est\u00e1 prevista na bula.<\/p>\n\n\n\n<p>&#8220;O uso off label de um medicamento \u00e9 feito por conta e risco do m\u00e9dico que o prescreve, e pode eventualmente vir a caracterizar um erro m\u00e9dico, mas em grande parte das vezes trata-se de uso essencialmente correto, apenas ainda n\u00e3o aprovado\u201d, afirmou a institui\u00e7\u00e3o.<\/p>\n\n\n\n<p>O Minist\u00e9rio da Defesa havia dito que h\u00e1&nbsp;<a target=\"_blank\" rel=\"noreferrer noopener\" href=\"https:\/\/www.brasil247.com\/coronavirus\/exercito-brasileiro-tem-estoque-de-cloroquina-para-18-anos\">1,8 milh\u00e3o de comprimidos de cloroquina<\/a>&nbsp;em estoque no Laborat\u00f3rio do Ex\u00e9rcito. O valor representa cerca de 18 vezes a produ\u00e7\u00e3o anual do medicamento nos anos anteriores. Al\u00e9m dessa quantia do medicamento em estoque, h\u00e1 um milh\u00e3o de comprimidos j\u00e1 direcionados ao Minist\u00e9rio da Sa\u00fade.&nbsp;<br><\/p>\n","protected":false},"excerpt":{"rendered":"<p>247 &#8211;\u00a0O Hospital Israelita Albert Einstein, na zona sul da cidade de S\u00e3o Paulo, proibiu o corpo m\u00e9dico de\u00a0prescrever a cloroquina\u00a0para tratamento da Covid-19, atrav\u00e9s de um comunicado emitido na quinta-feira (25). De acordo com hospital, nunca teve protocolo para uso do medicamento, por\u00e9m os m\u00e9dicos receitavam a droga fora do que \u00e9 indicado na&#8230;<a class=\"more-link\" href=\"http:\/\/blogdalucianaoliveira.com.br\/blog\/2020\/06\/26\/einstein-proibe-medicos-do-hospital-de-receitar-cloroquina-contra-coronavirus\/\">Continue a leitura <span class=\"meta-nav\">&raquo;<\/span><\/a><\/p>\n","protected":false},"author":1,"featured_media":0,"comment_status":"closed","ping_status":"open","sticky":false,"template":"","format":"standard","meta":{"_exactmetrics_skip_tracking":false,"_exactmetrics_sitenote_active":false,"_exactmetrics_sitenote_note":"","_exactmetrics_sitenote_category":0,"jetpack_post_was_ever_published":false,"_jetpack_newsletter_access":"","_jetpack_dont_email_post_to_subs":false,"_jetpack_newsletter_tier_id":0,"_jetpack_memberships_contains_paywalled_content":false,"_jetpack_memberships_contains_paid_content":false,"footnotes":"","jetpack_publicize_message":"","jetpack_publicize_feature_enabled":true,"jetpack_social_post_already_shared":true,"jetpack_social_options":{"image_generator_settings":{"template":"highway","enabled":false},"version":2}},"categories":[1],"tags":[],"class_list":["post-28957","post","type-post","status-publish","format-standard","hentry","category-notas"],"jetpack_publicize_connections":[],"jetpack_sharing_enabled":true,"jetpack_featured_media_url":"","jetpack_shortlink":"https:\/\/wp.me\/p7wKYW-7x3","jetpack-related-posts":[],"_links":{"self":[{"href":"http:\/\/blogdalucianaoliveira.com.br\/blog\/wp-json\/wp\/v2\/posts\/28957","targetHints":{"allow":["GET"]}}],"collection":[{"href":"http:\/\/blogdalucianaoliveira.com.br\/blog\/wp-json\/wp\/v2\/posts"}],"about":[{"href":"http:\/\/blogdalucianaoliveira.com.br\/blog\/wp-json\/wp\/v2\/types\/post"}],"author":[{"embeddable":true,"href":"http:\/\/blogdalucianaoliveira.com.br\/blog\/wp-json\/wp\/v2\/users\/1"}],"replies":[{"embeddable":true,"href":"http:\/\/blogdalucianaoliveira.com.br\/blog\/wp-json\/wp\/v2\/comments?post=28957"}],"version-history":[{"count":1,"href":"http:\/\/blogdalucianaoliveira.com.br\/blog\/wp-json\/wp\/v2\/posts\/28957\/revisions"}],"predecessor-version":[{"id":28958,"href":"http:\/\/blogdalucianaoliveira.com.br\/blog\/wp-json\/wp\/v2\/posts\/28957\/revisions\/28958"}],"wp:attachment":[{"href":"http:\/\/blogdalucianaoliveira.com.br\/blog\/wp-json\/wp\/v2\/media?parent=28957"}],"wp:term":[{"taxonomy":"category","embeddable":true,"href":"http:\/\/blogdalucianaoliveira.com.br\/blog\/wp-json\/wp\/v2\/categories?post=28957"},{"taxonomy":"post_tag","embeddable":true,"href":"http:\/\/blogdalucianaoliveira.com.br\/blog\/wp-json\/wp\/v2\/tags?post=28957"}],"curies":[{"name":"wp","href":"https:\/\/api.w.org\/{rel}","templated":true}]}}