{"id":28962,"date":"2020-06-26T11:13:35","date_gmt":"2020-06-26T15:13:35","guid":{"rendered":"http:\/\/blogdalucianaoliveira.com.br\/blog\/?p=28962"},"modified":"2020-06-26T11:13:39","modified_gmt":"2020-06-26T15:13:39","slug":"entrei-em-modo-guerra-quando-isso-acontece-viro-o-diabo-ameaca-wassef","status":"publish","type":"post","link":"http:\/\/blogdalucianaoliveira.com.br\/blog\/2020\/06\/26\/entrei-em-modo-guerra-quando-isso-acontece-viro-o-diabo-ameaca-wassef\/","title":{"rendered":"&#8220;Entrei em modo guerra. Quando isso acontece, viro o diabo&#8221;, amea\u00e7a Wassef"},"content":{"rendered":"\n<figure class=\"wp-block-image\"><img data-recalc-dims=\"1\" decoding=\"async\" src=\"https:\/\/i0.wp.com\/publisher-publish.s3.eu-central-1.amazonaws.com\/pb-brasil247\/swp\/jtjeq9\/media\/2020062212068_8719d875023c1da600a610a146f47337431ae077c97acfea305f00dd5bee69e7.jpeg?w=600&#038;ssl=1\" alt=\"Jair Bolsonaro e Frederick Wassef\"\/><\/figure>\n\n\n\n<p><strong>Revista F\u00f3rum &#8211;&nbsp;<\/strong>Ao receber jornalistas da revista Veja, na \u00faltima quarta-feira (24), para a entrevista que estampa a capa da publica\u00e7\u00e3o, Frederick Wassef, que \u00e9 chamado de \u201cAnjo\u201d nas investiga\u00e7\u00f5es conduzidas pelo Minist\u00e9rio P\u00fablico do Rio de Janeiro, mandou recado velado para o cl\u00e3 Bolsonaro: \u201cEntrei em modo guerra. Quando isso acontece, viro o diabo\u201d, disse aos rep\u00f3rteres Daniel Pereira e Sergio Ruiz Luz.<\/p>\n\n\n\n<!--more-->\n\n\n\n<p>Os dois jornalistas confirmam o descontrole emocional do advogado depois que a pris\u00e3o de Fabr\u00edcio Queiroz em sua ch\u00e1cara em Atibaia, no interior de S\u00e3o Paulo, o levou ao centro do maior esc\u00e2ndalo do governo Jair Bolsonaro.<\/p>\n\n\n\n<p>\u201cDurante o dia, alterna lampejos de euforia com mergulhos em momentos de depress\u00e3o, nos quais sua verborragia incontida d\u00e1 lugar a r\u00e1pidas pausas \u2014 dram\u00e1ticas, quase c\u00eanicas \u2014 para respira\u00e7\u00e3o\u201d, relatam na reportagem.<br><\/p>\n\n\n\n<p>Leia a\u00a0<a rel=\"noreferrer noopener\" target=\"_blank\" href=\"https:\/\/revistaforum.com.br\/politica\/bolsonaro\/wassef-ameaca-e-manda-o-recado-na-guerra-eu-sou-o-diabo\/\">\u00edntegra<\/a>\u00a0na F\u00f3rum.\u00a0<br><\/p>\n","protected":false},"excerpt":{"rendered":"<p>Revista F\u00f3rum &#8211;&nbsp;Ao receber jornalistas da revista Veja, na \u00faltima quarta-feira (24), para a entrevista que estampa a capa da publica\u00e7\u00e3o, Frederick Wassef, que \u00e9 chamado de \u201cAnjo\u201d nas investiga\u00e7\u00f5es conduzidas pelo Minist\u00e9rio P\u00fablico do Rio de Janeiro, mandou recado velado para o cl\u00e3 Bolsonaro: \u201cEntrei em modo guerra. Quando isso acontece, viro o diabo\u201d,&#8230;<a class=\"more-link\" href=\"http:\/\/blogdalucianaoliveira.com.br\/blog\/2020\/06\/26\/entrei-em-modo-guerra-quando-isso-acontece-viro-o-diabo-ameaca-wassef\/\">Continue a leitura <span class=\"meta-nav\">&raquo;<\/span><\/a><\/p>\n","protected":false},"author":1,"featured_media":0,"comment_status":"closed","ping_status":"open","sticky":false,"template":"","format":"standard","meta":{"_exactmetrics_skip_tracking":false,"_exactmetrics_sitenote_active":false,"_exactmetrics_sitenote_note":"","_exactmetrics_sitenote_category":0,"jetpack_post_was_ever_published":false,"_jetpack_newsletter_access":"","_jetpack_dont_email_post_to_subs":false,"_jetpack_newsletter_tier_id":0,"_jetpack_memberships_contains_paywalled_content":false,"_jetpack_memberships_contains_paid_content":false,"footnotes":"","jetpack_publicize_message":"","jetpack_publicize_feature_enabled":true,"jetpack_social_post_already_shared":true,"jetpack_social_options":{"image_generator_settings":{"template":"highway","enabled":false},"version":2}},"categories":[1],"tags":[],"class_list":["post-28962","post","type-post","status-publish","format-standard","hentry","category-notas"],"jetpack_publicize_connections":[],"jetpack_sharing_enabled":true,"jetpack_featured_media_url":"","jetpack_shortlink":"https:\/\/wp.me\/p7wKYW-7x8","jetpack-related-posts":[],"_links":{"self":[{"href":"http:\/\/blogdalucianaoliveira.com.br\/blog\/wp-json\/wp\/v2\/posts\/28962","targetHints":{"allow":["GET"]}}],"collection":[{"href":"http:\/\/blogdalucianaoliveira.com.br\/blog\/wp-json\/wp\/v2\/posts"}],"about":[{"href":"http:\/\/blogdalucianaoliveira.com.br\/blog\/wp-json\/wp\/v2\/types\/post"}],"author":[{"embeddable":true,"href":"http:\/\/blogdalucianaoliveira.com.br\/blog\/wp-json\/wp\/v2\/users\/1"}],"replies":[{"embeddable":true,"href":"http:\/\/blogdalucianaoliveira.com.br\/blog\/wp-json\/wp\/v2\/comments?post=28962"}],"version-history":[{"count":1,"href":"http:\/\/blogdalucianaoliveira.com.br\/blog\/wp-json\/wp\/v2\/posts\/28962\/revisions"}],"predecessor-version":[{"id":28963,"href":"http:\/\/blogdalucianaoliveira.com.br\/blog\/wp-json\/wp\/v2\/posts\/28962\/revisions\/28963"}],"wp:attachment":[{"href":"http:\/\/blogdalucianaoliveira.com.br\/blog\/wp-json\/wp\/v2\/media?parent=28962"}],"wp:term":[{"taxonomy":"category","embeddable":true,"href":"http:\/\/blogdalucianaoliveira.com.br\/blog\/wp-json\/wp\/v2\/categories?post=28962"},{"taxonomy":"post_tag","embeddable":true,"href":"http:\/\/blogdalucianaoliveira.com.br\/blog\/wp-json\/wp\/v2\/tags?post=28962"}],"curies":[{"name":"wp","href":"https:\/\/api.w.org\/{rel}","templated":true}]}}