{"id":28971,"date":"2020-06-28T07:59:27","date_gmt":"2020-06-28T11:59:27","guid":{"rendered":"http:\/\/blogdalucianaoliveira.com.br\/blog\/?p=28971"},"modified":"2020-06-28T07:59:35","modified_gmt":"2020-06-28T11:59:35","slug":"marco-do-saneamento-e-falacia-e-aprofunda-segregacao-no-acesso-dizem-especialistas","status":"publish","type":"post","link":"http:\/\/blogdalucianaoliveira.com.br\/blog\/2020\/06\/28\/marco-do-saneamento-e-falacia-e-aprofunda-segregacao-no-acesso-dizem-especialistas\/","title":{"rendered":"Marco do saneamento \u00e9 fal\u00e1cia e aprofunda segrega\u00e7\u00e3o no acesso, dizem especialistas"},"content":{"rendered":"\n<figure class=\"wp-block-image size-large\"><img data-recalc-dims=\"1\" loading=\"lazy\" decoding=\"async\" width=\"600\" height=\"401\" data-attachment-id=\"28972\" data-permalink=\"http:\/\/blogdalucianaoliveira.com.br\/blog\/2020\/06\/28\/marco-do-saneamento-e-falacia-e-aprofunda-segregacao-no-acesso-dizem-especialistas\/image-75-6\/\" data-orig-file=\"https:\/\/i0.wp.com\/blogdalucianaoliveira.com.br\/blog\/wp-content\/uploads\/2020\/06\/image-75.jpeg?fit=800%2C534\" data-orig-size=\"800,534\" data-comments-opened=\"0\" data-image-meta=\"{&quot;aperture&quot;:&quot;0&quot;,&quot;credit&quot;:&quot;DFID\\\/Vicki Francis&quot;,&quot;camera&quot;:&quot;&quot;,&quot;caption&quot;:&quot;Flood-affected people in Sindh, Pakistan, recipients of UK humanitarian aid in response to the 2010 floods.&quot;,&quot;created_timestamp&quot;:&quot;0&quot;,&quot;copyright&quot;:&quot;Crown Copyright\\\/Open Government License&quot;,&quot;focal_length&quot;:&quot;0&quot;,&quot;iso&quot;:&quot;0&quot;,&quot;shutter_speed&quot;:&quot;0&quot;,&quot;title&quot;:&quot;&quot;,&quot;orientation&quot;:&quot;0&quot;}\" data-image-title=\"image-75\" data-image-description=\"\" data-image-caption=\"&lt;p&gt;Flood-affected people in Sindh, Pakistan, recipients of UK humanitarian aid in response to the 2010 floods.&lt;\/p&gt;\n\" data-medium-file=\"https:\/\/i0.wp.com\/blogdalucianaoliveira.com.br\/blog\/wp-content\/uploads\/2020\/06\/image-75.jpeg?fit=300%2C200\" data-large-file=\"https:\/\/i0.wp.com\/blogdalucianaoliveira.com.br\/blog\/wp-content\/uploads\/2020\/06\/image-75.jpeg?fit=600%2C401\" src=\"https:\/\/i0.wp.com\/blogdalucianaoliveira.com.br\/blog\/wp-content\/uploads\/2020\/06\/image-75.jpeg?resize=600%2C401\" alt=\"\" class=\"wp-image-28972\" srcset=\"https:\/\/i0.wp.com\/blogdalucianaoliveira.com.br\/blog\/wp-content\/uploads\/2020\/06\/image-75.jpeg?w=800 800w, https:\/\/i0.wp.com\/blogdalucianaoliveira.com.br\/blog\/wp-content\/uploads\/2020\/06\/image-75.jpeg?resize=300%2C200 300w, https:\/\/i0.wp.com\/blogdalucianaoliveira.com.br\/blog\/wp-content\/uploads\/2020\/06\/image-75.jpeg?resize=768%2C513 768w, https:\/\/i0.wp.com\/blogdalucianaoliveira.com.br\/blog\/wp-content\/uploads\/2020\/06\/image-75.jpeg?resize=449%2C300 449w\" sizes=\"auto, (max-width: 600px) 100vw, 600px\" \/><\/figure>\n\n\n\n<h4 class=\"wp-block-heading\">Proposta que abre espa\u00e7o a privatiza\u00e7\u00e3o dos servi\u00e7os de \u00e1gua e esgoto s\u00f3 depende de san\u00e7\u00e3o de Bolsonaro para virar lei<\/h4>\n\n\n\n<!--more-->\n\n\n\n<p>Erick Gimenes, Brasil de Fato\u00a0<\/p>\n\n\n\n<p>O novo marco legal do saneamento b\u00e1sico,&nbsp;<a href=\"https:\/\/www.brasildefato.com.br\/2020\/06\/24\/senado-aprova-novo-marco-legal-do-saneamento-que-abre-setor-para-privatizacoes\">aprovado pelo Senado Federal<\/a>&nbsp;na quarta-feira (24), n\u00e3o resolve os problemas que, de fato, existem no setor e ainda aprofunda a segrega\u00e7\u00e3o social no acesso a \u00e1gua e ao esgoto, afirmam especialistas ouvidos pelo&nbsp;<strong>Brasil de Fato<\/strong>.<\/p>\n\n\n\n<p>O projeto, que agora s\u00f3 depende de san\u00e7\u00e3o do presidente Jair Bolsonaro (sem partido) para virar lei, cria abertura para privatiza\u00e7\u00f5es dos servi\u00e7os prestados e extingue o modelo atual de contrato entre os munic\u00edpios e as empresas estaduais de \u00e1gua e esgoto.<\/p>\n\n\n\n<p>Para Marcos Montenegro, engenheiro e coordenador do Observat\u00f3rio dos Direitos \u00e0 \u00c1gua e ao Saneamento (<a href=\"https:\/\/ondasbrasil.org\/\">Ondas<\/a>), os parlamentares utilizaram-se de mazelas reais \u2013 hoje, 35 milh\u00f5es de brasileiros ainda n\u00e3o t\u00eam acesso a \u00e1gua tratada e quase metade n\u00e3o tem esgoto tratado \u2013 para beneficiar setores privados.<\/p>\n\n\n\n<p>\u201cA privatiza\u00e7\u00e3o \u00e9 a&nbsp;<a href=\"https:\/\/www.brasildefato.com.br\/2020\/06\/17\/medicos-contestam-decisao-do-governo-de-usar-cloroquina-em-criancas-e-gestantes\">cloroquina<\/a>, o rem\u00e9dio errado, o rem\u00e9dio que pode matar o doente em vez de resolver os problemas. O projeto vem embalado por uma campanha que destaca as mazelas, mas n\u00e3o conseguiu fazer um diagn\u00f3stico das causas dos problemas que n\u00f3s vivemos\u201d, faz um paralelo com a medica\u00e7\u00e3o venerada Bolsonaro.<\/p>\n\n\n\n<p><a href=\"http:\/\/Entidades,%20pol%C3%ADticos%20e%20personalidades%20se%20mobilizam%20online%20contra%20PL%20do%20saneamento\/\">::Saiba mais:&nbsp;Entidades, pol\u00edticos e personalidades se mobilizam online contra PL do saneamento::<\/a><\/p>\n\n\n\n<p>Para Montenegro, \u00e9 o presidente, inclusive, que impulsiona um \u201cEstado privatizado\u201d, que deixa de atender necessidades coletivas em troca de prestar servi\u00e7os a interesses privados. Segundo ele, a alternativa&nbsp;<a href=\"https:\/\/www.brasildefato.com.br\/2020\/06\/09\/vitimas-do-neoliberalismo-paises-pobres-sofrem-consequencias-nos-sistemas-de-saude\">neoliberal<\/a>&nbsp;para solucionar os problemas tende a agrav\u00e1-los.<\/p>\n\n\n\n<p>\u201cN\u00f3s j\u00e1 estamos em uma situa\u00e7\u00e3o dif\u00edcil, que vai se agravar com os problemas sociais que a pandemia est\u00e1 colocando, de modo emergencial. Vai aumentar a popula\u00e7\u00e3o pobre, v\u00e3o aumentar as diferen\u00e7as sociais, a concentra\u00e7\u00e3o de renda vai aumentar. A solu\u00e7\u00e3o apontada para isso \u00e9 a transforma\u00e7\u00e3o da \u00e1gua em mercadoria, trazer para o setor de saneamento o motor da extra\u00e7\u00e3o do lucro.\u201d<\/p>\n\n\n\n<p>O especialista ressalta que a troca de investimento p\u00fablico por investimento privado no setor de saneamento b\u00e1sico tem como consequ\u00eancia pr\u00e1tica e imediata o aumento das tarifas para a popula\u00e7\u00e3o. Ele cita o exemplo dos Estados Unidos, onde as empresas privadas do setor praticam taxas 58% mais caras do que as empresas p\u00fablicas.<\/p>\n\n\n\n<p>Montenegro tamb\u00e9m destaca o exemplo de Paris que fez a tentativa de entregar os servi\u00e7os de \u00e1gua e esgoto nas m\u00e3os do capital privado e teve que voltar atr\u00e1s \u2013 hoje, devolvido \u00e0 gest\u00e3o do munic\u00edpio, o modelo da capital francesa \u00e9 refer\u00eancia mundial.<\/p>\n\n\n\n<p>\u201cEstamos aqui&nbsp;na contram\u00e3o da tend\u00eancia em v\u00e1rios aspectos, porque n\u00f3s estamos vivendo uma situa\u00e7\u00e3o de pandemia e agravamento da crise econ\u00f4mica e, ao mesmo tempo, apostando em sa\u00eddas neoliberais. \u00c9 triste ver essa situa\u00e7\u00e3o que estamos vivendo, mas, infelizmente, n\u00e3o podemos esperar nada de um governo como o governo Bolsonaro\u201d, afirma o engenheiro.<\/p>\n\n\n\n<p>Ele aponta que \u00e9 bem poss\u00edvel que a tend\u00eancia de aumento nas tarifas chegue acompanhada do desabastecimento das popula\u00e7\u00f5es pobres. \u201cEssa \u00e9 uma tend\u00eancia que se pode esperar: o aumento do custo das tarifas e o aumento, portanto, da exclus\u00e3o social, fazendo com que a popula\u00e7\u00e3o pobre v\u00e1 buscar, como alternativa a uma \u00e1gua que n\u00e3o pode pagar, uma \u00e1gua de qualidade duvidosa ou uma \u00e1gua de nenhuma qualidade, que vai ter impacto direto sobre sua sa\u00fade\u201d, ressalta o coordenador do Ondas.<\/p>\n\n\n\n<p><a href=\"https:\/\/www.brasildefato.com.br\/2020\/05\/23\/sem-agua-10-dos-brasileiros-terao-dificuldades-na-fase-mais-critica-da-pandemia\">::Sem \u00e1gua, 10% dos brasileiros ter\u00e3o dificuldades na fase mais cr\u00edtica da pandemia::<\/a><\/p>\n\n\n\n<p>Dalila Alves Calisto, da coordena\u00e7\u00e3o nacional do Movimento dos Atingidos por Barragens (<a href=\"https:\/\/mab.org.br\/\">MAB<\/a>), diz que o modelo de servi\u00e7os privados transfere ao consumidor a responsabilidade de pagar por obras que possam aumentar o acesso, pois o objetivo passa a ser s\u00f3 o lucro.<\/p>\n\n\n\n<p>\u201cAs obras que possam vir a ser feitas nas cidades, quem remunera isso \u00e9 a tarifa. N\u00f3s \u00e9 que vamos pagar por alguma obra, algum investimento, na \u00e1gua e no saneamento. Vai sair da sua pr\u00f3pria conta\u201d, avisa.<\/p>\n\n\n\n<p>Ela explica ainda que, atualmente, os servi\u00e7os de saneamento geram preju\u00edzos em cidades pequenas \u2013 onde h\u00e1 mais dificuldade acesso. Segundo ela, esses lugares v\u00e3o seguir deixados de lado.<\/p>\n\n\n\n<p>\u201cHoje, o servi\u00e7o de saneamento \u00e9 deficit\u00e1rio [gera preju\u00edzo]. As empresas privadas n\u00e3o v\u00e3o ter interesse de ir para cidades de 3 ou 4 mil habitantes. O que vai acontecer? A companhia estatal vai ficar s\u00f3 com as cidades pequenas, que t\u00eam uma arrecada\u00e7\u00e3o muito baixa. O acesso \u00e0 \u00e1gua vai ficar invi\u00e1vel, porque na medida em que o fil\u00e9, os melhores locais, ficam com as empresas, os locais pequenos, as cidades pequenas, onde est\u00e1 a popula\u00e7\u00e3o mais pobre, v\u00e3o ficar descobertos.\u201d<\/p>\n\n\n\n<p>Edi\u00e7\u00e3o: Camila Maciel<\/p>\n","protected":false},"excerpt":{"rendered":"<p>Proposta que abre espa\u00e7o a privatiza\u00e7\u00e3o dos servi\u00e7os de \u00e1gua e esgoto s\u00f3 depende de san\u00e7\u00e3o de Bolsonaro para virar lei<\/p>\n","protected":false},"author":1,"featured_media":0,"comment_status":"closed","ping_status":"open","sticky":false,"template":"","format":"standard","meta":{"_exactmetrics_skip_tracking":false,"_exactmetrics_sitenote_active":false,"_exactmetrics_sitenote_note":"","_exactmetrics_sitenote_category":0,"jetpack_post_was_ever_published":false,"_jetpack_newsletter_access":"","_jetpack_dont_email_post_to_subs":false,"_jetpack_newsletter_tier_id":0,"_jetpack_memberships_contains_paywalled_content":false,"_jetpack_memberships_contains_paid_content":false,"footnotes":"","jetpack_publicize_message":"","jetpack_publicize_feature_enabled":true,"jetpack_social_post_already_shared":true,"jetpack_social_options":{"image_generator_settings":{"template":"highway","enabled":false},"version":2}},"categories":[1],"tags":[],"class_list":["post-28971","post","type-post","status-publish","format-standard","hentry","category-notas"],"jetpack_publicize_connections":[],"jetpack_sharing_enabled":true,"jetpack_featured_media_url":"","jetpack_shortlink":"https:\/\/wp.me\/p7wKYW-7xh","jetpack-related-posts":[],"_links":{"self":[{"href":"http:\/\/blogdalucianaoliveira.com.br\/blog\/wp-json\/wp\/v2\/posts\/28971","targetHints":{"allow":["GET"]}}],"collection":[{"href":"http:\/\/blogdalucianaoliveira.com.br\/blog\/wp-json\/wp\/v2\/posts"}],"about":[{"href":"http:\/\/blogdalucianaoliveira.com.br\/blog\/wp-json\/wp\/v2\/types\/post"}],"author":[{"embeddable":true,"href":"http:\/\/blogdalucianaoliveira.com.br\/blog\/wp-json\/wp\/v2\/users\/1"}],"replies":[{"embeddable":true,"href":"http:\/\/blogdalucianaoliveira.com.br\/blog\/wp-json\/wp\/v2\/comments?post=28971"}],"version-history":[{"count":1,"href":"http:\/\/blogdalucianaoliveira.com.br\/blog\/wp-json\/wp\/v2\/posts\/28971\/revisions"}],"predecessor-version":[{"id":28973,"href":"http:\/\/blogdalucianaoliveira.com.br\/blog\/wp-json\/wp\/v2\/posts\/28971\/revisions\/28973"}],"wp:attachment":[{"href":"http:\/\/blogdalucianaoliveira.com.br\/blog\/wp-json\/wp\/v2\/media?parent=28971"}],"wp:term":[{"taxonomy":"category","embeddable":true,"href":"http:\/\/blogdalucianaoliveira.com.br\/blog\/wp-json\/wp\/v2\/categories?post=28971"},{"taxonomy":"post_tag","embeddable":true,"href":"http:\/\/blogdalucianaoliveira.com.br\/blog\/wp-json\/wp\/v2\/tags?post=28971"}],"curies":[{"name":"wp","href":"https:\/\/api.w.org\/{rel}","templated":true}]}}