{"id":28976,"date":"2020-06-28T08:24:55","date_gmt":"2020-06-28T12:24:55","guid":{"rendered":"http:\/\/blogdalucianaoliveira.com.br\/blog\/?p=28976"},"modified":"2020-06-28T08:25:00","modified_gmt":"2020-06-28T12:25:00","slug":"coronavirus-memoria-acesa-nas-perdas-de-mae-e-filho-karitiana-em-rondonia","status":"publish","type":"post","link":"http:\/\/blogdalucianaoliveira.com.br\/blog\/2020\/06\/28\/coronavirus-memoria-acesa-nas-perdas-de-mae-e-filho-karitiana-em-rondonia\/","title":{"rendered":"Coronav\u00edrus: Mem\u00f3ria acesa nas perdas de m\u00e3e e filho Karitiana, em Rond\u00f4nia"},"content":{"rendered":"\n<figure class=\"wp-block-image size-large\"><img data-recalc-dims=\"1\" loading=\"lazy\" decoding=\"async\" width=\"600\" height=\"450\" data-attachment-id=\"28977\" data-permalink=\"http:\/\/blogdalucianaoliveira.com.br\/blog\/2020\/06\/28\/coronavirus-memoria-acesa-nas-perdas-de-mae-e-filho-karitiana-em-rondonia\/image-77-6\/\" data-orig-file=\"https:\/\/i0.wp.com\/blogdalucianaoliveira.com.br\/blog\/wp-content\/uploads\/2020\/06\/image-77.jpeg?fit=960%2C720\" data-orig-size=\"960,720\" data-comments-opened=\"0\" data-image-meta=\"{&quot;aperture&quot;:&quot;0&quot;,&quot;credit&quot;:&quot;&quot;,&quot;camera&quot;:&quot;&quot;,&quot;caption&quot;:&quot;&quot;,&quot;created_timestamp&quot;:&quot;0&quot;,&quot;copyright&quot;:&quot;&quot;,&quot;focal_length&quot;:&quot;0&quot;,&quot;iso&quot;:&quot;0&quot;,&quot;shutter_speed&quot;:&quot;0&quot;,&quot;title&quot;:&quot;&quot;,&quot;orientation&quot;:&quot;0&quot;}\" data-image-title=\"image-77\" data-image-description=\"\" data-image-caption=\"\" data-medium-file=\"https:\/\/i0.wp.com\/blogdalucianaoliveira.com.br\/blog\/wp-content\/uploads\/2020\/06\/image-77.jpeg?fit=300%2C225\" data-large-file=\"https:\/\/i0.wp.com\/blogdalucianaoliveira.com.br\/blog\/wp-content\/uploads\/2020\/06\/image-77.jpeg?fit=600%2C450\" src=\"https:\/\/i0.wp.com\/blogdalucianaoliveira.com.br\/blog\/wp-content\/uploads\/2020\/06\/image-77.jpeg?resize=600%2C450\" alt=\"\" class=\"wp-image-28977\" srcset=\"https:\/\/i0.wp.com\/blogdalucianaoliveira.com.br\/blog\/wp-content\/uploads\/2020\/06\/image-77.jpeg?w=960 960w, https:\/\/i0.wp.com\/blogdalucianaoliveira.com.br\/blog\/wp-content\/uploads\/2020\/06\/image-77.jpeg?resize=300%2C225 300w, https:\/\/i0.wp.com\/blogdalucianaoliveira.com.br\/blog\/wp-content\/uploads\/2020\/06\/image-77.jpeg?resize=768%2C576 768w, https:\/\/i0.wp.com\/blogdalucianaoliveira.com.br\/blog\/wp-content\/uploads\/2020\/06\/image-77.jpeg?resize=400%2C300 400w\" sizes=\"auto, (max-width: 600px) 100vw, 600px\" \/><\/figure>\n\n\n\n<p><em>A pandemia da Covid-19 contaminou 9 pessoas da etnia<\/em>&nbsp;<em>e todos est\u00e3o usando m\u00e1scaras para evitar o cont\u00e1gio (Foto da Associa\u00e7\u00e3o do Povo Karitiana)<\/em><\/p>\n\n\n\n<hr class=\"wp-block-separator\"\/>\n\n\n\n<p><strong>Por Elizeu Braga, especial para Amaz\u00f4nia Real<\/strong><\/p>\n\n\n\n<!--more-->\n\n\n\n<p><strong>Porto Velho (RO) \u2013<\/strong>&nbsp;Duas chamas de mem\u00f3ria se apagaram para o povo Karitiana. O l\u00edder Gumercindo Karitiana, de 66 anos, e sua m\u00e3e, a anci\u00e3 Enedina Karitiana , de 86 anos, foram as primeiras v\u00edtimas da Covid-19 entre os povos ind\u00edgenas de Rond\u00f4nia.&nbsp;<\/p>\n\n\n\n<p>No dia 20 de maio, Gumercindo foi internado na UTI do hospital Cemetron, na capital Porto Velho. Dois dias depois ele foi transferida para a UTI do hospital particular SAMAR. Faleceu no dia 25 de maio, aos 66 anos.&nbsp;<\/p>\n\n\n\n<p>Oito dias depois, sua m\u00e3e Enedina foi internada na Upa da Zona Leste, onde passou cinco dias. O estado de sa\u00fade agravou e ela foi transferida para a UTI do hospital Jo\u00e3o Paulo II, onde faleceu no dia 4 de junho \u00e0s 11 horas da manh\u00e3. Seu corpo tamb\u00e9m foi levado para a Aldeia Central Karitiana para ser sepultado ao lado do filho Gumercindo.<\/p>\n\n\n\n<p>\u201cEnedina j\u00e1 tinha problemas de sa\u00fade, por conta da idade, mas que foram agravados devido ao coronav\u00edrus\u201d, relata a lideran\u00e7a Antenor Karitiana.<\/p>\n\n\n\n<figure class=\"wp-block-image\"><img data-recalc-dims=\"1\" decoding=\"async\" src=\"https:\/\/i0.wp.com\/amazoniareal.com.br\/wp-content\/uploads\/2020\/06\/Gumercindo-Karitiana2.jpg?w=600\" alt=\"\" class=\"wp-image-57740\"\/><figcaption>Gumercindo Karitiana (Foto: APK)<\/figcaption><\/figure>\n\n\n\n<p>O l\u00edder Karitiana foi funcion\u00e1rio da Funda\u00e7\u00e3o Nacional do \u00cdndio (Funai). Participava ativamente de encontros e movimentos que buscavam escutar sua voz e de outros parentes.<\/p>\n\n\n\n<p>\u201cGumercindo era uma enciclop\u00e9dia de saber, contava hist\u00f3rias, muito habilidoso no trabalho com as m\u00e3os, era o nosso engenheiro e arquiteto. Ele num instante levantava uma casa, nem fazia anota\u00e7\u00f5es no papel. Se precisava abrir uma estrada, tomava a frente e liderava os mais jovens. Nosso povo est\u00e1 muito sentido com sua partida, abalou muito a gente. \u00c9 como se uma \u00e1rvore imensa que fazia sombra para muitos, tivesse sido cortada, e de uma hora pra outra ficamos no sol quente\u201d, lamenta o sobrinho Elivar Karitiana, vice-presidente do Conselho de Sa\u00fade Ind\u00edgena (Condisi) do Distrito Sanit\u00e1rio Especial Ind\u00edgena (Dsei) Porto Velho, \u00f3rg\u00e3o do Minist\u00e9rio da Sa\u00fade.&nbsp;<\/p>\n\n\n\n<p>Os primeiros casos do novo coronav\u00edrus entre os povos ind\u00edgenas de Rond\u00f4nia foram registrados no dia 18 de maio. Tr\u00eas ind\u00edgenas do povo Karitiana da aldeia Caracol foram infectados ap\u00f3s irem \u00e0 capital receber o aux\u00edlio emergencial do governo federal no banco.<\/p>\n\n\n\n<p>At\u00e9 28 de maio j\u00e1 eram 09 casos confirmados de Covid-19 entre os ind\u00edgenas Karitiana. Tr\u00eas pessoas retornaram para se recuperar na aldeia. Quatro ficaram internadas na cidade de Porto Velho.<\/p>\n\n\n\n\n\n<h4 class=\"wp-block-heading\"><strong>Nas m\u00e3os os gr\u00e3os de milho<\/strong><\/h4>\n\n\n\n<figure class=\"wp-block-image\"><img data-recalc-dims=\"1\" height=\"450\" width=\"600\" decoding=\"async\" src=\"https:\/\/i0.wp.com\/amazoniareal.com.br\/wp-content\/uploads\/2020\/06\/Enedina-da-Silva-Karitiana-Foto_APK-1024x768.jpg?resize=600%2C450\" alt=\"\" class=\"wp-image-57738\"\/><figcaption>Enedina da Silva Karitiana (Foto: APK)<\/figcaption><\/figure>\n\n\n\n<p>Na busca de reduzir o impacto da pandemia em seu povo, Elivar Karitiana, vice-presidente do Condisi, solicitou apoio e atua\u00e7\u00e3o do Minist\u00e9rio P\u00fablico Federal (MPF) para que o sepultamento de Gumercindo fosse realizado na terra Ind\u00edgena da Aldeia Central Karitiana.<\/p>\n\n\n\n<p>O MPF diz que na Constitui\u00e7\u00e3o Federal s\u00e3o garantidos os direitos e valores \u00e0s comunidades ind\u00edgenas, com o intuito de preservar as suas tradi\u00e7\u00f5es. Durante o sepultamos da m\u00e3e e filho Karitiana, o \u00f3rg\u00e3o solicitou que as recomenda\u00e7\u00f5es sobre a preven\u00e7\u00e3o da Covid-19 fossem cumpridas conforme a determina\u00e7\u00e3o de autoridades de sa\u00fade. Os caix\u00f5es foram lacrados e n\u00e3o houve vel\u00f3rio, para evitar aglomera\u00e7\u00e3o de pessoas. Parentes que s\u00e3o consideradas do grupo de risco, vulner\u00e1veis ao v\u00edrus, n\u00e3o participaram. Todos os presentes usaram m\u00e1scara e \u00e1lcool em gel.<\/p>\n\n\n\n<p>No entanto, as medidas de restri\u00e7\u00f5es para evitar o cont\u00e1gio impediram que parte da tradi\u00e7\u00e3o fosse conclu\u00edda. Durante o enterro, a irm\u00e3 de Enedina Karitiana tentou se aproximar da urna. Ela levava nas m\u00e3os alguns gr\u00e3os de milho e peda\u00e7os de algod\u00e3o.&nbsp;<\/p>\n\n\n\n<p>Elivar Karitiana conta que foi muito dif\u00edcil para ele conduzir a situa\u00e7\u00e3o, que essa imagem n\u00e3o sai de sua cabe\u00e7a. \u201cMe doeu bastante, sentir como se estivesse ofendendo a mem\u00f3ria do meu povo. Essa doen\u00e7a mata duas vezes a gente\u201d, diz.<\/p>\n\n\n\n<p>Para Antenor Karitiana, a morte de Enedina ainda n\u00e3o pode ser medida. Ele conta que pelo costume do seu povo os mais velhos n\u00e3o podem procurar os mais jovens para passar seu conhecimento, mas se uma pessoa jovem se interessa em aprender, o mais velho lhe ensina.&nbsp;<\/p>\n\n\n\n\n\n<blockquote class=\"wp-block-quote is-layout-flow wp-block-quote-is-layout-flow\"><p><em>\u201cEnedina guardava a sabedoria das plantas, ela tinha rem\u00e9dio que s\u00f3 ela conhecia, esse saber era muito importante, n\u00e3o sei se algu\u00e9m buscou aprender\u201d, diz Antenor Karitiana.<\/em><\/p><\/blockquote>\n\n\n\n\n\n<h4 class=\"wp-block-heading\"><strong>A pandemia em Porto Velho<\/strong><\/h4>\n\n\n\n<figure class=\"wp-block-image\"><img data-recalc-dims=\"1\" decoding=\"async\" src=\"https:\/\/i0.wp.com\/amazoniareal.com.br\/wp-content\/uploads\/2020\/06\/Distribui%25C3%25A7%25C3%25A3o-das-m%25C3%25A1scaras-para-comunidade-Ind%25C3%25ADgena-KaritianaFoto_APK.jpg?w=600\" alt=\"\" class=\"wp-image-57734\"\/><figcaption>Os ind\u00edgenas Karitiana distribu\u00edram m\u00e1scaras em todas as comunidades (Foto: APK)<\/figcaption><\/figure>\n\n\n\n<p>Segundo ao \u00faltimo boletim emitido do Minist\u00e9rio da Sa\u00fade, em Rond\u00f4nia, no dia 26 de junho, foram confirmados 19,271 casos de Covid-19 e 476 mortes. A capital Porto velho concentra 70% dos casos do estado. A situa\u00e7\u00e3o est\u00e1 \u00e0 beira de um colapso na capital do estado.&nbsp;<\/p>\n\n\n\n<p>O governo anunciou que comprou o pr\u00e9dio da antiga maternidade Regina Pacis e a transformou no hospital de campanha, entregue ap\u00f3s 48 dias, com 12 leitos de UTIs, que foram prontamente ocupados.&nbsp;<\/p>\n\n\n\n<p>Na quarta-feira (24), a Prefeitura de Porto Velho acionou a Justi\u00e7a, atrav\u00e9s da Procuradoria-Geral do Munic\u00edpio, para que o governo de Rond\u00f4nia fosse obrigado a decretar lockdown (o bloqueio total) da popula\u00e7\u00e3o dentro de casa e do fechamento dos servi\u00e7os n\u00e3o essenciais por 14 dias na cidade.&nbsp;<\/p>\n\n\n\n<p>O juiz Edenir Sebasti\u00e3o da Rosa determinou que seja realizada uma audi\u00eancia virtual nesta segunda-feira (29) entre o governo, prefeitura de Porto Velho e os secret\u00e1rios de sa\u00fade antes de decidir sobre o pedido do munic\u00edpio.<\/p>\n\n\n\n<p>J\u00e1 os Karitiana tomaram suas medidas de preven\u00e7\u00e3o \u00e0 doen\u00e7a Covid-19. As mortes do l\u00edder Gumercindo e de sua m\u00e3e Enedina trouxeram um sinal de alerta para os ind\u00edgenas; muitos deixaram de circular na cidade e se isolaram na aldeia em busca do tratamento com a medicina ancestral.<\/p>\n\n\n\n\n\n<h4 class=\"wp-block-heading\"><strong>Ind\u00edgenas com coronav\u00edrus<\/strong><\/h4>\n\n\n\n<figure class=\"wp-block-image\"><img data-recalc-dims=\"1\" height=\"301\" width=\"600\" decoding=\"async\" src=\"https:\/\/i0.wp.com\/amazoniareal.com.br\/wp-content\/uploads\/2020\/06\/Doa%25C3%25A7%25C3%25A3o-de-alimentos-para-o-Povo-Karitiana-Foto-APK-1024x514.jpg?resize=600%2C301\" alt=\"\" class=\"wp-image-57742\"\/><figcaption>Os ind\u00edgenas receberam doa\u00e7\u00e3o de alimentos (Foto: APK)<\/figcaption><\/figure>\n\n\n\n<p>O Distrito Sanit\u00e1rio Especial Ind\u00edgena (Dsei) Porto Velho, ligado ao Minist\u00e9rio da Sa\u00fade, registrou at\u00e9 26 junho, 106 casos confirmados de novo coronav\u00edrus entre ind\u00edgenas e duas mortes dos Karitiana. Outros 42 ind\u00edgenas est\u00e3o com infec\u00e7\u00e3o ativa. \u201cQue ainda n\u00e3o completou 14 dias em isolamento domiciliar, a contar da data de in\u00edcio dos sintomas, ou, em caso de interna\u00e7\u00e3o hospitalar, que ainda n\u00e3o recebeu alta m\u00e9dica\u201d, diz o boletim da Sesai.<\/p>\n\n\n\n<p>Em uma live articulada da Associa\u00e7\u00e3o das Guerreiras Ind\u00edgenas de Rond\u00f4nia (Agir), Elivar Karitiana contou que, antes da pandemia chegar em Porto Velho, o Condisi juntamente com o Dsei constituiu um plano de a\u00e7\u00e3o onde uma comiss\u00e3o foi formada para atuar diante de uma situa\u00e7\u00e3o emerg\u00eancia. Por\u00e9m, quando a realidade chegou e o povo Karitiana apresentou os primeiros casos do Covid-19, o plano de trabalho n\u00e3o foi executado. O mesmo acontece agora com povos ind\u00edgenas de Guajar\u00e1 Mirim, diz.<\/p>\n\n\n\n<p><em>\u201c<\/em>Ent\u00e3o, muitos parentes s\u00e3o sabedores, que quando tivemos os primeiros casos confirmados entre os Karitiana na Aldeia Caracol. Eu entrei em desespero, pedir ajuda nos grupos. Em momento algum a equipe do Dsei se prontificou para ajudar\u201d, disse Elivar.<\/p>\n\n\n\n<p>\u201cApenas a equipe da Casai de Porto Velho que trabalhou com tudo que tinha para tentar conter a situa\u00e7\u00e3o infelizmente essa equipe teve 80% de seus profissionais afastados por terem sido diagnosticado com Covid-19. Ent\u00e3o, a realidade \u00e9 essa, a equipe do Dsei Porto Velho n\u00e3o est\u00e1 preparada para atuar diante da pandemia\u201d, afirma Elivar Karitiana, vice-presidente do Condisi.<\/p>\n\n\n\n<p>Atualmente na Casai em Porto Velho tem apenas um enfermeiro e uma enfermeira se revezando, em um plant\u00e3o de 48 horas, segundo ele.&nbsp;<\/p>\n\n\n\n<p>\u201cO Dsei Porto Velho est\u00e1 abandonado pela Sesai e concentra seus esfor\u00e7os apoiando as campanhas de arrecada\u00e7\u00f5es de alimentos e produtos de higiene, auxiliando com o transporte entre a cidade e as aldeias\u201d, afirma Elivar Karitiana.<\/p>\n\n\n\n<p>A ag\u00eancia&nbsp;<strong>Amaz\u00f4nia Real&nbsp;<\/strong>procurou a coordena\u00e7\u00e3o do Dsei Porto Velho, mas n\u00e3o localizou um representante para falar sobre a a\u00e7\u00e3o de combate a pandemia da Covid-19 aos ind\u00edgenas Karitiana.&nbsp;<a rel=\"noreferrer noopener\" href=\"https:\/\/saudeindigena.saude.gov.br\/\" target=\"_blank\">No site, a Sesai informa&nbsp;<\/a>que o distrito atende 13.407 pessoas de 65 etnias em 187 aldeias, que abrangem tamb\u00e9m o sul do Amazonas.&nbsp;<\/p>\n\n\n\n\n\n<h4 class=\"wp-block-heading\"><strong>O povo Yjxa (n\u00f3s)<\/strong><\/h4>\n\n\n\n<figure class=\"wp-block-image\"><img data-recalc-dims=\"1\" height=\"338\" width=\"600\" decoding=\"async\" src=\"https:\/\/i0.wp.com\/amazoniareal.com.br\/wp-content\/uploads\/2020\/06\/Povo-Karitiana-Foto-APK-1024x576.jpg?resize=600%2C338\" alt=\"\" class=\"wp-image-57741\"\/><figcaption>Os ind\u00edgenas Karitiana e o grupo musical BYJJYTY OSOP AKY (Foto APK)<\/figcaption><\/figure>\n\n\n\n<p>O territ\u00f3rio Karitiana fica a aproximadamente 100 quil\u00f4metros da capital Porto Velho e tem uma \u00e1rea de 90 mil hectares. S\u00e3o seis comunidades: Aldeia Central Karitiana; Bom Samaritano; Juari Byjyty osop aky \u2013 Rio Candeias; Caracol e Beijarana.&nbsp;<\/p>\n\n\n\n<p>Antenor Karitiana conta que o nome da etnia teve a sua origem devido ao contato com seringueiros, que invadiram o territ\u00f3rio ind\u00edgena no final do s\u00e9culo 19. O nome Karitiana \u00e9 mantido at\u00e9 hoje como sobrenome.&nbsp;<\/p>\n\n\n\n<p>O nome de origem \u00e9 Yjxa que significa&nbsp;\u2013 \u201cn\u00f3s\u201d, tamb\u00e9m traduzido como \u201cgente\u201d \u2013, em oposi\u00e7\u00e3o aos Opok, os \u201cn\u00e3o-\u00edndios\u201d e aos opok pita, os \u201coutros \u00edndios\u201d.<\/p>\n\n\n\n<p>Os Karitiana s\u00e3o guardi\u00f5es de muitos saberes, sua l\u00edngua \u00e9 a \u00fanica remanescente da fam\u00edlia lingu\u00edstica Arik\u00e9m, do tronco Tupi.&nbsp;<\/p>\n\n\n\n\n\n<h4 class=\"wp-block-heading\"><strong>A Gopatoma&nbsp;<\/strong><\/h4>\n\n\n\n<figure class=\"wp-block-image\"><img data-recalc-dims=\"1\" height=\"450\" width=\"600\" decoding=\"async\" src=\"https:\/\/i0.wp.com\/amazoniareal.com.br\/wp-content\/uploads\/2020\/06\/Povo-Karitiana-Foto-Enedina-Karitiana_CONDISI-2-1024x768.jpg?resize=600%2C450\" alt=\"ovo-Karitiana-Foto-Enedina-Karitiana_CONDISI-2.jpg\" class=\"wp-image-57091\"\/><figcaption>As folhas medicinais do povo Karitiana (Foto:CONDISI)<\/figcaption><\/figure>\n\n\n\n<p>Diante do que dizem \u201cdescaso da Sesai\u201d, os Karitiana e outros povos Ind\u00edgenas do estado de Rond\u00f4nia, est\u00e3o acendendo suas mem\u00f3rias, trocando seus saberes, e encontrando entre eles um caminho onde conseguem se proteger e se curar.<\/p>\n\n\n\n<p>\u201cEstamos descobrindo que o rem\u00e9dio tradicional \u00e9 muito melhor do que da farm\u00e1cia, estamos discutindo isso agora, de utilizar mais da nossa medicina\u201d&nbsp;diz Antenor Karitiana.<\/p>\n\n\n\n<p>O processo de preven\u00e7\u00e3o \u00e0 doen\u00e7a vem de uma mistura de plantas que recebe muitos nomes. Um deles \u00e9 o Gopatoma.<\/p>\n\n\n\n<p>\u201cGopatoma \u00e9 para prevenir, tipo vacina, para n\u00e3o pegar doen\u00e7a. Tem que tomar banho, tem regra e tem v\u00e1rios tipos\u201d, diz Antenor Karitiana.<\/p>\n\n\n\n<p>Elivar Karitiana conta que n\u00e3o tinha muitas esperan\u00e7as no come\u00e7o, diante dos fatos e com o Dsei Porto Velho sem preparo. Ele temia pelo pior.&nbsp;&nbsp;<\/p>\n\n\n\n\n\n<h4 class=\"wp-block-heading\"><strong>Um in\u00edcio do mundo<\/strong><\/h4>\n\n\n\n<figure class=\"wp-block-image\"><img data-recalc-dims=\"1\" decoding=\"async\" src=\"https:\/\/i0.wp.com\/amazoniareal.com.br\/wp-content\/uploads\/2020\/06\/Povo-Karitiana-Foto-Enedina-Karitiana_CONDISI-7.jpg?w=600\" alt=\"\" class=\"wp-image-57096\"\/><figcaption>O territ\u00f3rio Karitiana em Rond\u00f4nia (Foto: APK)<\/figcaption><\/figure>\n\n\n\n<p>O cacique Gumercindo da Silva Karitiana deixou sua imagem eternizada na internet. No document\u00e1rio Di\u00e1rios Visuais, dispon\u00edvel no Youtube, ele conta um pequeno trecho da hist\u00f3ria do nascimento do mundo para o povo Karitiana, que diz assim:<\/p>\n\n\n\n<p>\u201c<em>O nome do Deus \u00e9 Botyj\u0303 (Bot\u00e3en).&nbsp;<\/em><\/p>\n\n\n\n<p><em>Ele nasce de dentro da casa da cigarra. Num tem a cigarra? Um bichinho bem pequeno que canta? Ele sai dali, da casa da cigarra. Esse Deus, bem pequeno, ele vai crescendo, tinha muito poder, a\u00ed ele vai crescendo, crescendo, fica do tamanho de homem, dali vem tamb\u00e9m a mulher, e fica s\u00f3 os dois, olhando pra terra que num tinha nada, num tinha rio, num tinha mata, num tinha bicho, era nada. Eles se olharam e pensaram, pensaram. Ent\u00e3o come\u00e7aram a trabalhar para fazer o mundo, tudo que ainda n\u00e3o tinha, a\u00ed nosso mundo foi nascendo<\/em>\u201c. Esse \u00e9 um pequeno trecho da hist\u00f3ria do nascimento do mundo para o povo Karitiana, contada pelo l\u00edder Gumercindo da Silva Karitiana no document\u00e1rio Di\u00e1rios Visuais (dispon\u00edvel no YouTube).<\/p>\n\n\n\n<figure class=\"wp-block-embed-youtube wp-block-embed is-type-video is-provider-youtube wp-embed-aspect-4-3 wp-has-aspect-ratio\"><div class=\"wp-block-embed__wrapper\">\n<div class=\"jetpack-video-wrapper\"><iframe loading=\"lazy\" title=\"Di\u00e1rios Visuais - Karitiana\" width=\"600\" height=\"450\" src=\"https:\/\/www.youtube.com\/embed\/_PLcNrOcVTE?feature=oembed\" frameborder=\"0\" allow=\"accelerometer; autoplay; clipboard-write; encrypted-media; gyroscope; picture-in-picture; web-share\" referrerpolicy=\"strict-origin-when-cross-origin\" allowfullscreen><\/iframe><\/div>\n<\/div><\/figure>\n\n\n\n<p>*Essa reportagem contou com a colabora\u00e7\u00e3o de Laura Karitiana, estudante no curso de Licenciatura em Educa\u00e7\u00e3o B\u00e1sica Intercultural para Povos Ind\u00edgenas do Estado de Rond\u00f4nia, M\u00e1rcia Mura, escritora e ativista do Coletivo Mura em Porto Velho e Iremar Ant\u00f4nio Ferreira, do Coletivo Mura de Porto Velho.<\/p>\n","protected":false},"excerpt":{"rendered":"<p>A pandemia da Covid-19 contaminou 9 pessoas da etnia&nbsp;e todos est\u00e3o usando m\u00e1scaras para evitar o cont\u00e1gio (Foto da Associa\u00e7\u00e3o do Povo Karitiana) Por Elizeu Braga, especial para Amaz\u00f4nia Real<\/p>\n","protected":false},"author":1,"featured_media":0,"comment_status":"closed","ping_status":"open","sticky":false,"template":"","format":"standard","meta":{"_exactmetrics_skip_tracking":false,"_exactmetrics_sitenote_active":false,"_exactmetrics_sitenote_note":"","_exactmetrics_sitenote_category":0,"jetpack_post_was_ever_published":false,"_jetpack_newsletter_access":"","_jetpack_dont_email_post_to_subs":false,"_jetpack_newsletter_tier_id":0,"_jetpack_memberships_contains_paywalled_content":false,"_jetpack_memberships_contains_paid_content":false,"footnotes":"","jetpack_publicize_message":"","jetpack_publicize_feature_enabled":true,"jetpack_social_post_already_shared":true,"jetpack_social_options":{"image_generator_settings":{"template":"highway","enabled":false},"version":2}},"categories":[1],"tags":[],"class_list":["post-28976","post","type-post","status-publish","format-standard","hentry","category-notas"],"jetpack_publicize_connections":[],"jetpack_sharing_enabled":true,"jetpack_featured_media_url":"","jetpack_shortlink":"https:\/\/wp.me\/p7wKYW-7xm","jetpack-related-posts":[],"_links":{"self":[{"href":"http:\/\/blogdalucianaoliveira.com.br\/blog\/wp-json\/wp\/v2\/posts\/28976","targetHints":{"allow":["GET"]}}],"collection":[{"href":"http:\/\/blogdalucianaoliveira.com.br\/blog\/wp-json\/wp\/v2\/posts"}],"about":[{"href":"http:\/\/blogdalucianaoliveira.com.br\/blog\/wp-json\/wp\/v2\/types\/post"}],"author":[{"embeddable":true,"href":"http:\/\/blogdalucianaoliveira.com.br\/blog\/wp-json\/wp\/v2\/users\/1"}],"replies":[{"embeddable":true,"href":"http:\/\/blogdalucianaoliveira.com.br\/blog\/wp-json\/wp\/v2\/comments?post=28976"}],"version-history":[{"count":1,"href":"http:\/\/blogdalucianaoliveira.com.br\/blog\/wp-json\/wp\/v2\/posts\/28976\/revisions"}],"predecessor-version":[{"id":28978,"href":"http:\/\/blogdalucianaoliveira.com.br\/blog\/wp-json\/wp\/v2\/posts\/28976\/revisions\/28978"}],"wp:attachment":[{"href":"http:\/\/blogdalucianaoliveira.com.br\/blog\/wp-json\/wp\/v2\/media?parent=28976"}],"wp:term":[{"taxonomy":"category","embeddable":true,"href":"http:\/\/blogdalucianaoliveira.com.br\/blog\/wp-json\/wp\/v2\/categories?post=28976"},{"taxonomy":"post_tag","embeddable":true,"href":"http:\/\/blogdalucianaoliveira.com.br\/blog\/wp-json\/wp\/v2\/tags?post=28976"}],"curies":[{"name":"wp","href":"https:\/\/api.w.org\/{rel}","templated":true}]}}