{"id":28979,"date":"2020-06-28T12:01:33","date_gmt":"2020-06-28T16:01:33","guid":{"rendered":"http:\/\/blogdalucianaoliveira.com.br\/blog\/?p=28979"},"modified":"2020-06-28T12:04:38","modified_gmt":"2020-06-28T16:04:38","slug":"quem-foi-felipa-de-sousa-processada-por-lesbianismo-pela-inquisicao-e-hoje-icone-do-movimento-lgbt","status":"publish","type":"post","link":"http:\/\/blogdalucianaoliveira.com.br\/blog\/2020\/06\/28\/quem-foi-felipa-de-sousa-processada-por-lesbianismo-pela-inquisicao-e-hoje-icone-do-movimento-lgbt\/","title":{"rendered":"Quem foi Felipa de Sousa, processada por lesbianismo pela Inquisi\u00e7\u00e3o e hoje \u00edcone do movimento LGBT"},"content":{"rendered":"\n<figure class=\"wp-block-image size-large\"><img data-recalc-dims=\"1\" loading=\"lazy\" decoding=\"async\" width=\"600\" height=\"337\" data-attachment-id=\"28980\" data-permalink=\"http:\/\/blogdalucianaoliveira.com.br\/blog\/2020\/06\/28\/quem-foi-felipa-de-sousa-processada-por-lesbianismo-pela-inquisicao-e-hoje-icone-do-movimento-lgbt\/image-78-6\/\" data-orig-file=\"https:\/\/i0.wp.com\/blogdalucianaoliveira.com.br\/blog\/wp-content\/uploads\/2020\/06\/image-78.jpeg?fit=695%2C390\" data-orig-size=\"695,390\" data-comments-opened=\"0\" data-image-meta=\"{&quot;aperture&quot;:&quot;0&quot;,&quot;credit&quot;:&quot;&quot;,&quot;camera&quot;:&quot;&quot;,&quot;caption&quot;:&quot;&quot;,&quot;created_timestamp&quot;:&quot;0&quot;,&quot;copyright&quot;:&quot;&quot;,&quot;focal_length&quot;:&quot;0&quot;,&quot;iso&quot;:&quot;0&quot;,&quot;shutter_speed&quot;:&quot;0&quot;,&quot;title&quot;:&quot;&quot;,&quot;orientation&quot;:&quot;0&quot;}\" data-image-title=\"image-78\" data-image-description=\"\" data-image-caption=\"\" data-medium-file=\"https:\/\/i0.wp.com\/blogdalucianaoliveira.com.br\/blog\/wp-content\/uploads\/2020\/06\/image-78.jpeg?fit=300%2C168\" data-large-file=\"https:\/\/i0.wp.com\/blogdalucianaoliveira.com.br\/blog\/wp-content\/uploads\/2020\/06\/image-78.jpeg?fit=600%2C337\" src=\"https:\/\/i0.wp.com\/blogdalucianaoliveira.com.br\/blog\/wp-content\/uploads\/2020\/06\/image-78.jpeg?resize=600%2C337\" alt=\"\" class=\"wp-image-28980\" srcset=\"https:\/\/i0.wp.com\/blogdalucianaoliveira.com.br\/blog\/wp-content\/uploads\/2020\/06\/image-78.jpeg?w=695 695w, https:\/\/i0.wp.com\/blogdalucianaoliveira.com.br\/blog\/wp-content\/uploads\/2020\/06\/image-78.jpeg?resize=300%2C168 300w, https:\/\/i0.wp.com\/blogdalucianaoliveira.com.br\/blog\/wp-content\/uploads\/2020\/06\/image-78.jpeg?resize=535%2C300 535w\" sizes=\"auto, (max-width: 600px) 100vw, 600px\" \/><\/figure>\n\n\n\n<p><em>Edison Veiga&nbsp;De Bled (Eslov\u00eania) para a BBC News Brasil<\/em> &#8211;  Aconteceu em 26 de janeiro de 1592 em Salvador aquele que \u00e9, por muitos, considerado o mais pungente caso de homofobia da hist\u00f3ria do Brasil: condenada pela Inquisi\u00e7\u00e3o por ter se relacionado com seis mulheres, a portuguesa Felipa de Sousa foi a\u00e7oitada publicamente, teve seus bens confiscados, foi obrigada a comparecer a auto de f\u00e9 descal\u00e7a e com vela acesa na m\u00e3o, incumbiu-se de penit\u00eancias espirituais e ainda precisou pagar as custas processuais.&nbsp;<\/p>\n\n\n\n<!--more-->\n\n\n\n<p>Por fim, acabou sentenciada com o &#8220;degredo para sempre para fora da capitania da Ba\u00eda de Todos os Santos&#8221;, conforme documento de 24 folhas manuscritas frente e verso \u2014 guardado no Arquivo Nacional da Torre do Tombo, em Lisboa, Portugal \u2014, em cuja capa se l\u00ea &#8220;N\u00ba 1267: Processo de Felipa de Sousa crist\u00e3 velha presa no c\u00e1rcere do Sancto Officio&#8221;.<\/p>\n\n\n\n<p>Primeiro padre visitador do Tribunal do Santo Of\u00edcio no Brasil, o portugu\u00eas Heitor Furtado de Mendon\u00e7a atuou no Nordeste brasileiro por quatro anos, de 1591 a 1595, conta o pesquisador Paulo Rezzutti. De acordo com os registros, Mendon\u00e7a recebeu den\u00fancias de 29 mulheres pelo mesmo &#8220;crime&#8221;: os relacionamentos l\u00e9sbicos. Sete acabaram julgadas pela Inquisi\u00e7\u00e3o e punidas. Nenhuma de forma t\u00e3o contundente quando Felipa de Sousa.<\/p>\n\n\n\n<p>&#8220;O caso da Felipa de Sousa \u00e9 ic\u00f4nico porque ele \u00e9 o primeiro registro de relacionamentos l\u00e9sbicos ocorridos no Brasil, j\u00e1 que acabou documentado por meio do Tribunal do Santo Of\u00edcio. \u00c9 simb\u00f3lico&#8221;, diz Rezzutti \u00e0 BBC News Brasil.<\/p>\n\n\n\n<figure class=\"wp-block-image size-large\"><img data-recalc-dims=\"1\" loading=\"lazy\" decoding=\"async\" width=\"600\" height=\"337\" data-attachment-id=\"28982\" data-permalink=\"http:\/\/blogdalucianaoliveira.com.br\/blog\/2020\/06\/28\/quem-foi-felipa-de-sousa-processada-por-lesbianismo-pela-inquisicao-e-hoje-icone-do-movimento-lgbt\/image-79-6\/\" data-orig-file=\"https:\/\/i0.wp.com\/blogdalucianaoliveira.com.br\/blog\/wp-content\/uploads\/2020\/06\/image-79.jpeg?fit=695%2C390\" data-orig-size=\"695,390\" data-comments-opened=\"0\" data-image-meta=\"{&quot;aperture&quot;:&quot;0&quot;,&quot;credit&quot;:&quot;&quot;,&quot;camera&quot;:&quot;&quot;,&quot;caption&quot;:&quot;&quot;,&quot;created_timestamp&quot;:&quot;0&quot;,&quot;copyright&quot;:&quot;&quot;,&quot;focal_length&quot;:&quot;0&quot;,&quot;iso&quot;:&quot;0&quot;,&quot;shutter_speed&quot;:&quot;0&quot;,&quot;title&quot;:&quot;&quot;,&quot;orientation&quot;:&quot;0&quot;}\" data-image-title=\"image-79\" data-image-description=\"\" data-image-caption=\"\" data-medium-file=\"https:\/\/i0.wp.com\/blogdalucianaoliveira.com.br\/blog\/wp-content\/uploads\/2020\/06\/image-79.jpeg?fit=300%2C168\" data-large-file=\"https:\/\/i0.wp.com\/blogdalucianaoliveira.com.br\/blog\/wp-content\/uploads\/2020\/06\/image-79.jpeg?fit=600%2C337\" src=\"https:\/\/i0.wp.com\/blogdalucianaoliveira.com.br\/blog\/wp-content\/uploads\/2020\/06\/image-79.jpeg?resize=600%2C337\" alt=\"\" class=\"wp-image-28982\" srcset=\"https:\/\/i0.wp.com\/blogdalucianaoliveira.com.br\/blog\/wp-content\/uploads\/2020\/06\/image-79.jpeg?w=695 695w, https:\/\/i0.wp.com\/blogdalucianaoliveira.com.br\/blog\/wp-content\/uploads\/2020\/06\/image-79.jpeg?resize=300%2C168 300w, https:\/\/i0.wp.com\/blogdalucianaoliveira.com.br\/blog\/wp-content\/uploads\/2020\/06\/image-79.jpeg?resize=535%2C300 535w\" sizes=\"auto, (max-width: 600px) 100vw, 600px\" \/><figcaption>Mott diz que, fosse na Europa daquela \u00e9poca, o destino de Felipa teria sido a fogueira \u2014 mas na col\u00f4nia, longe dos olhares do Vaticano, as penas podiam ser aliviadas<\/figcaption><\/figure>\n\n\n\n<h2 class=\"wp-block-heading\">O caso 1267<\/h2>\n\n\n\n<p>Em seu livro&nbsp;<em>Mulheres do Brasil: A Hist\u00f3ria N\u00e3o Contada&nbsp;<\/em>, h\u00e1 um cap\u00edtulo dedicado a esse epis\u00f3dio e outras ocorr\u00eancias correlatas. &#8220;Na maior parte dos casos, tudo n\u00e3o passava de experimenta\u00e7\u00f5es sexuais em que as mulheres jovens acabavam por extravasar a sua energia sexual antes do casamento, sem perigo de romper com a sua virgindade, com amigas e escravas. Mas algumas mulheres casadas, ou n\u00e3o, preferiam efetivamente o contato com outras iguais&#8221;, escreve.<\/p>\n\n\n\n<p>Foi numa dessas que o padre inquisidor soube da vida sexual de Felipa. Mulher de um homem influente da capitania, Paula de Siqueira andava comentando sobre rela\u00e7\u00f5es entre duas mulheres para suas amigas e isso teria despertado o interesse do visitador. Ela confessou: estava tendo um caso com Felipa de Sousa. &#8220;Felipa mandou para Paula diversas cartas de teor amoroso, trocaram beijos e afagos lascivos por um ano, at\u00e9 que um dia finalmente houve a consuma\u00e7\u00e3o do ato sexual entre elas&#8221;, diz Rezzutti, em seu livro.<\/p>\n\n\n\n<p>Conforme o processo da Inquisi\u00e7\u00e3o, Felipa tinha 35 anos, era casada com um pedreiro e ganhava a vida como costureira. &#8220;Paula n\u00e3o foi a primeira amante que arrumara&#8221;, conta Rezzutti. &#8220;Na verdade, Felipa n\u00e3o perdia uma oportunidade de seduzir outras mulheres, chegando a confessar ao inquisidor ter tido seis parceiras em oito anos. Heitor Furtado de Mendon\u00e7a julgou-a culpada e condenou-a a receber a\u00e7oites p\u00fablicos.&#8221;<\/p>\n\n\n\n<p>Assim, a costureira portuguesa foi levada at\u00e9 a igreja da S\u00e9, em Salvador, para ouvir sua senten\u00e7a. No tal auto de f\u00e9, ela vestia um camisol\u00e3o comprido de linho cru \u00e1spero. Segurava uma vela nas m\u00e3os. &#8220;Seus pecados foram enumerados publicamente na igreja lotada&#8221;, narra o pesquisador. &#8220;Terminado o ato, foi levada ao Pelourinho, onde foi presa e a\u00e7oitada diante de todos.&#8221;<\/p>\n\n\n\n<p>Depois de seu degredo da capitania, nunca mais se soube not\u00edcias dela.&nbsp;<\/p>\n\n\n\n<p>No livro &#8220;Lesbianismo no Brasil&#8221; o soci\u00f3logo e antrop\u00f3logo Luiz Mott, professor da Universidade Federal da Bahia e fundador da organiza\u00e7\u00e3o n\u00e3o-governamental Grupo Gay da Bahia, d\u00e1 mais detalhes sobre a sorte de Felipa. Ele ressalta que, fosse na Europa daquela \u00e9poca, o destino da mesma teria sido a fogueira \u2014 mas na col\u00f4nia, longe dos olhares do Vaticano, as penas podiam ser aliviadas.\u00a0<br><\/p>\n\n\n\n<figure class=\"wp-block-image size-large\"><img data-recalc-dims=\"1\" loading=\"lazy\" decoding=\"async\" width=\"600\" height=\"337\" data-attachment-id=\"28983\" data-permalink=\"http:\/\/blogdalucianaoliveira.com.br\/blog\/2020\/06\/28\/quem-foi-felipa-de-sousa-processada-por-lesbianismo-pela-inquisicao-e-hoje-icone-do-movimento-lgbt\/image-80-6\/\" data-orig-file=\"https:\/\/i0.wp.com\/blogdalucianaoliveira.com.br\/blog\/wp-content\/uploads\/2020\/06\/image-80.jpeg?fit=695%2C390\" data-orig-size=\"695,390\" data-comments-opened=\"0\" data-image-meta=\"{&quot;aperture&quot;:&quot;0&quot;,&quot;credit&quot;:&quot;&quot;,&quot;camera&quot;:&quot;&quot;,&quot;caption&quot;:&quot;&quot;,&quot;created_timestamp&quot;:&quot;0&quot;,&quot;copyright&quot;:&quot;&quot;,&quot;focal_length&quot;:&quot;0&quot;,&quot;iso&quot;:&quot;0&quot;,&quot;shutter_speed&quot;:&quot;0&quot;,&quot;title&quot;:&quot;&quot;,&quot;orientation&quot;:&quot;0&quot;}\" data-image-title=\"image-80\" data-image-description=\"\" data-image-caption=\"\" data-medium-file=\"https:\/\/i0.wp.com\/blogdalucianaoliveira.com.br\/blog\/wp-content\/uploads\/2020\/06\/image-80.jpeg?fit=300%2C168\" data-large-file=\"https:\/\/i0.wp.com\/blogdalucianaoliveira.com.br\/blog\/wp-content\/uploads\/2020\/06\/image-80.jpeg?fit=600%2C337\" src=\"https:\/\/i0.wp.com\/blogdalucianaoliveira.com.br\/blog\/wp-content\/uploads\/2020\/06\/image-80.jpeg?resize=600%2C337\" alt=\"\" class=\"wp-image-28983\" srcset=\"https:\/\/i0.wp.com\/blogdalucianaoliveira.com.br\/blog\/wp-content\/uploads\/2020\/06\/image-80.jpeg?w=695 695w, https:\/\/i0.wp.com\/blogdalucianaoliveira.com.br\/blog\/wp-content\/uploads\/2020\/06\/image-80.jpeg?resize=300%2C168 300w, https:\/\/i0.wp.com\/blogdalucianaoliveira.com.br\/blog\/wp-content\/uploads\/2020\/06\/image-80.jpeg?resize=535%2C300 535w\" sizes=\"auto, (max-width: 600px) 100vw, 600px\" \/><figcaption>Rikki Nathanson, a \u00faltima a receber o pr\u00eamio Felipa de Sousa<\/figcaption><\/figure>\n\n\n\n<p>De acordo com suas pesquisas, Paula de Siqueira, a denunciante de Felipa de Sousa, afirmou ao inquisidor que vinha h\u00e1 dois anos recebendo &#8220;cartas de amor&#8221; dela, &#8220;com a qual trocara alguns abra\u00e7os e beijos, chegando a ter &#8216;ajuntamento carnal uma com outra, por diante, ajuntando seus vasos naturais, tendo deleita\u00e7\u00e3o'&#8221;.<\/p>\n\n\n\n<p>Paula ainda revelou ao padre que Felipa se portava &#8220;sempre do modo como se ela fora homem, pondo-se em cima&#8221;. E confessou ela ainda que sabia n\u00e3o ter sido a primeira das mulheres seduzidas pela costureira.&nbsp;<\/p>\n\n\n\n<p>Mott detalha ainda outro dos depoimentos acusat\u00f3rios, o feito por Maria Louren\u00e7o, uma mulher casada de 40 anos. &#8220;Disse que, estando na ro\u00e7a, a dita Felipa de Sousa &#8216;se fechou em um quarto e lhe come\u00e7ou a falar muitos requebros e amores e palavras lascivas, melhor ainda do que se fora um rufi\u00e3o com sua amante&#8221;, narra. &#8220;E lhe deu muitos abra\u00e7os e beijos, e enfim a lan\u00e7ou sobre sua cama (\u2026), se deitou sobre ela de bru\u00e7os com as fraldas ambas arrega\u00e7adas e assim com os seus vasos dianteiros ajuntados se estiveram ambas deleitando at\u00e9 que a dita Felipa, que de cima estava, gozou&#8217;.&#8221;<\/p>\n\n\n\n<p>Diante do padre inquisidor, Felipa n\u00e3o titubeou. Assumiu seus relacionamentos. Ao ouvir do padre o nome de suas amantes, enfatizou que &#8220;todas essas comunica\u00e7\u00f5es lhe causavam grande amor e afei\u00e7\u00e3o carnal&#8221;, conforme Mott transcreve dos documentos oficiais.<\/p>\n\n\n\n<p>O antrop\u00f3logo pontua que, condenada, ela foi conduzida descal\u00e7a pelas ruas de Salvador, a\u00e7oitada &#8220;certamente com todos os moradores espiando pelas janelas e sacadas das moradias: que servisse de li\u00e7\u00e3o \u00e0s outras nefandistas pecadoras&#8221;.&nbsp;<\/p>\n\n\n\n<p>&#8220;Como penas espirituais&#8221;, descreve, &#8220;foi obrigada a jejuar a p\u00e3o e \u00e1gua 15 sextas-feiras e nove s\u00e1bados em honra da pureza da Virgem Maria, e a rezar 33 vezes um salmo.&#8221;<\/p>\n\n\n\n<p>Mott escreve ainda que, al\u00e9m &#8220;de vergonha e humilha\u00e7\u00e3o p\u00fablica pelo degredo, Felipa de Sousa teve de pagar as custas do processo&#8221;, em montante equivalente a tr\u00eas meses de trabalho de um oper\u00e1rio bra\u00e7al, conforme pesquisas do autor.<\/p>\n\n\n\n<p>Mott foi o primeiro pesquisador a resgatar a hist\u00f3ria de Felipa de Sousa, nos arquivos da Torre do Tombo, ainda nos anos 1980. &#8220;Descobri Felipa no meio de 60 mil processos da Inquisi\u00e7\u00e3o, arquivados em Lisboa&#8221;, conta ele, \u00e0 BBC News Brasil. &#8220;O processo e a hist\u00f3ria \u00e9 particularmente interessante para o resgate da hist\u00f3ria da comunidade LGBT mundial na medida que \u00e9 muito precoce, muito antes de qualquer documenta\u00e7\u00e3o sobre l\u00e9sbicas na Am\u00e9rica e com tantos detalhes.&#8221;\u00a0<br><\/p>\n\n\n\n<figure class=\"wp-block-image size-large\"><img data-recalc-dims=\"1\" loading=\"lazy\" decoding=\"async\" width=\"600\" height=\"337\" data-attachment-id=\"28984\" data-permalink=\"http:\/\/blogdalucianaoliveira.com.br\/blog\/2020\/06\/28\/quem-foi-felipa-de-sousa-processada-por-lesbianismo-pela-inquisicao-e-hoje-icone-do-movimento-lgbt\/image-81-6\/\" data-orig-file=\"https:\/\/i0.wp.com\/blogdalucianaoliveira.com.br\/blog\/wp-content\/uploads\/2020\/06\/image-81.jpeg?fit=695%2C390\" data-orig-size=\"695,390\" data-comments-opened=\"0\" data-image-meta=\"{&quot;aperture&quot;:&quot;0&quot;,&quot;credit&quot;:&quot;&quot;,&quot;camera&quot;:&quot;&quot;,&quot;caption&quot;:&quot;&quot;,&quot;created_timestamp&quot;:&quot;0&quot;,&quot;copyright&quot;:&quot;&quot;,&quot;focal_length&quot;:&quot;0&quot;,&quot;iso&quot;:&quot;0&quot;,&quot;shutter_speed&quot;:&quot;0&quot;,&quot;title&quot;:&quot;&quot;,&quot;orientation&quot;:&quot;0&quot;}\" data-image-title=\"image-81\" data-image-description=\"\" data-image-caption=\"\" data-medium-file=\"https:\/\/i0.wp.com\/blogdalucianaoliveira.com.br\/blog\/wp-content\/uploads\/2020\/06\/image-81.jpeg?fit=300%2C168\" data-large-file=\"https:\/\/i0.wp.com\/blogdalucianaoliveira.com.br\/blog\/wp-content\/uploads\/2020\/06\/image-81.jpeg?fit=600%2C337\" src=\"https:\/\/i0.wp.com\/blogdalucianaoliveira.com.br\/blog\/wp-content\/uploads\/2020\/06\/image-81.jpeg?resize=600%2C337\" alt=\"\" class=\"wp-image-28984\" srcset=\"https:\/\/i0.wp.com\/blogdalucianaoliveira.com.br\/blog\/wp-content\/uploads\/2020\/06\/image-81.jpeg?w=695 695w, https:\/\/i0.wp.com\/blogdalucianaoliveira.com.br\/blog\/wp-content\/uploads\/2020\/06\/image-81.jpeg?resize=300%2C168 300w, https:\/\/i0.wp.com\/blogdalucianaoliveira.com.br\/blog\/wp-content\/uploads\/2020\/06\/image-81.jpeg?resize=535%2C300 535w\" sizes=\"auto, (max-width: 600px) 100vw, 600px\" \/><\/figure>\n\n\n\n<h2 class=\"wp-block-heading\">Legado<\/h2>\n\n\n\n<p>Uma vez descoberta a hist\u00f3ria, Felipa de Sousa acabou se tornando um \u00edcone do movimento LGBT \u2014 cujo Dia do Orgulho \u00e9 celebrado em 28 de junho. E n\u00e3o apenas em n\u00edvel brasileiro, mas sim de forma mundial.<\/p>\n\n\n\n<p>Desde 1994, seu nome \u00e9 emprestado a um pr\u00eamio mundial, concedido pela organiza\u00e7\u00e3o OutRight Action International, a Comiss\u00e3o Internacional de Direitos Humanos de Gays e L\u00e9sbicas, em reconhecimento \u00e0 coragem daqueles que lutam pelos direitos dos homossexuais, bissexuais e transg\u00eaneros em todo o mundo. Luiz Mott foi agraciado com o pr\u00eamio em 1995. Na \u00faltima edi\u00e7\u00e3o realizada, em 2019, a premiada foi a ativista trans Rikki Nathanson, do Zimb\u00e1bue.&nbsp;<\/p>\n\n\n\n<p>Em nota enviada \u00e0 BBC News Brasil, a porta-voz da organiza\u00e7\u00e3o, Daina Rudu\u0161a, afirma que Felipa de Sousa foi escolhida para nomear o pr\u00eamio em virtude de sua coragem. &#8220;Ela era uma mulher que foi perseguida e sofreu brutalidades depois de declarar, orgulhosamente, sua intimidade com uma mulher&#8221;, diz Rudu\u0161a.<\/p>\n\n\n\n<p>No Rio de Janeiro, uma organiza\u00e7\u00e3o pelos direitos l\u00e9sbicos, focado principalmente na quest\u00e3o das mulheres negras, se chama Grupo de Mulheres Felipa de Sousa. A entidade existe desde 2001. &#8220;Recebeu este nome por conta de Felipa ter sido o primeiro caso de lesbofobia de que se tem not\u00edcias no Brasil&#8221;, explica \u00e0 BBC News Brasil a diretora da organiza\u00e7\u00e3o, Rosangela Castro.<\/p>\n\n\n\n<p>Para o pesquisador Rezzutti, o caso de Felipa \u00e9 um lembrete de que &#8220;o preconceito \u00e9 uma quest\u00e3o muito antiga na hist\u00f3ria do Brasil&#8221;. &#8220;Felipa foi demonizada por suas pr\u00e1ticas sexuais, pela Igreja Cat\u00f3lica daquela \u00e9poca. Mas hoje muitas religi\u00f5es ainda praticam essa demoniza\u00e7\u00e3o, tentando promover uma &#8216;cura&#8217; para essas pessoas. Isso \u00e9 uma bobagem. Isso \u00e9 preconceito arraigado&#8221;, comenta ele.<\/p>\n\n\n\n<p>Mott ressalta que &#8220;a hist\u00f3ria das l\u00e9sbicas \u00e9 muito menos documentada do que a dos sodomitas masculinos&#8221;. &#8220;Por isso, a vida dela \u00e9 uma pedra preciosa para o resgate da hist\u00f3ria clandestina dos amores femininos&#8221;, pontua.&nbsp;<\/p>\n\n\n\n<p>&#8220;Felipa foi modelo de mulher corajosa&#8221;, acrescenta ele. &#8220;Ela teve todo um hist\u00f3rico de afirma\u00e7\u00e3o de sua homossexualidade, namorando e conquistando outras mulheres, escrevendo bilhetes, etc. E fez isso na capital da col\u00f4nia, ent\u00e3o um pequeno povoado em que as fofocas, as intrigas e os fuxicos eram muito fortes. As pessoas tinham muito medo da desonra. E ser afamada de namorar outras mulheres era um problema ser\u00edssimo de conviv\u00eancia social.&#8221;<\/p>\n\n\n\n<p>Mott reservou um verbete a Felipa de Sousa em seu&nbsp;<em>Dicion\u00e1rio Biogr\u00e1fico dos Homossexuais da Bahia (S\u00e9culos XVI-XIX&nbsp;<\/em>). Nele, define a costureira como &#8220;a mais ousada, persistente e castigada de todas as l\u00e9sbicas das col\u00f4nias da Am\u00e9rica, raz\u00e3o pela qual seu nome foi atribu\u00eddo ao principal pr\u00eamio internacional de direitos humanos dos homossexuais&#8221;.<\/p>\n","protected":false},"excerpt":{"rendered":"<p>Edison Veiga&nbsp;De Bled (Eslov\u00eania) para a BBC News Brasil &#8211; Aconteceu em 26 de janeiro de 1592 em Salvador aquele que \u00e9, por muitos, considerado o mais pungente caso de homofobia da hist\u00f3ria do Brasil: condenada pela Inquisi\u00e7\u00e3o por ter se relacionado com seis mulheres, a portuguesa Felipa de Sousa foi a\u00e7oitada publicamente, teve seus&#8230;<a class=\"more-link\" href=\"http:\/\/blogdalucianaoliveira.com.br\/blog\/2020\/06\/28\/quem-foi-felipa-de-sousa-processada-por-lesbianismo-pela-inquisicao-e-hoje-icone-do-movimento-lgbt\/\">Continue a leitura <span class=\"meta-nav\">&raquo;<\/span><\/a><\/p>\n","protected":false},"author":1,"featured_media":0,"comment_status":"closed","ping_status":"open","sticky":false,"template":"","format":"standard","meta":{"_exactmetrics_skip_tracking":false,"_exactmetrics_sitenote_active":false,"_exactmetrics_sitenote_note":"","_exactmetrics_sitenote_category":0,"jetpack_post_was_ever_published":false,"_jetpack_newsletter_access":"","_jetpack_dont_email_post_to_subs":false,"_jetpack_newsletter_tier_id":0,"_jetpack_memberships_contains_paywalled_content":false,"_jetpack_memberships_contains_paid_content":false,"footnotes":"","jetpack_publicize_message":"","jetpack_publicize_feature_enabled":true,"jetpack_social_post_already_shared":true,"jetpack_social_options":{"image_generator_settings":{"template":"highway","enabled":false},"version":2}},"categories":[1],"tags":[],"class_list":["post-28979","post","type-post","status-publish","format-standard","hentry","category-notas"],"jetpack_publicize_connections":[],"jetpack_sharing_enabled":true,"jetpack_featured_media_url":"","jetpack_shortlink":"https:\/\/wp.me\/p7wKYW-7xp","jetpack-related-posts":[],"_links":{"self":[{"href":"http:\/\/blogdalucianaoliveira.com.br\/blog\/wp-json\/wp\/v2\/posts\/28979","targetHints":{"allow":["GET"]}}],"collection":[{"href":"http:\/\/blogdalucianaoliveira.com.br\/blog\/wp-json\/wp\/v2\/posts"}],"about":[{"href":"http:\/\/blogdalucianaoliveira.com.br\/blog\/wp-json\/wp\/v2\/types\/post"}],"author":[{"embeddable":true,"href":"http:\/\/blogdalucianaoliveira.com.br\/blog\/wp-json\/wp\/v2\/users\/1"}],"replies":[{"embeddable":true,"href":"http:\/\/blogdalucianaoliveira.com.br\/blog\/wp-json\/wp\/v2\/comments?post=28979"}],"version-history":[{"count":2,"href":"http:\/\/blogdalucianaoliveira.com.br\/blog\/wp-json\/wp\/v2\/posts\/28979\/revisions"}],"predecessor-version":[{"id":28985,"href":"http:\/\/blogdalucianaoliveira.com.br\/blog\/wp-json\/wp\/v2\/posts\/28979\/revisions\/28985"}],"wp:attachment":[{"href":"http:\/\/blogdalucianaoliveira.com.br\/blog\/wp-json\/wp\/v2\/media?parent=28979"}],"wp:term":[{"taxonomy":"category","embeddable":true,"href":"http:\/\/blogdalucianaoliveira.com.br\/blog\/wp-json\/wp\/v2\/categories?post=28979"},{"taxonomy":"post_tag","embeddable":true,"href":"http:\/\/blogdalucianaoliveira.com.br\/blog\/wp-json\/wp\/v2\/tags?post=28979"}],"curies":[{"name":"wp","href":"https:\/\/api.w.org\/{rel}","templated":true}]}}