{"id":28986,"date":"2020-06-28T12:08:42","date_gmt":"2020-06-28T16:08:42","guid":{"rendered":"http:\/\/blogdalucianaoliveira.com.br\/blog\/?p=28986"},"modified":"2020-06-28T12:08:51","modified_gmt":"2020-06-28T16:08:51","slug":"paradas-virtuais-celebram-dia-do-orgulho-lgbti-no-brasil-e-no-mundo","status":"publish","type":"post","link":"http:\/\/blogdalucianaoliveira.com.br\/blog\/2020\/06\/28\/paradas-virtuais-celebram-dia-do-orgulho-lgbti-no-brasil-e-no-mundo\/","title":{"rendered":"Paradas virtuais celebram Dia do Orgulho LGBTI no Brasil e no mundo"},"content":{"rendered":"\n<figure class=\"wp-block-image size-large\"><img data-recalc-dims=\"1\" loading=\"lazy\" decoding=\"async\" width=\"600\" height=\"401\" data-attachment-id=\"28987\" data-permalink=\"http:\/\/blogdalucianaoliveira.com.br\/blog\/2020\/06\/28\/paradas-virtuais-celebram-dia-do-orgulho-lgbti-no-brasil-e-no-mundo\/e5930fb0-aa70-4280-b66d-508f87db5edb\/\" data-orig-file=\"https:\/\/i0.wp.com\/blogdalucianaoliveira.com.br\/blog\/wp-content\/uploads\/2020\/06\/E5930FB0-AA70-4280-B66D-508F87DB5EDB.jpeg?fit=639%2C427\" data-orig-size=\"639,427\" data-comments-opened=\"0\" data-image-meta=\"{&quot;aperture&quot;:&quot;0&quot;,&quot;credit&quot;:&quot;&quot;,&quot;camera&quot;:&quot;&quot;,&quot;caption&quot;:&quot;&quot;,&quot;created_timestamp&quot;:&quot;0&quot;,&quot;copyright&quot;:&quot;&quot;,&quot;focal_length&quot;:&quot;0&quot;,&quot;iso&quot;:&quot;0&quot;,&quot;shutter_speed&quot;:&quot;0&quot;,&quot;title&quot;:&quot;&quot;,&quot;orientation&quot;:&quot;1&quot;}\" data-image-title=\"E5930FB0-AA70-4280-B66D-508F87DB5EDB\" data-image-description=\"\" data-image-caption=\"\" data-medium-file=\"https:\/\/i0.wp.com\/blogdalucianaoliveira.com.br\/blog\/wp-content\/uploads\/2020\/06\/E5930FB0-AA70-4280-B66D-508F87DB5EDB.jpeg?fit=300%2C200\" data-large-file=\"https:\/\/i0.wp.com\/blogdalucianaoliveira.com.br\/blog\/wp-content\/uploads\/2020\/06\/E5930FB0-AA70-4280-B66D-508F87DB5EDB.jpeg?fit=600%2C401\" src=\"https:\/\/i0.wp.com\/blogdalucianaoliveira.com.br\/blog\/wp-content\/uploads\/2020\/06\/E5930FB0-AA70-4280-B66D-508F87DB5EDB.jpeg?resize=600%2C401\" alt=\"\" class=\"wp-image-28987\" srcset=\"https:\/\/i0.wp.com\/blogdalucianaoliveira.com.br\/blog\/wp-content\/uploads\/2020\/06\/E5930FB0-AA70-4280-B66D-508F87DB5EDB.jpeg?w=639 639w, https:\/\/i0.wp.com\/blogdalucianaoliveira.com.br\/blog\/wp-content\/uploads\/2020\/06\/E5930FB0-AA70-4280-B66D-508F87DB5EDB.jpeg?resize=300%2C200 300w, https:\/\/i0.wp.com\/blogdalucianaoliveira.com.br\/blog\/wp-content\/uploads\/2020\/06\/E5930FB0-AA70-4280-B66D-508F87DB5EDB.jpeg?resize=449%2C300 449w\" sizes=\"auto, (max-width: 600px) 100vw, 600px\" \/><\/figure>\n\n\n\n<h3 class=\"wp-block-heading\">Movimento organizado por 30 associa\u00e7\u00f5es come\u00e7a \u00e0s 14h<\/h3>\n\n\n\n<!--more-->\n\n\n\n<p>Por&nbsp;Vin\u00edcius Lisboa &#8211; rep\u00f3rter da Ag\u00eancia Brasil&nbsp;Rio de Janeiro<\/p>\n\n\n\n<p>Mais de 50 anos depois que a Revolta de Stonewall tomou ruas de Nova York pedindo o fim da viol\u00eancia policial contra LGBTIs (l\u00e9sbicas, gays, bissexuais, transexuais, travestis e intersexuais), a celebra\u00e7\u00e3o do Dia do Orgulho LGBTI, comemorado hoje (28), ocupar\u00e1 as redes sociais para manter o distanciamento social em meio \u00e0 pandemia de covid-19. No Brasil, mais de 30 associa\u00e7\u00f5es e entidades que reivindicam o respeito \u00e0 diversidade sexual e de g\u00eanero promover\u00e3o, a partir das 14h, o Festival de Cultura e Parada Online do Orgulho LGBTI Brasil, que poder\u00e1 ser&nbsp;<a href=\"https:\/\/www.facebook.com\/AliancaLGBTI\/\" target=\"_blank\" rel=\"noreferrer noopener\">acompanhado nas redes sociais<\/a>.&nbsp;<\/p>\n\n\n\n<p>Ser\u00e3o 10 horas de programa\u00e7\u00e3o, com apresenta\u00e7\u00f5es de artistas, depoimentos de pessoas LGBTI e mensagens de apoio de personalidades como o ministro Lu\u00eds Roberto Barroso, do Supremo Tribunal Federal (STF).<\/p>\n\n\n\n<p>A solu\u00e7\u00e3o virtual para celebrar a liberdade e as conquistas das pessoas LGBTI sem propagar o novo coronav\u00edrus foi adotada em algumas das principais paradas do mundo. Em S\u00e3o Francisco, nos Estados Unidos, o festival San Francisco Pride comemora desde ontem (27) seus 50 anos tamb\u00e9m pela internet, com apresenta\u00e7\u00f5es transmitidas ao longo de todo o fim de semana. Em Berlim, na Alemanha, a celebra\u00e7\u00e3o ocorreu no dia 25, tamb\u00e9m pela internet. J\u00e1 em Barcelona, na Espanha, e na Cidade do M\u00e9xico, a data escolhida foi ontem. Toronto e Nova York est\u00e3o entre as cidades que tamb\u00e9m far\u00e3o celebra\u00e7\u00f5es virtuais neste domingo.<\/p>\n\n\n\n<p>A vice-presidente do Grupo Arco-\u00cdris, Marcelle Esteves, conta que a parada brasileira ter\u00e1 abrang\u00eancia nacional, com participa\u00e7\u00e3o de artistas e convidados das cinco regi\u00f5es do Brasil ao longo de suas 10 horas de dura\u00e7\u00e3o. O Grupo Arco-\u00cdris \u00e9 o organizador da Parada LGBTI de Copacabana e trabalha na articula\u00e7\u00e3o da parada virtual com a Alian\u00e7a Nacional LGBTI+ e a Uni\u00e3o Nacional LGBTI.&nbsp;<\/p>\n\n\n\n<p>Marcelle adianta que a parada vai falar para um p\u00fablico amplo, buscando alcan\u00e7ar n\u00e3o apenas quem costuma frequentar os atos, mas tamb\u00e9m suas fam\u00edlias e quaisquer pessoas que cheguem ao festival pelas redes sociais. Outra inten\u00e7\u00e3o \u00e9 revigorar o \u00e2nimo dos LGBTIs que podem estar sofrendo preconceito e viol\u00eancia dentro de suas casas.<\/p>\n\n\n\n<p>&#8220;Nesse momento em que a popula\u00e7\u00e3o LGBT muitas vezes est\u00e1 isolada em casa com seus algozes, contaremos hist\u00f3rias de orgulho. Vai ter essa catarse para essa popula\u00e7\u00e3o que a gente n\u00e3o pode esquecer&#8221;, conta Marcelle. &#8220;Ser\u00e1 a possibilidade de essas pessoas n\u00e3o se verem totalmente sozinhas, se perceberem acolhidas mesmo \u00e0 dist\u00e2ncia e poderem recuperar o f\u00f4lego&#8221;.<\/p>\n\n\n\n<p>Marcelle ser\u00e1 uma das apresentadoras da parada, ao lado do coordenador-executivo do Grupo Arco-\u00cdris, Claudio Nascimento, e da coordenadora de pessoas trans da Alian\u00e7a Nacional LGBTI, Alessandra Ramos. A escolha de tr\u00eas pessoas LGBTIs negras para conduzir a parada traz para o movimento a luta antirracista que est\u00e1 em ebuli\u00e7\u00e3o ao redor do mundo.<\/p>\n\n\n\n<p>&#8220;A gente n\u00e3o poderia jamais ficar de fora dessa luta. N\u00e3o tem como fazer uma parada do orgulho LGBTI e n\u00e3o dizer que vidas negras LGBTI importam&#8221;, afirma Marcelle. &#8220;Teremos os rostos pretos o tempo inteiro, o que desmistifica um pouco aquela imagem do gay branco e sarado. Isso \u00e9 importante porque mesmo dentro da comunidade LGBTI existe racismo&#8221;.<\/p>\n\n\n\n<p>A parada contar\u00e1 com artistas LGBTIs hist\u00f3ricos, como Jane Di Castro, Lorna Washington e Suzy Brasil. A programa\u00e7\u00e3o tamb\u00e9m ter\u00e1 diversidade regional, com atra\u00e7\u00f5es como o Boi Garantido do Festival Folcl\u00f3rico de Parintins.<\/p>\n\n\n\n<p>A Parada LGBTI Brasil ser\u00e1 a segunda parada virtual celebrada no Brasil no m\u00eas do orgulho LGBTI. No dia 14 de junho, a Associa\u00e7\u00e3o da Parada LGBT de S\u00e3o Paulo&nbsp;<a href=\"https:\/\/agenciabrasil.ebc.com.br\/geral\/noticia\/2020-06\/em-funcao-da-covid-19-sp-tem-1a-parada-virtual-do-orgulho-lgbtqia\" target=\"_blank\" rel=\"noreferrer noopener\">promoveu seu ato&nbsp;<em>online<\/em>&nbsp;no mesmo<\/a>&nbsp;dia em que estava marcada a tradicional parada da Avenida Paulista. Vice-presidente da associa\u00e7\u00e3o, Renato Viterbo conta que o n\u00famero de visualiza\u00e7\u00f5es da transmiss\u00e3o chegou a 11 milh\u00f5es. &#8220;Foi uma a\u00e7\u00e3o para n\u00e3o deixar a data sem nenhuma atividade, e um meio de levar \u00e0 nossa comunidade um alento diante de tudo que est\u00e1 acontecendo&#8221;, afirma ele.<\/p>\n\n\n\n<p>Apesar da edi\u00e7\u00e3o virtual, a parada LGBTI de S\u00e3o Paulo ainda pode ter uma vers\u00e3o f\u00edsica, que, por enquanto, est\u00e1 prevista para novembro. Entretanto, as chances de isso se concretizar ainda dependem da conten\u00e7\u00e3o da pandemia.<\/p>\n\n\n\n<p>&#8220;A gente sabe que talvez isso n\u00e3o seja poss\u00edvel&#8221;, reconheceu Renato. &#8220;Mas a parada virtual cumpriu o seu papel como institui\u00e7\u00e3o LGBT e movimento de direitos humanos&#8221;.<\/p>\n\n\n\n<h2 class=\"wp-block-heading\">1 ano da criminaliza\u00e7\u00e3o<\/h2>\n\n\n\n<p>O Dia do Orgulho LGBT \u00e9 celebrado no anivers\u00e1rio da Revolta de Stonewall, quando pessoas LGBTI enfrentaram a pol\u00edcia de Nova York por causa da constante repress\u00e3o em locais que frequentavam, como o bar Stonewall Inn. 51 anos depois do epis\u00f3dio, considerado marco da luta por direitos humanos ao redor do mundo, os LGBTIs brasileiros comemoraram neste m\u00eas um ano da criminaliza\u00e7\u00e3o da LGBTIfobia, equiparada ao crime de racismo pelo Supremo Tribunal Federal (STF), em 13 de junho de 2019. Presidente do Grupo pela Vidda e integrante da Associa\u00e7\u00e3o Nacional de Travestis e Transexuais (Antra), Maria Eduarda Aguiar foi uma das advogadas que defendeu a criminaliza\u00e7\u00e3o diante da Suprema Corte.<\/p>\n\n\n\n<p>&#8220;Foi um orgulho poder estar l\u00e1. Tanto para mim quanto para outras travestis e transexuais, que puderam ver uma pessoa como elas em um espa\u00e7o como aquele, defendendo a vida das pessoas LGBT. Vou guardar esse momento para sempre&#8221;, recorda a advogada transexual, que fez a sustenta\u00e7\u00e3o como amicus curiae, representando a Antra. &#8220;Muitas pessoas me falaram que gostariam de ter falado aquilo e nunca tiveram chance. As pessoas se sentiram um pouco parte daquilo&#8221;.<\/p>\n\n\n\n<p>Maria Eduarda foi a segunda mulher trans a participar como advogada de uma audi\u00eancia em toda a hist\u00f3ria do STF. Antes dela, Gisele Alessandra Schmidt e Silva fez uma sustenta\u00e7\u00e3o oral no processo que reconheceu o direito de transexuais de mudarem seu registro civil para adequ\u00e1-lo \u00e0 sua identidade de g\u00eanero, em 2017.<\/p>\n\n\n\n<p>Apesar da criminaliza\u00e7\u00e3o, a presidente do Grupo pela Vidda afirma que a popula\u00e7\u00e3o LGBTI enfrenta com frequ\u00eancia dificuldades para fazer valer o que decidiu o STF. Os problemas v\u00e3o desde interpreta\u00e7\u00f5es divergentes em tribunais de primeira inst\u00e2ncia at\u00e9 falta de atualiza\u00e7\u00e3o nos sistemas de inform\u00e1tica de delegacias de pol\u00edcia para que o crime seja registrado, relata Maria Eduarda.<\/p>\n\n\n\n<p>&#8220;\u00c9 preciso lutar pela implementa\u00e7\u00e3o e para que isso passe a vigorar de verdade, no mundo real. Para que o policial possa ouvir a den\u00fancia e imediatamente registrar&#8221;, defende ela, que pede o fortalecimento de delegacias especializadas no combate \u00e0 intoler\u00e2ncia e o combate a crimes de \u00f3dio no ambiente virtual. &#8220;A maioria da popula\u00e7\u00e3o tem o m\u00ednimo de empatia, e a gente consegue acessar com um bom di\u00e1logo, desde que a gente consiga trabalhar para al\u00e9m dos muros da milit\u00e2ncia, falando com as comunidades. Isso \u00e9 poss\u00edvel, desde que a gente consiga combater as fake news. As pessoas recebem muita informa\u00e7\u00e3o falsa sobre o que \u00e9 a causa LGBT&#8221;.&nbsp;<\/p>\n","protected":false},"excerpt":{"rendered":"<p>Movimento organizado por 30 associa\u00e7\u00f5es come\u00e7a \u00e0s 14h<\/p>\n","protected":false},"author":1,"featured_media":0,"comment_status":"closed","ping_status":"open","sticky":false,"template":"","format":"standard","meta":{"_exactmetrics_skip_tracking":false,"_exactmetrics_sitenote_active":false,"_exactmetrics_sitenote_note":"","_exactmetrics_sitenote_category":0,"jetpack_post_was_ever_published":false,"_jetpack_newsletter_access":"","_jetpack_dont_email_post_to_subs":false,"_jetpack_newsletter_tier_id":0,"_jetpack_memberships_contains_paywalled_content":false,"_jetpack_memberships_contains_paid_content":false,"footnotes":"","jetpack_publicize_message":"","jetpack_publicize_feature_enabled":true,"jetpack_social_post_already_shared":true,"jetpack_social_options":{"image_generator_settings":{"template":"highway","enabled":false},"version":2}},"categories":[1],"tags":[],"class_list":["post-28986","post","type-post","status-publish","format-standard","hentry","category-notas"],"jetpack_publicize_connections":[],"jetpack_sharing_enabled":true,"jetpack_featured_media_url":"","jetpack_shortlink":"https:\/\/wp.me\/p7wKYW-7xw","jetpack-related-posts":[],"_links":{"self":[{"href":"http:\/\/blogdalucianaoliveira.com.br\/blog\/wp-json\/wp\/v2\/posts\/28986","targetHints":{"allow":["GET"]}}],"collection":[{"href":"http:\/\/blogdalucianaoliveira.com.br\/blog\/wp-json\/wp\/v2\/posts"}],"about":[{"href":"http:\/\/blogdalucianaoliveira.com.br\/blog\/wp-json\/wp\/v2\/types\/post"}],"author":[{"embeddable":true,"href":"http:\/\/blogdalucianaoliveira.com.br\/blog\/wp-json\/wp\/v2\/users\/1"}],"replies":[{"embeddable":true,"href":"http:\/\/blogdalucianaoliveira.com.br\/blog\/wp-json\/wp\/v2\/comments?post=28986"}],"version-history":[{"count":1,"href":"http:\/\/blogdalucianaoliveira.com.br\/blog\/wp-json\/wp\/v2\/posts\/28986\/revisions"}],"predecessor-version":[{"id":28988,"href":"http:\/\/blogdalucianaoliveira.com.br\/blog\/wp-json\/wp\/v2\/posts\/28986\/revisions\/28988"}],"wp:attachment":[{"href":"http:\/\/blogdalucianaoliveira.com.br\/blog\/wp-json\/wp\/v2\/media?parent=28986"}],"wp:term":[{"taxonomy":"category","embeddable":true,"href":"http:\/\/blogdalucianaoliveira.com.br\/blog\/wp-json\/wp\/v2\/categories?post=28986"},{"taxonomy":"post_tag","embeddable":true,"href":"http:\/\/blogdalucianaoliveira.com.br\/blog\/wp-json\/wp\/v2\/tags?post=28986"}],"curies":[{"name":"wp","href":"https:\/\/api.w.org\/{rel}","templated":true}]}}